{"id":21445,"date":"2024-02-08T19:15:36","date_gmt":"2024-02-08T16:15:36","guid":{"rendered":"https:\/\/marmarayerelhizmet.com\/?p=21445"},"modified":"2024-02-08T19:15:36","modified_gmt":"2024-02-08T16:15:36","slug":"kuresel-isinma-1-5-dereceyi-asti","status":"publish","type":"post","link":"https:\/\/marmarayerelhizmet.com\/index.php\/2024\/02\/08\/kuresel-isinma-1-5-dereceyi-asti\/","title":{"rendered":"K\u00fcresel Is\u0131nma 1.5 Dereceyi A\u015ft\u0131"},"content":{"rendered":"<p><strong><span style=\"font-family: arial, helvetica, sans-serif; font-size: 14px;\">Ge\u00e7ti\u011fimiz 2023 y\u0131l\u0131 boyunca ortalama hava s\u0131cakl\u0131\u011f\u0131 1.5 derecenin \u00fczerinde seyretti. B\u00f6ylece k\u00fcresel \u0131s\u0131nma, ilk kez 1 y\u0131l boyunca 1.5 dereceyi a\u015ft\u0131.<br \/>\n<\/span><\/strong><br \/>\n<span style=\"font-family: arial, helvetica, sans-serif; font-size: 14px;\">Avrupa Birli\u011fi \u0130klim Servisi&#8217;nden yap\u0131lan a\u00e7\u0131klamaya g\u00f6re D\u00fcnya, 2023\u2019te ilk kez b\u00fct\u00fcn bir y\u0131l\u0131 ortalaman\u0131n 1.5 derece \u00fcst\u00fcnde s\u0131cakl\u0131kla ge\u00e7irdi. \u015eubat 2023&#8217;ten Ocak 2024&#8217;e kadar olan d\u00f6nemde 1.52 derecelik \u0131s\u0131nma ger\u00e7ekle\u015fti. B\u00f6ylece ortalama s\u0131cakl\u0131k, 2015 imzalanan Paris \u0130klim Anla\u015fmas\u0131yla alt\u0131nda tutulmas\u0131 hedeflenen seviyenin (1.5) ilk kez \u00fczerine \u00e7\u0131kt\u0131. 2023, ortalama hava s\u0131cakl\u0131\u011f\u0131n\u0131n t\u00fcm y\u0131l boyunca 2015\u2019te koyulan hedefin \u00fczerinde seyretti\u011fi ilk y\u0131l olarak kay\u0131tlara ge\u00e7ti.<\/span><\/p>\n<p><strong><span style=\"font-family: arial, helvetica, sans-serif; font-size: 14px;\">Ba\u015fl\u0131ca neden fosil yak\u0131tlar<\/span><\/strong><br \/>\n<span style=\"font-family: arial, helvetica, sans-serif; font-size: 14px;\">K\u00fcresel \u0131s\u0131nma art\u0131\u015f\u0131n\u0131n en temel nedenlerinden birinin fosil yak\u0131t kullan\u0131m\u0131 oldu\u011fu belirtildi. Ayr\u0131ca Pasifik Okyanusu&#8217;nda meydana gelen ve \u201cEl Nino\u201d olarak bilinen hava olay\u0131n\u0131n da s\u0131cakl\u0131k art\u0131\u015f\u0131na yol a\u00e7t\u0131\u011f\u0131 ifade edildi.<\/span><br \/>\n<span style=\"font-family: arial, helvetica, sans-serif; font-size: 14px;\">Ancak bilim insanlar\u0131, k\u00fcresel s\u0131cakl\u0131k art\u0131\u015f\u0131n\u0131n hala 1.5 derecenin alt\u0131na d\u00fc\u015f\u00fcr\u00fclmesinin m\u00fcmk\u00fcn oldu\u011funu belirtiyor.<\/span><\/p>\n","protected":false},"excerpt":{"rendered":"<p>Ge\u00e7ti\u011fimiz 2023 y\u0131l\u0131 boyunca ortalama hava s\u0131cakl\u0131\u011f\u0131 1.5 derecenin \u00fczerinde seyretti. B\u00f6ylece k\u00fcresel \u0131s\u0131nma, ilk kez 1 y\u0131l boyunca 1.5<\/p>\n","protected":false},"author":3,"featured_media":21446,"comment_status":"open","ping_status":"open","sticky":false,"template":"","format":"standard","meta":{"colormag_page_container_layout":"default_layout","colormag_page_sidebar_layout":"default_layout","footnotes":""},"categories":[1,5],"tags":[],"class_list":["post-21445","post","type-post","status-publish","format-standard","has-post-thumbnail","hentry","category-genel","category-gundem"],"_links":{"self":[{"href":"https:\/\/marmarayerelhizmet.com\/index.php\/wp-json\/wp\/v2\/posts\/21445","targetHints":{"allow":["GET"]}}],"collection":[{"href":"https:\/\/marmarayerelhizmet.com\/index.php\/wp-json\/wp\/v2\/posts"}],"about":[{"href":"https:\/\/marmarayerelhizmet.com\/index.php\/wp-json\/wp\/v2\/types\/post"}],"author":[{"embeddable":true,"href":"https:\/\/marmarayerelhizmet.com\/index.php\/wp-json\/wp\/v2\/users\/3"}],"replies":[{"embeddable":true,"href":"https:\/\/marmarayerelhizmet.com\/index.php\/wp-json\/wp\/v2\/comments?post=21445"}],"version-history":[{"count":0,"href":"https:\/\/marmarayerelhizmet.com\/index.php\/wp-json\/wp\/v2\/posts\/21445\/revisions"}],"wp:featuredmedia":[{"embeddable":true,"href":"https:\/\/marmarayerelhizmet.com\/index.php\/wp-json\/wp\/v2\/media\/21446"}],"wp:attachment":[{"href":"https:\/\/marmarayerelhizmet.com\/index.php\/wp-json\/wp\/v2\/media?parent=21445"}],"wp:term":[{"taxonomy":"category","embeddable":true,"href":"https:\/\/marmarayerelhizmet.com\/index.php\/wp-json\/wp\/v2\/categories?post=21445"},{"taxonomy":"post_tag","embeddable":true,"href":"https:\/\/marmarayerelhizmet.com\/index.php\/wp-json\/wp\/v2\/tags?post=21445"}],"curies":[{"name":"wp","href":"https:\/\/api.w.org\/{rel}","templated":true}]}}