{"id":21426,"date":"2024-02-08T15:03:10","date_gmt":"2024-02-08T12:03:10","guid":{"rendered":"https:\/\/marmarayerelhizmet.com\/?p=21426"},"modified":"2024-02-08T15:03:10","modified_gmt":"2024-02-08T12:03:10","slug":"yil-sonu-enflasyon-tahmini-sabit-kaldi","status":"publish","type":"post","link":"https:\/\/marmarayerelhizmet.com\/index.php\/2024\/02\/08\/yil-sonu-enflasyon-tahmini-sabit-kaldi\/","title":{"rendered":"Y\u0131l Sonu Enflasyon Tahmini Sabit Kald\u0131"},"content":{"rendered":"<p><strong><span style=\"font-family: arial, helvetica, sans-serif; font-size: 14px;\">T\u00fcrkiye Cumhuriyet Merkez Bankas\u0131 (TCMB) Ba\u015fkan\u0131 Fatih Karahan, 2024, 2025 ve 2026 y\u0131l sonu enflasyon tahminleri bir \u00f6nceki rapordaki haliyle sabit kald\u0131\u011f\u0131n\u0131 belirterek, \u201cEnflasyon, hedefimizle uyumlu seviyelere gerileyene kadar, gereken parasal s\u0131k\u0131l\u0131\u011f\u0131 korumakta kararl\u0131y\u0131z. Enflasyon g\u00f6r\u00fcn\u00fcm\u00fcnde herhangi bir bozulmaya kesinlikle izin vermeyece\u011fiz\u201d dedi.<br \/>\n<\/span><\/strong><br \/>\n<span style=\"font-family: arial, helvetica, sans-serif; font-size: 14px;\">T\u00fcrkiye Cumhuriyet Merkez Bankas\u0131 (TCMB) Ba\u015fkan\u0131 Fatih Karahan, TCMB \u0130dare Merkezinde d\u00fczenlenen Enflasyon Raporu Bilgilendirme Toplant\u0131s\u0131nda, enflasyonun durumunu, enflasyona ili\u015fkin \u00f6ng\u00f6r\u00fclerini, k\u00fcresel ekonomik ve enflasyona dair geli\u015fmeleri, para politikas\u0131 stratejilerini ve ald\u0131klar\u0131 kararlar\u0131n finansal piyasalardaki etkilerini payla\u015farak orta vadeli enflasyon tahminlerini ve ilerleyen d\u00f6nemlere ili\u015fkin de\u011ferlendirmeleri ele ald\u0131\u011f\u0131 bir sunum yapt\u0131.<br \/>\n<\/span><br \/>\n<strong><span style=\"font-family: arial, helvetica, sans-serif; font-size: 14px;\">\u201cHem reel hem de finansal g\u00f6stergeler para politikam\u0131z\u0131n do\u011fru yolda oldu\u011funu g\u00f6steriyor\u201d<\/span><\/strong><br \/>\n<span style=\"font-family: arial, helvetica, sans-serif; font-size: 14px;\">TCMB Ba\u015fkan\u0131 Karahan, burada yapt\u0131\u011f\u0131 konu\u015fmada, Merkez Bankas\u0131\u2019n\u0131n g\u00f6revinin fiyat istikrar\u0131n\u0131 sa\u011flamak ve s\u00fcrd\u00fcrmek oldu\u011funu ve bu ama\u00e7la, 2023 y\u0131l\u0131 haziran ay\u0131nda parasal s\u0131k\u0131la\u015ft\u0131rma s\u00fcrecini ba\u015flatt\u0131klar\u0131n\u0131 hat\u0131rlatarak, \u201cBu s\u00fcre\u00e7te, politika faizini y\u00fczde 8,5\u2019den y\u00fczde 45\u2019e y\u00fckselttik. Miktarsal s\u0131k\u0131la\u015ft\u0131rma ve se\u00e7ici kredi ad\u0131mlar\u0131yla parasal s\u0131k\u0131la\u015ft\u0131rmay\u0131 destekledik. Makroihtiyati \u00e7er\u00e7evede de sadele\u015ftirme s\u00fcrecini ba\u015flatarak piyasa mekanizmas\u0131n\u0131n i\u015flevselli\u011fini art\u0131rd\u0131k. T\u00fcrk liras\u0131 mevduata ge\u00e7i\u015fi te\u015fvik ettik ve T\u00fcrk liras\u0131 varl\u0131klara olan talebi g\u00fc\u00e7lendirdik. Bu politikalar\u0131n sonucu olarak, bir \u00f6nceki Rapor d\u00f6neminden bu yana, hem reel hem de finansal g\u00f6stergeler para politikam\u0131z\u0131n do\u011fru yolda ilerledi\u011fini teyit etmektedir\u201d \u015feklinde konu\u015ftu.<br \/>\n<\/span><br \/>\n<strong><span style=\"font-family: arial, helvetica, sans-serif; font-size: 14px;\">\u201cEnflasyon, hedefimizle uyumlu seviyelere gerileyene kadar, gereken parasal s\u0131k\u0131l\u0131\u011f\u0131 korumakta kararl\u0131y\u0131z\u201d<\/span><\/strong><br \/>\n<span style=\"font-family: arial, helvetica, sans-serif; font-size: 14px;\">Uygulanan politikalar\u0131n sonucu olarak, bir \u00f6nceki Rapor d\u00f6neminden bu yana, hem reel hem de finansal g\u00f6stergeler para politikam\u0131z\u0131n do\u011fru yolda ilerledi\u011fini teyit etti\u011fini s\u00f6yleyen Karahan, \u201cEnflasyon, hedefimizle uyumlu seviyelere gerileyene kadar, gereken parasal s\u0131k\u0131l\u0131\u011f\u0131 korumakta kararl\u0131y\u0131z. Enflasyon beklentilerini ve fiyatlama davran\u0131\u015flar\u0131n\u0131 yak\u0131ndan takip ediyoruz. Enflasyon g\u00f6r\u00fcn\u00fcm\u00fcnde herhangi bir bozulmaya kesinlikle izin vermeyece\u011fiz. Uygulad\u0131\u011f\u0131m\u0131z politikalar etkisini g\u00f6stermeye ba\u015flamakla beraber, kal\u0131c\u0131 fiyat istikrar\u0131na ula\u015fana kadar, politika duru\u015fumuzu s\u00fcrd\u00fcrerek enflasyonu tahmin etti\u011fimiz patikada d\u00fc\u015f\u00fcrecek ve orta vadede ekonomimizi kal\u0131c\u0131 fiyat istikrar\u0131na ula\u015ft\u0131raca\u011f\u0131z\u201d diye konu\u015ftu.<br \/>\n<\/span><br \/>\n<strong><span style=\"font-family: arial, helvetica, sans-serif; font-size: 14px;\">\u201c2024, 2025 ve 2026 y\u0131l sonu enflasyon tahminleri bir \u00f6nceki rapordaki haliyle korunmu\u015ftur\u201d<\/span><\/strong><br \/>\n<span style=\"font-family: arial, helvetica, sans-serif; font-size: 14px;\">Merkez Bankas\u0131\u2019n\u0131n orta vadeli tahminlerini de payla\u015fan Karahan, bu tahminler olu\u015fturulurken, enflasyon g\u00f6r\u00fcn\u00fcm\u00fcnde belirgin bir iyile\u015fme sa\u011flanana kadar, ara hedeflere ba\u011fl\u0131l\u0131klar\u0131n\u0131 yans\u0131tacak \u015fekilde, para politikas\u0131ndaki s\u0131k\u0131 duru\u015fun s\u00fcrd\u00fcr\u00fclece\u011fi bir g\u00f6r\u00fcn\u00fcm esas al\u0131nd\u0131\u011f\u0131n\u0131 aktard\u0131. Karahan, \u201cBu \u00e7er\u00e7evede 2024, 2025 ve 2026 y\u0131l sonu enflasyon tahminleri bir \u00f6nceki rapordaki haliyle korunmu\u015ftur. 2024 y\u0131l sonu tahmini y\u00fczde 36, 2025 y\u0131l sonu tahmini ise y\u00fczde 14 olarak tahmin edilmektedir. Tahmin aral\u0131klar\u0131n\u0131n alt ve \u00fcst noktalar\u0131 da 2024 y\u0131l\u0131 i\u00e7in y\u00fczde 30 ve 42, 2025 y\u0131l\u0131 i\u00e7in ise y\u00fczde 7 ve 21&#8217;e tekab\u00fcl etmektedir. Enflasyonun 2026 y\u0131l\u0131n\u0131 tek haneli seviyelere gerileyerek y\u00fczde 9 ile tamamlamas\u0131, orta vadede ise y\u00fczde 5 hedefinde istikrar kazanmas\u0131 \u00f6ng\u00f6r\u00fclmektedir&#8221; ifadelerini kulland\u0131.<br \/>\n<\/span><br \/>\n<strong><span style=\"font-family: arial, helvetica, sans-serif; font-size: 14px;\">\u201cMay\u0131s sonras\u0131nda, y\u0131ll\u0131k man\u015fet enflasyonda h\u0131zl\u0131 bir d\u00fc\u015f\u00fc\u015f g\u00f6rece\u011fiz\u201d<\/span><\/strong><br \/>\n<span style=\"font-family: arial, helvetica, sans-serif; font-size: 14px;\">Karahan, y\u0131l\u0131n ilk yar\u0131s\u0131nda, mevsimsellikten ar\u0131nd\u0131r\u0131lm\u0131\u015f ayl\u0131k enflasyonun ortalama olarak y\u00fczde 4\u2019\u00fcn alt\u0131nda, ocak hari\u00e7 ise y\u00fczde 3 civar\u0131nda seyredece\u011fini \u00f6ng\u00f6rd\u00fcklerini a\u00e7\u0131klayarak, \u201cEnflasyonun tepe noktas\u0131na ula\u015faca\u011f\u0131 may\u0131s sonuna kadar, ocak ay\u0131nda oldu\u011fu gibi baz\u0131 ge\u00e7ici etkiler g\u00f6r\u00fclecektir. May\u0131s sonras\u0131nda, y\u0131ll\u0131k man\u015fet enflasyonda h\u0131zl\u0131 bir d\u00fc\u015f\u00fc\u015f g\u00f6rece\u011fimiz, dezenflasyon d\u00f6nemine girece\u011fiz. Bu d\u00f6nemde olumlu y\u00f6ndeki baz etkileri ve daha \u00f6nemlisi enflasyonun ana e\u011filimindeki d\u00fc\u015f\u00fc\u015f\u00fcn devam\u0131 etkili olacakt\u0131r. Bu s\u00fcre\u00e7te, i\u00e7 talepteki dengelenmenin devam\u0131, \u00fccret g\u00fcncellemelerinin tamamlanm\u0131\u015f olmas\u0131 ve man\u015fet enflasyondaki d\u00fc\u015f\u00fc\u015f\u00fcn beklentilerde olu\u015fturaca\u011f\u0131 ilave iyile\u015fme \u00f6nemli rol oynayacakt\u0131r\u201d diye konu\u015ftu.<br \/>\n<\/span><br \/>\n<strong><span style=\"font-family: arial, helvetica, sans-serif; font-size: 14px;\">\u201cEnflasyonun ana e\u011filimindeki iyile\u015fme tahminleri a\u015fa\u011f\u0131 y\u00f6nl\u00fc etkilemi\u015ftir\u201d<\/span><\/strong><br \/>\n<span style=\"font-family: arial, helvetica, sans-serif; font-size: 14px;\">S\u0131k\u0131 para politikas\u0131 ve maliye politikas\u0131n\u0131n e\u015fg\u00fcd\u00fcm\u00fcn\u00fcn katk\u0131s\u0131yla, i\u00e7 talepteki dengelenme s\u00fcrecinin devam edece\u011fini de dikkati \u00e7eken Karahan, \u201cBu g\u00f6r\u00fcn\u00fcm alt\u0131nda, \u00e7\u0131kt\u0131 a\u00e7\u0131\u011f\u0131 tahmini g\u00fcncellememiz 2024 y\u0131l\u0131 enflasyon tahminimizi 0,4 puan art\u0131r\u0131c\u0131 y\u00f6nde etkilemi\u015ftir. Buna ek olarak, birim i\u015f g\u00fcc\u00fc maliyetinin, \u00f6ng\u00f6r\u00fclenin \u00fczerinde gelen \u00fccret art\u0131\u015flar\u0131 nedeniyle y\u00fckselmesi tahminimizi 1,5 puan yukar\u0131 y\u00f6nl\u00fc etkilemi\u015ftir. G\u0131da fiyatlar\u0131 ve T\u00fcrk liras\u0131 cinsi ithalat fiyatlar\u0131ndan gelen g\u00fcncellemelerin toplam etkisi ise 1,4 puand\u0131r. S\u00f6z konusu yukar\u0131 y\u00f6nl\u00fc etkilere kar\u015f\u0131n, enflasyonun ana e\u011filimindeki iyile\u015fme tahminleri a\u015fa\u011f\u0131 y\u00f6nl\u00fc etkilemi\u015ftir\u201d de\u011ferlendirmesinde bulundu.<\/span><br \/>\n<span style=\"font-family: arial, helvetica, sans-serif; font-size: 14px;\">Karahan, parasal s\u0131k\u0131l\u0131\u011f\u0131n fiyatlama davran\u0131\u015flar\u0131na yans\u0131mas\u0131n\u0131n, \u00f6ng\u00f6r\u00fclenden daha g\u00fc\u00e7l\u00fc oldu\u011funu da vurgulayarak, politika duru\u015flar\u0131n\u0131n ara hedefleri do\u011frultusunda, bir \u00f6nceki raporda \u00f6ng\u00f6r\u00fclenden daha uzun s\u00fcre korunacak olmas\u0131 da ana e\u011filime olumlu yans\u0131yaca\u011f\u0131n\u0131 s\u00f6yledi. Karahan, bu unsurlar\u0131n etkisinin, tahminlerini 3,2 puan d\u00fc\u015f\u00fcr\u00fcc\u00fc y\u00f6nde oldu\u011funu s\u00f6zlerine ekledi.<\/span><br \/>\n<span style=\"font-family: arial, helvetica, sans-serif; font-size: 14px;\">Karahan, enflasyon ve para politikalar\u0131na ili\u015fkin de\u011ferlendirmelerde de bulunarak, \u015fu ifadelere yer verdi:<\/span><br \/>\n<span style=\"font-family: arial, helvetica, sans-serif; font-size: 14px;\">\u201cY\u0131l\u0131n ilk yar\u0131s\u0131nda, mevsimsellikten ar\u0131nd\u0131r\u0131lm\u0131\u015f ayl\u0131k enflasyonun ortalama olarak y\u00fczde 4\u2019\u00fcn alt\u0131nda, ocak hari\u00e7 ise y\u00fczde 3 civar\u0131nda seyredece\u011fini \u00f6ng\u00f6r\u00fcyoruz. Enflasyonun tepe noktas\u0131na ula\u015faca\u011f\u0131 may\u0131s sonuna kadar, ocak ay\u0131nda oldu\u011fu gibi baz\u0131 ge\u00e7ici etkiler g\u00f6r\u00fclecektir. May\u0131s sonras\u0131nda, y\u0131ll\u0131k man\u015fet enflasyonda h\u0131zl\u0131 bir d\u00fc\u015f\u00fc\u015f g\u00f6rece\u011fimiz, dezenflasyon d\u00f6nemine girece\u011fiz. Bu d\u00f6nemde olumlu y\u00f6ndeki baz etkileri ve daha \u00f6nemlisi enflasyonun ana e\u011filimindeki d\u00fc\u015f\u00fc\u015f\u00fcn devam\u0131 etkili olacakt\u0131r. Bu s\u00fcre\u00e7te, i\u00e7 talepteki dengelenmenin devam\u0131, \u00fccret g\u00fcncellemelerinin tamamlanm\u0131\u015f olmas\u0131 ve man\u015fet enflasyondaki d\u00fc\u015f\u00fc\u015f\u00fcn beklentilerde olu\u015fturaca\u011f\u0131 ilave iyile\u015fme \u00f6nemli rol oynayacakt\u0131r. B\u00f6ylelikle, mevsimsellikten ar\u0131nd\u0131r\u0131lm\u0131\u015f ortalama ayl\u0131k enflasyonun \u00f6nce y\u00fczde 2,5\u2019in alt\u0131na, y\u0131l\u0131n son \u00e7eyre\u011finde ise y\u00fczde 1,5 civar\u0131na gerileyece\u011fini \u00f6ng\u00f6r\u00fcyoruz.\u201d<\/span><br \/>\n<span style=\"font-family: arial, helvetica, sans-serif; font-size: 14px;\">Karahan, hizmetlerdeki kat\u0131l\u0131\u011f\u0131n da s\u00fcre\u00e7 i\u00e7erisinde \u00e7\u00f6z\u00fclmesi ve parasal duru\u015fun hedeflerle uyumlu \u015fekilde y\u00f6netilmeye devam edilmesiyle enflasyonun ana e\u011filiminde tarihsel ortalamalara gerileme s\u00fcrecinin 2025&#8217;te de devam edece\u011fini belirtti.<\/span><br \/>\n<span style=\"font-family: arial, helvetica, sans-serif; font-size: 14px;\">Bilgilendirme toplant\u0131s\u0131, TCMB Ba\u015fkan\u0131 Karahan\u2019\u0131n bas\u0131n mensuplar\u0131n\u0131n sorular\u0131n\u0131 yan\u0131tlad\u0131\u011f\u0131 soru-cevap b\u00f6l\u00fcm\u00fc ile devam etti.<\/span><\/p>\n","protected":false},"excerpt":{"rendered":"<p>T\u00fcrkiye Cumhuriyet Merkez Bankas\u0131 (TCMB) Ba\u015fkan\u0131 Fatih Karahan, 2024, 2025 ve 2026 y\u0131l sonu enflasyon tahminleri bir \u00f6nceki rapordaki haliyle<\/p>\n","protected":false},"author":3,"featured_media":21427,"comment_status":"open","ping_status":"open","sticky":false,"template":"","format":"standard","meta":{"colormag_page_container_layout":"default_layout","colormag_page_sidebar_layout":"default_layout","footnotes":""},"categories":[3,1,5],"tags":[],"class_list":["post-21426","post","type-post","status-publish","format-standard","has-post-thumbnail","hentry","category-ekonomi","category-genel","category-gundem"],"_links":{"self":[{"href":"https:\/\/marmarayerelhizmet.com\/index.php\/wp-json\/wp\/v2\/posts\/21426","targetHints":{"allow":["GET"]}}],"collection":[{"href":"https:\/\/marmarayerelhizmet.com\/index.php\/wp-json\/wp\/v2\/posts"}],"about":[{"href":"https:\/\/marmarayerelhizmet.com\/index.php\/wp-json\/wp\/v2\/types\/post"}],"author":[{"embeddable":true,"href":"https:\/\/marmarayerelhizmet.com\/index.php\/wp-json\/wp\/v2\/users\/3"}],"replies":[{"embeddable":true,"href":"https:\/\/marmarayerelhizmet.com\/index.php\/wp-json\/wp\/v2\/comments?post=21426"}],"version-history":[{"count":0,"href":"https:\/\/marmarayerelhizmet.com\/index.php\/wp-json\/wp\/v2\/posts\/21426\/revisions"}],"wp:featuredmedia":[{"embeddable":true,"href":"https:\/\/marmarayerelhizmet.com\/index.php\/wp-json\/wp\/v2\/media\/21427"}],"wp:attachment":[{"href":"https:\/\/marmarayerelhizmet.com\/index.php\/wp-json\/wp\/v2\/media?parent=21426"}],"wp:term":[{"taxonomy":"category","embeddable":true,"href":"https:\/\/marmarayerelhizmet.com\/index.php\/wp-json\/wp\/v2\/categories?post=21426"},{"taxonomy":"post_tag","embeddable":true,"href":"https:\/\/marmarayerelhizmet.com\/index.php\/wp-json\/wp\/v2\/tags?post=21426"}],"curies":[{"name":"wp","href":"https:\/\/api.w.org\/{rel}","templated":true}]}}