{"id":21412,"date":"2024-02-07T20:47:33","date_gmt":"2024-02-07T17:47:33","guid":{"rendered":"https:\/\/marmarayerelhizmet.com\/?p=21412"},"modified":"2024-02-07T20:47:33","modified_gmt":"2024-02-07T17:47:33","slug":"memleket-sevgisinin-baskenti","status":"publish","type":"post","link":"https:\/\/marmarayerelhizmet.com\/index.php\/2024\/02\/07\/memleket-sevgisinin-baskenti\/","title":{"rendered":"&#8216;Memleket Sevgisinin Ba\u015fkenti&#8217;"},"content":{"rendered":"<div class=\"tg-post\">\n<article id=\"post-28715\" class=\"post-28715 post type-post status-publish format-standard has-post-thumbnail hentry category-ilceler category-genel category-siyaset\">\n<div class=\"cm-post-content\">\n<div class=\"cm-entry-summary\">\n<p><span style=\"font-family: arial, helvetica, sans-serif; font-size: 14px;\"><strong>Tarihi \u2018Edremit\u2019 Tayyaresi Edremit Cumhuriyet Meydan\u0131\u2019nda sergilenmeye ba\u015fland\u0131. Bal\u0131kesir B\u00fcy\u00fck\u015fehir Belediye Ba\u015fkan Vekili Mehmet Birol \u015eahin, \u201cEdremit sadece zeytinin de\u011fil devlet-millet-vatan sevgisinin de ba\u015fkentidir\u201d dedi.<\/strong><\/span><\/p>\n<p><span style=\"font-family: arial, helvetica, sans-serif; font-size: 14px;\">Yeni D\u00fcnya Vakf\u0131 Edremit Temsilcili\u011fi taraf\u0131ndan asl\u0131n\u0131n \u00f6l\u00e7\u00fclerinde yapt\u0131r\u0131lan tarihi Edremit Tayyaresi Edremit Cumhuriyet Meydan\u0131nda sergilenmeye ba\u015fland\u0131\u011f\u0131 t\u00f6rende TEKNOFEST-2022\u2019de 2.lik, TEKNOFEST-2023\u2019de Performans \u00d6d\u00fcl\u00fc alan Edremit Anadolu \u0130mam Hatip Lisesi \u00f6\u011frencilerine plaket ve \u00f6d\u00fcller verilerek 2.lik \u00f6d\u00fcl\u00fc alan KOCASEY\u0130T isimli \u0130HA bir g\u00f6steri u\u00e7u\u015fu yapt\u0131.<\/span><br \/>\n<span style=\"font-family: arial, helvetica, sans-serif; font-size: 14px;\">T\u00f6rene Bal\u0131kesir Valisi \u0130smail Ustao\u011flu, Bal\u0131kesir B\u00fcy\u00fck\u015fehir Belediye Ba\u015fkan Vekili Mehmet Birol \u015eahin, Edremit Kaymakam\u0131 Ahmet Odaba\u015f, Yeni D\u00fcnya Vakf\u0131 Genel Ba\u015fkan\u0131 Mahmut G\u00f6ksu, Bal\u0131kesir \u015eube Ba\u015fkan\u0131 \u0130smail \u00d6zg\u00fcn, Edremit Temsilcisi Tahsin \u0130zci, protokol \u00fcyeleri, \u00f6\u011frenciler ve Edremitliler kat\u0131ld\u0131.<\/span><\/p>\n<p><span style=\"font-family: arial, helvetica, sans-serif; font-size: 14px;\"><strong>\u201cOrdumuza En Fazla U\u00e7ak Ba\u011f\u0131\u015flayan \u0130l\u00e7e Edremit\u2019tir\u201d<\/strong><\/span><br \/>\n<span style=\"font-family: arial, helvetica, sans-serif; font-size: 14px;\">Tarihi Edremit Tayyare\u2019sinin 1\/1 kopyas\u0131n\u0131n a\u00e7\u0131l\u0131\u015f\u0131 ve Teknofest\u2019te 2. olan Edremitli \u00f6\u011frencilerin \u00f6d\u00fcl t\u00f6reninde konu\u015fma yapan Bal\u0131kesir B\u00fcy\u00fck\u015fehir Belediye Ba\u015fkan Vekili Mehmet Birol \u015eahin Edremitlilerin 110 y\u0131l \u00f6nceki fedakarl\u0131\u011f\u0131n\u0131 anlatarak: \u201c1914 y\u0131l\u0131nda Kud\u00fcs Halk\u0131n\u0131n bir telgraf ile Devlet\u2019imize m\u00fcracaat etmesi \u00fczerine, sat\u0131n al\u0131narak g\u00f6nderilen iki adet Tayyaremiz Kud\u00fcs yak\u0131nlar\u0131nda d\u00fc\u015fm\u00fc\u015ft\u00fc.. Bir \u00fc\u00e7\u00fcnc\u00fcs\u00fc de yine sat\u0131n al\u0131narak yola \u00e7\u0131kar\u0131lm\u0131\u015f ancak bu Tayyare de Edremit\/K\u00fc\u00e7\u00fckkuyu\u2019da d\u00fc\u015fm\u00fc\u015ft\u00fc. Bu seferi yapmak i\u00e7in yola \u00e7\u0131kan ve Edremit yak\u0131nlar\u0131nda d\u00fc\u015fen \u00fc\u00e7\u00fcnc\u00fc Tayyare ise Edremit Halk\u0131 taraf\u0131ndan tamir ettirilerek yeniden Ordumuz emrine tahsis edilmi\u015f, \u00c7anakkale Deniz Sava\u015flar\u0131nda da \u00e7ok \u00f6nemli olan ke\u015fif ve g\u00f6zetleme faaliyetleri yaparak; \u00c7anakkale Zaferinin kazan\u0131lmas\u0131nda ba\u015f rol oynam\u0131\u015ft\u0131r.<\/span><br \/>\n<span style=\"font-family: arial, helvetica, sans-serif; font-size: 14px;\">\u201cDevlet\u2019imizin ba\u015flad\u0131\u011f\u0131 i\u015f yar\u0131m b\u0131rak\u0131lmaz\u201d diyen Edremitliler Bleriot tipi bir Tayyare sat\u0131n alm\u0131\u015f ve Devletimize hediye etmi\u015fti. Devletimiz bu Tayyareye \u201cEdremit\u201d ismini vermi\u015f ve Bu Tayyareyi Kud\u00fcs\u2019e \u201cBayrak G\u00f6stermek\u201d maksad\u0131 ile g\u00f6ndermi\u015fti.<\/span><br \/>\n<span style=\"font-family: arial, helvetica, sans-serif; font-size: 14px;\">Yeni D\u00fcnya Vakf\u0131 Edremit Temsilcili\u011fi Bal\u0131kesir \u00dcniversitesi ile yapt\u0131\u011f\u0131 i\u015f birli\u011fi sonucu Edremit Sivil Havac\u0131l\u0131k Y\u00fcksekokulu rehberlik ve denetiminde, \u201cEdremit Tayyaresi\u201dni asl\u0131na uygun 1\/1 \u00f6l\u00e7\u00fclerde bir kopyas\u0131 yapt\u0131rd\u0131. Yeni D\u00fcnya Vakf\u0131 y\u00f6neticilerine te\u015fekk\u00fcr ediyoruz.<\/span><br \/>\n<span style=\"font-family: arial, helvetica, sans-serif; font-size: 14px;\">Edremit Tayyarenin 110 y\u0131l \u00f6nce Kud\u00fcs-Kahire-\u0130skenderiye seferi yapmas\u0131 g\u00fcn\u00fcm\u00fcz\u00fcn ya\u015fan\u0131lan ve yaz\u0131lan tarihi a\u00e7\u0131s\u0131ndan \u00e7ok \u00f6nemlidir. \u0130lk hava \u015fehitlerimizin bu seferler i\u00e7in yola \u00e7\u0131kan ve \u015eam\u2019da metfun bulunan Pilot ve Ras\u0131tlar\u0131n olmas\u0131n\u0131n \u00f6nemi de izahtan varestedir.<\/span><br \/>\n<span style=\"font-family: arial, helvetica, sans-serif; font-size: 14px;\">Edremit Tayyaresinden sonra Edremitliler 8 adet Tayyere daha sat\u0131n alarak Ordumuza ba\u011f\u0131\u015flad\u0131. 1914-1932 y\u0131llar\u0131nda ordusuna toplamda 9 tayyare ba\u011f\u0131\u015flayan Edremit bu alanda bir ilke imza atm\u0131\u015f ve Ordumuza en fazla U\u00e7ak ba\u011f\u0131\u015flayan il\u00e7e s\u0131fat\u0131n\u0131 kazanarak tarihimizde onurlu bir yer edinmi\u015fti. Edremitlileri tebrik ediyor Ordumuza 9 adet Tayyare alarak ba\u011f\u0131\u015flayan bu y\u00fcce g\u00f6n\u00fcll\u00fc vatansever Edremitlileri rahmet ve minnetle an\u0131yoruz. \u201c dedi.<\/span><\/p>\n<p><span style=\"font-family: arial, helvetica, sans-serif; font-size: 14px;\"><strong>\u201cEdremitli \u00d6\u011frencilerin Yapt\u0131\u011f\u0131 \u201cKocaseyit\u201d isimli \u0130HA TEKNOFEST\u2019te 2. OLDU\u201d<\/strong><\/span><br \/>\n<span style=\"font-family: arial, helvetica, sans-serif; font-size: 14px;\">Dedelerinin inan\u00e7 ve vatan sevgisini ya\u015fatan Edremitli \u00f6\u011frencileri tebrik ederek B\u00fcy\u00fck\u015fehir Belediye Ba\u015fkan\u0131 Y\u00fccel Y\u0131lmaz\u2019\u0131n hediyelerini takdim eden Bal\u0131kesir B\u00fcy\u00fck\u015fehir Belediye Ba\u015fkan Vekili Mehmet Birol \u015eahin : \u201cBu y\u0131l kurulu\u015funun 50. Y\u0131l\u0131n\u0131 kutlayan Edremit Anadolu \u0130mam-Hatip Lisesi \u00f6\u011frencileri 2022 TEKNOFEST\u2019te T\u00dcB\u0130TAK sabit kanat kategorisinde KOCASEY\u0130T isimli \u0130HA ile ikincilik \u00f6d\u00fcl\u00fc alm\u0131\u015flar, 2023\u2019te de ba\u015far\u0131lar\u0131n\u0131 devam ettirerek performans \u00f6d\u00fcl\u00fc alm\u0131\u015flar.<\/span><br \/>\n<span style=\"font-family: arial, helvetica, sans-serif; font-size: 14px;\">Dedelerinin sat\u0131n ald\u0131\u011f\u0131 tarihi tayyarenin sergilendi\u011fi meydan\u0131n \u00fczerinde torunlar\u0131n\u0131n yapt\u0131\u011f\u0131 \u0130HA u\u00e7mas\u0131 bu g\u00fcn ayr\u0131 bir g\u00fczellik olmu\u015ftur.<\/span><br \/>\n<span style=\"font-family: arial, helvetica, sans-serif; font-size: 14px;\">Edremitli \u00f6\u011frenci karde\u015flerimiz 110 y\u0131l \u00f6nce dedelerinin devlet ve millet sevgisi, fedakarl\u0131k ve gelece\u011fin g\u00f6klerde oldu\u011funa dair inan\u00e7lar\u0131n\u0131n ifadesi olan 9 tane u\u00e7ak sat\u0131n alarak Ordumuza ba\u011f\u0131\u015flamas\u0131n\u0131n bu g\u00fcnk\u00fc izd\u00fc\u015f\u00fcm\u00fc olan \u201cKOCASEY\u0130T\u201d \u0130HA Projelerini yaparak TEKNOFEST 2. Si, 2023 y\u0131l\u0131nda da \u201cPerformans \u00d6d\u00fcl\u00fc\u201d almalar\u0131ndan dolay\u0131, as\u0131l \u00f6nemlisi dedelerinden miras inan\u00e7 ve ruhu bu g\u00fcn de ya\u015fatmalar\u0131ndan dolay\u0131 tebrik ediyoruz. Bu \u00f6\u011frenci karde\u015flerimizdeki inan\u00e7, \u00e7al\u0131\u015fkanl\u0131k gelece\u011fe umutla bakmam\u0131za yol a\u00e7\u0131yor. T\u00fcrkiye Y\u00fczy\u0131l\u0131 b\u00f6ylesi gen\u00e7lerin varl\u0131\u011f\u0131 ve \u00e7al\u0131\u015fkanl\u0131klar\u0131 ile ger\u00e7ekle\u015fecektir. \u201c dedi.<\/span><\/p>\n<p><span style=\"font-family: arial, helvetica, sans-serif; font-size: 14px;\"><strong>\u201cVatanda\u015flar\u0131n Sava\u015f U\u00e7a\u011f\u0131 Ba\u011f\u0131\u015flad\u0131\u011f\u0131 T\u00fcrkiye\u2019den Kendi \u0130nsans\u0131z Sava\u015f U\u00e7a\u011f\u0131n\u0131 \u00dcreten T\u00fcrkiye\u2019ye Ula\u015ft\u0131k\u201d<\/strong><\/span><br \/>\n<span style=\"font-family: arial, helvetica, sans-serif; font-size: 14px;\">Bal\u0131kesir B\u00fcy\u00fck\u015fehir Belediye Ba\u015fkan Vekili Mehmet Birol \u015eahin : \u201cOsmanl\u0131 \u0130mparatorlu\u011funun tasfiye edilerek Cumhuriyete d\u00f6n\u00fc\u015ft\u00fc\u011f\u00fc yokluk, da\u011f\u0131lma, kay\u0131p, ve 1. D\u00fcnya Sava\u015f\u0131, Anadolu\u2019nun i\u015fgali, Kurtulu\u015f Sava\u015f\u0131 ve Cumhuriyetimizin ilk y\u0131llar\u0131 d\u00f6nemlerinde milletimizin ve devletimizin zor \u015fartlar alt\u0131ndayken Devletine sahip \u00e7\u0131karak aralar\u0131nda ba\u011f\u0131\u015f toplayarak Ordusuna Sava\u015f u\u00e7a\u011f\u0131 sat\u0131n alarak hediye edilen T\u00fcrkiye\u2019den kendi insans\u0131z hava ara\u00e7lar\u0131n\u0131, insans\u0131z sava\u015f u\u00e7aklar\u0131n\u0131 yapabilen, savunma sanayinde D\u00fcnyan\u0131n ilk be\u015f devleti aras\u0131na girmi\u015f ve kendi \u00fcretti\u011fi insans\u0131z hava ara\u00e7lar\u0131yla adeta Sava\u015f \u015eeklini de\u011fi\u015ftiren bir T\u00fcrkiye\u2019ye ula\u015ft\u0131k.<\/span><br \/>\n<span style=\"font-family: arial, helvetica, sans-serif; font-size: 14px;\">110 y\u0131l \u00f6nce istikbalin g\u00f6klerde oldu\u011funu g\u00f6rerek inan\u00e7lar\u0131n\u0131 ortaya koyan Edremitli hay\u0131rseverlerden bu g\u00fcnk\u00fc seviyeye ula\u015fmam\u0131zda hayali, inanc\u0131, eme\u011fi olan ba\u015fta Cumhurba\u015fkan\u0131m\u0131z Recep Tayyip Erdo\u011fan olmak \u00fczere herkesi minnetle an\u0131yoruz.<\/span><br \/>\n<span style=\"font-family: arial, helvetica, sans-serif; font-size: 14px;\">Edremit\u2019in devlet ve millet sevgisini ve T\u00fcrkiye\u2019nin nerden nereye geldi\u011fini ifade eden bu tarihi Edremit U\u00e7a\u011f\u0131n\u0131 yeniden canland\u0131rarak hayat\u0131m\u0131za katan Yeni D\u00fcnya Vakf\u0131 y\u00f6neticilerine te\u015fekk\u00fcr ediyorum.<\/span><br \/>\n<span style=\"font-family: arial, helvetica, sans-serif; font-size: 14px;\">Dedelerinin inan\u00e7 ve ruhuna sahip \u00e7\u0131karak \u0130HA tasarlayarak TEKNOFEST-2022\u2019de 2. ve bu y\u0131l da Performans \u00f6d\u00fcl\u00fc alan Edremit \u0130mam Hatip Liseli \u00f6\u011frencilerimizi tebrik ediyor aileleri ve \u00f6\u011fretmenlerine te\u015fekk\u00fcr ediyorum.,\u201d dedi.<\/span><\/p>\n<\/div>\n<\/div>\n<\/article>\n<\/div>\n<ul class=\"default-wp-page\">\n<li class=\"previous\"><\/li>\n<\/ul>\n","protected":false},"excerpt":{"rendered":"<p>Tarihi \u2018Edremit\u2019 Tayyaresi Edremit Cumhuriyet Meydan\u0131\u2019nda sergilenmeye ba\u015fland\u0131. Bal\u0131kesir B\u00fcy\u00fck\u015fehir Belediye Ba\u015fkan Vekili Mehmet Birol \u015eahin, \u201cEdremit sadece zeytinin de\u011fil<\/p>\n","protected":false},"author":3,"featured_media":21413,"comment_status":"open","ping_status":"open","sticky":false,"template":"","format":"standard","meta":{"colormag_page_container_layout":"default_layout","colormag_page_sidebar_layout":"default_layout","footnotes":""},"categories":[45,1,5],"tags":[],"class_list":["post-21412","post","type-post","status-publish","format-standard","has-post-thumbnail","hentry","category-egitim","category-genel","category-gundem"],"_links":{"self":[{"href":"https:\/\/marmarayerelhizmet.com\/index.php\/wp-json\/wp\/v2\/posts\/21412","targetHints":{"allow":["GET"]}}],"collection":[{"href":"https:\/\/marmarayerelhizmet.com\/index.php\/wp-json\/wp\/v2\/posts"}],"about":[{"href":"https:\/\/marmarayerelhizmet.com\/index.php\/wp-json\/wp\/v2\/types\/post"}],"author":[{"embeddable":true,"href":"https:\/\/marmarayerelhizmet.com\/index.php\/wp-json\/wp\/v2\/users\/3"}],"replies":[{"embeddable":true,"href":"https:\/\/marmarayerelhizmet.com\/index.php\/wp-json\/wp\/v2\/comments?post=21412"}],"version-history":[{"count":0,"href":"https:\/\/marmarayerelhizmet.com\/index.php\/wp-json\/wp\/v2\/posts\/21412\/revisions"}],"wp:featuredmedia":[{"embeddable":true,"href":"https:\/\/marmarayerelhizmet.com\/index.php\/wp-json\/wp\/v2\/media\/21413"}],"wp:attachment":[{"href":"https:\/\/marmarayerelhizmet.com\/index.php\/wp-json\/wp\/v2\/media?parent=21412"}],"wp:term":[{"taxonomy":"category","embeddable":true,"href":"https:\/\/marmarayerelhizmet.com\/index.php\/wp-json\/wp\/v2\/categories?post=21412"},{"taxonomy":"post_tag","embeddable":true,"href":"https:\/\/marmarayerelhizmet.com\/index.php\/wp-json\/wp\/v2\/tags?post=21412"}],"curies":[{"name":"wp","href":"https:\/\/api.w.org\/{rel}","templated":true}]}}