{"id":21409,"date":"2024-02-07T20:44:41","date_gmt":"2024-02-07T17:44:41","guid":{"rendered":"https:\/\/marmarayerelhizmet.com\/?p=21409"},"modified":"2024-02-07T20:44:41","modified_gmt":"2024-02-07T17:44:41","slug":"balikesir-memden-deprem-farkindalik-fotograf-sergisi","status":"publish","type":"post","link":"https:\/\/marmarayerelhizmet.com\/index.php\/2024\/02\/07\/balikesir-memden-deprem-farkindalik-fotograf-sergisi\/","title":{"rendered":"Bal\u0131kesir MEM&#8217;den Deprem Fark\u0131ndal\u0131k Foto\u011fraf Sergisi"},"content":{"rendered":"<p><span style=\"font-family: arial, helvetica, sans-serif; font-size: 14px;\"><strong>Bal\u0131kesir \u0130l Milli E\u011fitim M\u00fcd\u00fcrl\u00fc\u011f\u00fc taraf\u0131ndan \u201c6 \u015eubat Deprem Fark\u0131ndal\u0131k Foto\u011fraf Sergisi\u201d haz\u0131rland\u0131. Sergi 9 \u015eubat\u2019a kadar ziyaret edilebilecek.<\/strong><\/span><\/p>\n<p><span style=\"font-family: arial, helvetica, sans-serif; font-size: 14px;\">6 \u015eubat depremlerinin ac\u0131s\u0131 hala y\u00fcreklerde hissedilirken depremlerin y\u0131l d\u00f6n\u00fcm\u00fc kapsam\u0131nda; MEB AKUB taraf\u0131ndan haz\u0131rlanan ve \u0130l Milli E\u011fitim M\u00fcd\u00fcrl\u00fc\u011f\u00fc\u2019n\u00fcn de deprem b\u00f6lgesindeki \u00e7al\u0131\u015fmalar\u0131n\u0131 yans\u0131tan foto\u011fraflar\u0131n yer ald\u0131\u011f\u0131 sergi, \u0130l Mill\u00ee E\u011fitim M\u00fcd\u00fcrl\u00fc\u011f\u00fc\u2019nde ziyarete a\u00e7\u0131ld\u0131.<\/span><br \/>\n<span style=\"font-family: arial, helvetica, sans-serif; font-size: 14px;\">Her kademeden ve t\u00fcrden okullar\u0131n ziyaret etti\u011fi, \u0130l Milli E\u011fitim M\u00fcd\u00fcrl\u00fc\u011f\u00fc Arama ve Kurtarma Birimi taraf\u0131ndan deprem fark\u0131ndal\u0131\u011f\u0131 ile ilgili \u00f6\u011frencilere bilgi verilen foto\u011fraf sergisiyle depremlerde hayat\u0131n\u0131 kaybedenleri anmak ve deprem ger\u00e7e\u011fine dikkati \u00e7ekmek ama\u00e7lan\u0131yor.<\/span><br \/>\n<span style=\"font-family: arial, helvetica, sans-serif; font-size: 14px;\">Sergide; MEB AKUB ekibinin \u00e7al\u0131\u015fmalar\u0131, arama-kurtarma, yiyecek-i\u00e7ecek da\u011f\u0131t\u0131m\u0131, bak\u0131m ve onar\u0131m, psikososyal destek, \u00e7ad\u0131r kurulumu, ta\u015f\u0131mal\u0131 e\u011fitim, oyun ve etkinlik \u00e7ad\u0131rlar\u0131n\u0131n kurulmas\u0131 gibi faaliyetleri anlatan 46 foto\u011fraf yer al\u0131yor.<\/span><br \/>\n<span style=\"font-family: arial, helvetica, sans-serif; font-size: 14px;\">Fark\u0131ndal\u0131k sergisi ile deprem ger\u00e7e\u011fi hakk\u0131nda \u00f6\u011frencilerimizi bilin\u00e7lendirmek ama\u00e7lan\u0131rken MEB AKUB birimi taraf\u0131ndan depremlerin nas\u0131l meydana geldi\u011fi, nas\u0131l \u00f6l\u00e7\u00fcld\u00fc\u011f\u00fc ve nas\u0131l zarar verdi\u011fi hakk\u0131nda bilgi veriliyor. Deprem s\u0131ras\u0131nda nas\u0131l davran\u0131lmas\u0131 gerekti\u011fi ve deprem sonras\u0131 yap\u0131lmas\u0131 gerekenler gibi konular da ele al\u0131n\u0131yor.<\/span><br \/>\n<span style=\"font-family: arial, helvetica, sans-serif; font-size: 14px;\">Deprem riski olan ilimizde \u00f6zellikle \u00f6nem te\u015fkil eden sergide; \u00e7ocuklar i\u00e7in interaktif bir \u015fekilde deprem ger\u00e7e\u011fini anlamalar\u0131 ve deprem s\u0131ras\u0131nda nas\u0131l davranmalar\u0131 gerekti\u011fi konusunda hikayele\u015ftirici bir \u00fcslup kullan\u0131l\u0131rken \u00f6\u011frenciler; arkada\u015flar\u0131 ve \u00f6\u011fretmenleri ile etkile\u015fim kuruyor, merak ettiklerini ilgili ki\u015filere sorup bilgi ediniyor.<\/span><\/p>\n<p><span style=\"font-family: arial, helvetica, sans-serif; font-size: 14px;\">Ziyarete gelen Atat\u00fcrk \u015eehir Hastanesi Anaokulundan minik \u00f6\u011frenciler sergiyi ziyaretlerinde hayallerini s\u00fcsleyen reng\u00e2renk kelebekler ve mutlu \u00e7ocuklar\u0131n oyunlar oynad\u0131\u011f\u0131 resim yaparak Milli E\u011fitim M\u00fcd\u00fcrl\u00fc\u011f\u00fc arac\u0131l\u0131\u011f\u0131yla deprem b\u00f6lgesindeki arkada\u015flar\u0131na sevgilerini g\u00f6nderdiler.<\/span><br \/>\n<span style=\"font-family: arial, helvetica, sans-serif; font-size: 14px;\">Foto\u011fraf sergisi 9 \u015eubat\u2019a kadar ziyaret edilebilecek.<\/span><\/p>\n","protected":false},"excerpt":{"rendered":"<p>Bal\u0131kesir \u0130l Milli E\u011fitim M\u00fcd\u00fcrl\u00fc\u011f\u00fc taraf\u0131ndan \u201c6 \u015eubat Deprem Fark\u0131ndal\u0131k Foto\u011fraf Sergisi\u201d haz\u0131rland\u0131. Sergi 9 \u015eubat\u2019a kadar ziyaret edilebilecek. 6<\/p>\n","protected":false},"author":3,"featured_media":21410,"comment_status":"open","ping_status":"open","sticky":false,"template":"","format":"standard","meta":{"colormag_page_container_layout":"default_layout","colormag_page_sidebar_layout":"default_layout","footnotes":""},"categories":[45,1,5],"tags":[],"class_list":["post-21409","post","type-post","status-publish","format-standard","has-post-thumbnail","hentry","category-egitim","category-genel","category-gundem"],"_links":{"self":[{"href":"https:\/\/marmarayerelhizmet.com\/index.php\/wp-json\/wp\/v2\/posts\/21409","targetHints":{"allow":["GET"]}}],"collection":[{"href":"https:\/\/marmarayerelhizmet.com\/index.php\/wp-json\/wp\/v2\/posts"}],"about":[{"href":"https:\/\/marmarayerelhizmet.com\/index.php\/wp-json\/wp\/v2\/types\/post"}],"author":[{"embeddable":true,"href":"https:\/\/marmarayerelhizmet.com\/index.php\/wp-json\/wp\/v2\/users\/3"}],"replies":[{"embeddable":true,"href":"https:\/\/marmarayerelhizmet.com\/index.php\/wp-json\/wp\/v2\/comments?post=21409"}],"version-history":[{"count":0,"href":"https:\/\/marmarayerelhizmet.com\/index.php\/wp-json\/wp\/v2\/posts\/21409\/revisions"}],"wp:featuredmedia":[{"embeddable":true,"href":"https:\/\/marmarayerelhizmet.com\/index.php\/wp-json\/wp\/v2\/media\/21410"}],"wp:attachment":[{"href":"https:\/\/marmarayerelhizmet.com\/index.php\/wp-json\/wp\/v2\/media?parent=21409"}],"wp:term":[{"taxonomy":"category","embeddable":true,"href":"https:\/\/marmarayerelhizmet.com\/index.php\/wp-json\/wp\/v2\/categories?post=21409"},{"taxonomy":"post_tag","embeddable":true,"href":"https:\/\/marmarayerelhizmet.com\/index.php\/wp-json\/wp\/v2\/tags?post=21409"}],"curies":[{"name":"wp","href":"https:\/\/api.w.org\/{rel}","templated":true}]}}