{"id":21403,"date":"2024-02-07T19:41:48","date_gmt":"2024-02-07T16:41:48","guid":{"rendered":"https:\/\/marmarayerelhizmet.com\/?p=21403"},"modified":"2024-02-07T19:41:48","modified_gmt":"2024-02-07T16:41:48","slug":"afet-yardimi-icin-imzalar-atildi","status":"publish","type":"post","link":"https:\/\/marmarayerelhizmet.com\/index.php\/2024\/02\/07\/afet-yardimi-icin-imzalar-atildi\/","title":{"rendered":"Afet Yard\u0131m\u0131 i\u00e7in \u0130mzalar At\u0131ld\u0131"},"content":{"rendered":"<p><strong><span style=\"font-family: arial, helvetica, sans-serif; font-size: 14px;\">T\u00fcrkiye&#8217;de ya\u015fanan Kahramanmara\u015f merkezli depremin ard\u0131ndan Avrupa Birli\u011fi (AB) taraf\u0131ndan s\u00f6z\u00fc verilen 400 milyon euroluk afet yard\u0131m\u0131 i\u00e7in imzalar at\u0131ld\u0131.<br \/>\n<\/span><\/strong><br \/>\n<span style=\"font-family: arial, helvetica, sans-serif; font-size: 14px;\">Avrupa Birli\u011fi (AB) Komisyonu, T\u00fcrkiye&#8217;de ya\u015fanan Kahramanmara\u015f merkezli 6 \u015eubat depremlerinin ard\u0131ndan ekim ay\u0131nda verdi\u011fi s\u00f6z\u00fc tuttu. Kahramanmara\u015f merkezli depremlerin ard\u0131ndan b\u00f6lgede kullan\u0131lmak \u00fczere Avrupa Birli\u011fi taraf\u0131ndan T\u00fcrkiye&#8217;ye sa\u011flanacak 400 milyon euro tutar\u0131ndaki yard\u0131m paketini i\u00e7eren resmi yetkilendirme anla\u015fmas\u0131 D\u0131\u015fi\u015fleri Bakan Yard\u0131mc\u0131s\u0131 Mehmet Kemal Bozay ve AB\u2019nin Uyum ve Reformlardan Sorumlu Komiseri Elisa Ferreira taraf\u0131ndan Bel\u00e7ika\u2019n\u0131n ba\u015fkenti Br\u00fcksel\u2019de imzaland\u0131. AB ve T\u00fcrkiye aras\u0131nda ger\u00e7ekle\u015ftirilen imza t\u00f6reni AB Komisyonu\u2019nun merkezi olan Berlaymont binas\u0131nda yap\u0131ld\u0131.<\/span><\/p>\n<p><strong><span style=\"font-family: arial, helvetica, sans-serif; font-size: 14px;\">\u201cDayan\u0131\u015fma Fonu \u00e7er\u00e7evesinde aday bir \u00fclkeye sa\u011flad\u0131\u011f\u0131 en y\u00fcksek tutar\u201d<\/span><\/strong><br \/>\n<span style=\"font-family: arial, helvetica, sans-serif; font-size: 14px;\">Konuya ili\u015fkin olarak yay\u0131nlanan bas\u0131n a\u00e7\u0131klamas\u0131nda, \u201cAvrupa Komisyonu taraf\u0131ndan \u00fclkemize aktar\u0131lacak fon ile 6 \u015eubat\u2019ta meydana gelen deprem felaketinin ard\u0131ndan b\u00f6lgede yeniden imar \u00e7abalar\u0131na destek verilecek. Koordinasyonu D\u0131\u015fi\u015fleri Bakanl\u0131\u011f\u0131 Avrupa Birli\u011fi Ba\u015fkanl\u0131\u011f\u0131 taraf\u0131ndan yap\u0131lacak fona dair t\u00fcm \u00e7al\u0131\u015fmalar Strateji ve B\u00fct\u00e7e Ba\u015fkanl\u0131\u011f\u0131 ve Hazine ve Maliye Bakanl\u0131\u011f\u0131n\u0131n ilgili birimlerinin i\u015fbirli\u011fi ve di\u011fer kurumlar\u0131n katk\u0131lar\u0131 al\u0131narak y\u00fcr\u00fct\u00fclecektir\u201d denildi.<\/span><br \/>\n<span style=\"font-family: arial, helvetica, sans-serif; font-size: 14px;\">A\u00e7\u0131klamada ayr\u0131ca, \u201cAB Dayan\u0131\u015fma Fonu, do\u011fal afetlerden etkilenen birli\u011fe \u00fcye veya aday \u00fclkelerde bu afetler sonucunda ortaya \u00e7\u0131kan y\u0131k\u0131mlar\u0131n giderilmesine y\u00f6nelik \u00f6nlemlere finansman sa\u011flanmas\u0131 amac\u0131yla, AB b\u00fct\u00e7esinin yan\u0131 s\u0131ra \u00fcye \u00fclkelerin yard\u0131mlar\u0131yla olu\u015fturulmu\u015f bir fondur. \u00dclkemize sa\u011flanacak olan bu tutar, AB\u2019nin Dayan\u0131\u015fma Fonu \u00e7er\u00e7evesinde \u015fimdiye kadar aday bir \u00fclkeye sa\u011flad\u0131\u011f\u0131 en y\u00fcksek tutard\u0131r\u201d ifadeleri kullan\u0131ld\u0131.<\/span><\/p>\n","protected":false},"excerpt":{"rendered":"<p>T\u00fcrkiye&#8217;de ya\u015fanan Kahramanmara\u015f merkezli depremin ard\u0131ndan Avrupa Birli\u011fi (AB) taraf\u0131ndan s\u00f6z\u00fc verilen 400 milyon euroluk afet yard\u0131m\u0131 i\u00e7in imzalar at\u0131ld\u0131.<\/p>\n","protected":false},"author":3,"featured_media":21404,"comment_status":"open","ping_status":"open","sticky":false,"template":"","format":"standard","meta":{"colormag_page_container_layout":"default_layout","colormag_page_sidebar_layout":"default_layout","footnotes":""},"categories":[3,1,5],"tags":[],"class_list":["post-21403","post","type-post","status-publish","format-standard","has-post-thumbnail","hentry","category-ekonomi","category-genel","category-gundem"],"_links":{"self":[{"href":"https:\/\/marmarayerelhizmet.com\/index.php\/wp-json\/wp\/v2\/posts\/21403","targetHints":{"allow":["GET"]}}],"collection":[{"href":"https:\/\/marmarayerelhizmet.com\/index.php\/wp-json\/wp\/v2\/posts"}],"about":[{"href":"https:\/\/marmarayerelhizmet.com\/index.php\/wp-json\/wp\/v2\/types\/post"}],"author":[{"embeddable":true,"href":"https:\/\/marmarayerelhizmet.com\/index.php\/wp-json\/wp\/v2\/users\/3"}],"replies":[{"embeddable":true,"href":"https:\/\/marmarayerelhizmet.com\/index.php\/wp-json\/wp\/v2\/comments?post=21403"}],"version-history":[{"count":0,"href":"https:\/\/marmarayerelhizmet.com\/index.php\/wp-json\/wp\/v2\/posts\/21403\/revisions"}],"wp:featuredmedia":[{"embeddable":true,"href":"https:\/\/marmarayerelhizmet.com\/index.php\/wp-json\/wp\/v2\/media\/21404"}],"wp:attachment":[{"href":"https:\/\/marmarayerelhizmet.com\/index.php\/wp-json\/wp\/v2\/media?parent=21403"}],"wp:term":[{"taxonomy":"category","embeddable":true,"href":"https:\/\/marmarayerelhizmet.com\/index.php\/wp-json\/wp\/v2\/categories?post=21403"},{"taxonomy":"post_tag","embeddable":true,"href":"https:\/\/marmarayerelhizmet.com\/index.php\/wp-json\/wp\/v2\/tags?post=21403"}],"curies":[{"name":"wp","href":"https:\/\/api.w.org\/{rel}","templated":true}]}}