{"id":21390,"date":"2024-02-07T19:30:45","date_gmt":"2024-02-07T16:30:45","guid":{"rendered":"https:\/\/marmarayerelhizmet.com\/?p=21390"},"modified":"2024-02-07T19:30:45","modified_gmt":"2024-02-07T16:30:45","slug":"sanatcilar-depremi-cizgilerle-anlatti","status":"publish","type":"post","link":"https:\/\/marmarayerelhizmet.com\/index.php\/2024\/02\/07\/sanatcilar-depremi-cizgilerle-anlatti\/","title":{"rendered":"Sanat\u00e7\u0131lar Depremi \u00c7izgilerle Anlatt\u0131"},"content":{"rendered":"<p><strong><span style=\"font-family: arial, helvetica, sans-serif; font-size: 14px;\">Esenler Belediyesi, \u201casr\u0131n felaketi\u201d olarak bilinen ve 11 ilimizi etkileyen Kahramanmara\u015f merkezli depremlerin y\u0131l d\u00f6n\u00fcm\u00fcnde \u201cUluslararas\u0131 \u00c7izgilerle Deprem\u201d adl\u0131 karikat\u00fcr sergisine ev sahipli\u011fi yapt\u0131. Ayn\u0131 g\u00fcn Esenler Belediyesi Sanat Evi (ESEV) \u00f6\u011frencileri taraf\u0131ndan sahnelenen deprem temal\u0131 \u201cSessizlik\u201d adl\u0131 tiyatro oyununun da g\u00f6sterimi ger\u00e7ekle\u015fti.<br \/>\n<\/span><\/strong><br \/>\n<span style=\"font-family: arial, helvetica, sans-serif; font-size: 14px;\">Esenler Belediyesi, D\u00fcnya Karikat\u00fcristler Birli\u011fi ortakl\u0131\u011f\u0131yla 6 \u015eubat depremlerinin 1. y\u0131l d\u00f6n\u00fcm\u00fcnde uluslararas\u0131 sanat\u00e7\u0131lar\u0131n eserlerinden olu\u015fan \u201cUluslararas\u0131 \u00c7izgilerle Deprem\u201d adl\u0131 karikat\u00fcr sergisine ev sahipli\u011fi yapt\u0131. Dr. Kadir Topba\u015f K\u00fclt\u00fcr Sanat Merkezi\u2019nde sanatseverlerle bulu\u015fan sergide \u0130talya\u2019dan Norve\u00e7\u2019e, \u0130ran\u2019dan \u00c7in\u2019e kadar 27 \u00fclkeden karikat\u00fcr sanat\u00e7\u0131lar\u0131, 45 eserini merakl\u0131lar\u0131yla bulu\u015fturdu. 9 \u015eubat\u2019a kadar ziyaret edilebilecek serginin a\u00e7\u0131l\u0131\u015f t\u00f6renine, Esenler Belediye Ba\u015fkan\u0131 M. Tevfik G\u00f6ksu, Esenler Kaymakam\u0131 S\u00fcleyman \u00d6z\u00e7ak\u0131c\u0131, D\u00fcnya Karikat\u00fcristler Birli\u011fi Ba\u015fkan\u0131 Ahmet Altay ve \u00e7ok say\u0131da sanatsever kat\u0131ld\u0131. Ayn\u0131 g\u00fcn Esenler Belediyesi Sanat Evi (ESEV) \u00f6\u011frencileri taraf\u0131ndan sahnelenen deprem konulu \u201cSessizlik\u201d adl\u0131 tiyatro oyununun da g\u00f6sterimi yap\u0131ld\u0131. 4 farkl\u0131 hikayenin sahneye ta\u015f\u0131nd\u0131\u011f\u0131 oyunun sonunda ESEV taraf\u0131ndan yaz\u0131p bestelenen \u201c\u0130nsanl\u0131k Enkaz Alt\u0131nda\u201d adl\u0131 \u015fark\u0131 seslendirildi.<\/span><\/p>\n<p><strong><span style=\"font-family: arial, helvetica, sans-serif; font-size: 14px;\">\u201cRenklerimiz farkl\u0131 olsa da g\u00f6zya\u015flar\u0131m\u0131z ayn\u0131\u201d<\/span><\/strong><br \/>\n<span style=\"font-family: arial, helvetica, sans-serif; font-size: 14px;\">Depremin hepimizin can\u0131n\u0131 yakt\u0131\u011f\u0131n\u0131 kaydeden ESEV Genel Sanat Y\u00f6netmeni Abd\u00fclbaki K\u00f6m\u00fcr, \u201cDepremin \u00fczerinden bir y\u0131l ge\u00e7ti. \u00dcz\u00fcnt\u00fcs\u00fcn\u00fcn dokunmad\u0131\u011f\u0131 ev, dokunmad\u0131\u011f\u0131 aile kalmad\u0131. Hepimizin can\u0131 yand\u0131 ama hepimiz insan\u0131z. Ac\u0131lar\u0131m\u0131z hep i\u00e7imizde kalsa da insanlara iyi gelmeye \u00e7al\u0131\u015farak devam ediyoruz. Sanat\u0131n i\u015flevlerinden bir tanesi de budur. Siyaset\u00e7iler ba\u015fka, edebiyat\u00e7\u0131lar ba\u015fka, sporcular ba\u015fka konu\u015fur. Sanat\u00e7\u0131lar hayat\u0131n devam etti\u011fini g\u00f6sterirken, insanlar\u0131n y\u00fcz\u00fcn\u00fc g\u00fcld\u00fcrerek birbirimize iyi gelmeyi \u00f6\u011fretir. Bu sergide de d\u00fcnyan\u0131n farkl\u0131 yerlerinden insanlar bizim ya\u015fad\u0131\u011f\u0131m\u0131z depremle ilgili resimler g\u00f6nderdiler. \u0130simler, renkler farkl\u0131 olabilir ama g\u00f6zya\u015f\u0131m\u0131z ayn\u0131. Sanat\u00e7\u0131lar\u0131m\u0131z bize bunu g\u00f6sterdiler. Hepsini y\u00fcrekten kutluyorum\u201d dedi.<\/span><\/p>\n<p><strong><span style=\"font-family: arial, helvetica, sans-serif; font-size: 14px;\">\u201cEserler ilk defa burada sergileniyor\u201d<\/span><\/strong><br \/>\n<span style=\"font-family: arial, helvetica, sans-serif; font-size: 14px;\">Eserlerin depremden hemen sonra yap\u0131ld\u0131\u011f\u0131n\u0131 belirten Karikat\u00fcrist Ahmet Altayl\u0131, \u201cD\u00fcnyan\u0131n en b\u00fcy\u00fck depremlerden birini ya\u015fad\u0131k. 10 g\u00fcn i\u00e7erisinde 500 eser geldi. O d\u00f6nemde sergi yapma durumumuz olmad\u0131. Niyetimiz y\u0131l d\u00f6n\u00fcm\u00fcnde b\u00f6yle bir sergi yapmakt\u0131. Eserlerinden aras\u0131ndan 45 tanesini se\u00e7ki olarak sergilemi\u015f olduk. Eserler ilk defa burada sergileniyor. Sosyal sorumluluk ad\u0131na kalbe dokunan i\u015fler yapmak \u00e7ok \u00f6nemli. Eserleriyle bize karde\u015fli\u011fimizi g\u00f6sterdikleri i\u00e7in \u00e7izerlerimize bir kez daha te\u015fekk\u00fcr ediyorum\u201d ifadelerini kulland\u0131.<\/span><\/p>\n<p><strong><span style=\"font-family: arial, helvetica, sans-serif; font-size: 14px;\">\u201cAc\u0131lar\u0131m\u0131z\u0131 tekrar hat\u0131rlatt\u0131\u201d<\/span><\/strong><br \/>\n<span style=\"font-family: arial, helvetica, sans-serif; font-size: 14px;\">Serginin a\u00e7\u0131l\u0131\u015f\u0131nda konu\u015fan AK Parti Esenler Meclis \u00dcyesi Musa Ada ise, \u201cAllah bir daha b\u00f6yle bir felaket g\u00f6stermesin. B\u00fcy\u00fck ac\u0131lar ya\u015fad\u0131k ama bu zor g\u00fcnlerin \u00fcst\u00fcnden hep birlikte gelece\u011fiz. Birlik i\u00e7inde olmam\u0131z laz\u0131m\u201d diyerek d\u00fc\u015f\u00fcncelerini aktard\u0131. Sergiyi ziyaret eden Ay\u015feg\u00fcl Avc\u0131, ya\u015fananlar\u0131 unutmad\u0131klar\u0131n\u0131 kaydederek \u201c6 \u015eubat tarihinin \u00fczerinden bir y\u0131l ge\u00e7ti ama biz ya\u015fananlar\u0131 unutturmamak i\u00e7in elimizden geleni yap\u0131yoruz. Bu sergide g\u00f6rd\u00fc\u011f\u00fcm\u00fcz resimler bize bir y\u0131l \u00f6nce duydu\u011fumuz \u00fcz\u00fcnt\u00fcy\u00fc ve \u00fclkece ya\u015fad\u0131klar\u0131m\u0131z\u0131 tekrar hat\u0131rlatt\u0131\u201d diye konu\u015ftu.<\/span><\/p>\n<p><strong><span style=\"font-family: arial, helvetica, sans-serif; font-size: 14px;\">\u201c\u00c7ok etkileyici bir sergi\u201d<\/span><\/strong><br \/>\n<span style=\"font-family: arial, helvetica, sans-serif; font-size: 14px;\">Ziyaret\u00e7ilerden Rahime Medet ise, \u201cMillet\u00e7e \u00e7ok k\u00f6t\u00fc g\u00fcnler ge\u00e7irdik, \u00e7ok \u00fczg\u00fcn\u00fcz. Depremden sonraki s\u00fcre\u00e7te hepimiz birbirimize yard\u0131mc\u0131 olmaya, yaralar\u0131m\u0131z\u0131 sarmaya \u00e7al\u0131\u015ft\u0131k. Bug\u00fcn depremin y\u0131l d\u00f6n\u00fcm\u00fc. D\u00fczenlenen programlarla kaybetti\u011fimiz canlar\u0131m\u0131z\u0131 an\u0131yoruz. \u2018Uluslararas\u0131 \u00c7izgilerle Deprem\u2019 sergisini de bu anlamda \u00e7ok etkileyici buldum. \u00d6zellikle bir baban\u0131n enkaz alt\u0131ndaki k\u0131z\u0131n\u0131n elini tuttu\u011fu bir foto\u011fraf vard\u0131, sergideki baz\u0131 \u00e7izimler bana o foto\u011fraf\u0131 hat\u0131rlatt\u0131. Esenler Belediyesine te\u015fekk\u00fcr ediyorum\u201d \u015feklinde konu\u015ftu.<\/span><\/p>\n","protected":false},"excerpt":{"rendered":"<p>Esenler Belediyesi, \u201casr\u0131n felaketi\u201d olarak bilinen ve 11 ilimizi etkileyen Kahramanmara\u015f merkezli depremlerin y\u0131l d\u00f6n\u00fcm\u00fcnde \u201cUluslararas\u0131 \u00c7izgilerle Deprem\u201d adl\u0131 karikat\u00fcr<\/p>\n","protected":false},"author":3,"featured_media":21391,"comment_status":"open","ping_status":"open","sticky":false,"template":"","format":"standard","meta":{"colormag_page_container_layout":"default_layout","colormag_page_sidebar_layout":"default_layout","footnotes":""},"categories":[1,5,6,8],"tags":[],"class_list":["post-21390","post","type-post","status-publish","format-standard","has-post-thumbnail","hentry","category-genel","category-gundem","category-kultur-sanat","category-siyaset"],"_links":{"self":[{"href":"https:\/\/marmarayerelhizmet.com\/index.php\/wp-json\/wp\/v2\/posts\/21390","targetHints":{"allow":["GET"]}}],"collection":[{"href":"https:\/\/marmarayerelhizmet.com\/index.php\/wp-json\/wp\/v2\/posts"}],"about":[{"href":"https:\/\/marmarayerelhizmet.com\/index.php\/wp-json\/wp\/v2\/types\/post"}],"author":[{"embeddable":true,"href":"https:\/\/marmarayerelhizmet.com\/index.php\/wp-json\/wp\/v2\/users\/3"}],"replies":[{"embeddable":true,"href":"https:\/\/marmarayerelhizmet.com\/index.php\/wp-json\/wp\/v2\/comments?post=21390"}],"version-history":[{"count":0,"href":"https:\/\/marmarayerelhizmet.com\/index.php\/wp-json\/wp\/v2\/posts\/21390\/revisions"}],"wp:featuredmedia":[{"embeddable":true,"href":"https:\/\/marmarayerelhizmet.com\/index.php\/wp-json\/wp\/v2\/media\/21391"}],"wp:attachment":[{"href":"https:\/\/marmarayerelhizmet.com\/index.php\/wp-json\/wp\/v2\/media?parent=21390"}],"wp:term":[{"taxonomy":"category","embeddable":true,"href":"https:\/\/marmarayerelhizmet.com\/index.php\/wp-json\/wp\/v2\/categories?post=21390"},{"taxonomy":"post_tag","embeddable":true,"href":"https:\/\/marmarayerelhizmet.com\/index.php\/wp-json\/wp\/v2\/tags?post=21390"}],"curies":[{"name":"wp","href":"https:\/\/api.w.org\/{rel}","templated":true}]}}