{"id":21386,"date":"2024-02-07T19:29:14","date_gmt":"2024-02-07T16:29:14","guid":{"rendered":"https:\/\/marmarayerelhizmet.com\/?p=21386"},"modified":"2024-02-07T19:29:14","modified_gmt":"2024-02-07T16:29:14","slug":"depremde-hayatini-kaybedenler-anildi-2","status":"publish","type":"post","link":"https:\/\/marmarayerelhizmet.com\/index.php\/2024\/02\/07\/depremde-hayatini-kaybedenler-anildi-2\/","title":{"rendered":"Depremde Hayat\u0131n\u0131 Kaybedenler An\u0131ld\u0131"},"content":{"rendered":"<p><strong><span style=\"font-family: arial, helvetica, sans-serif; font-size: 14px;\">Kahramanmara\u015f Merkezli meydana gelen depremlerin y\u0131l d\u00f6n\u00fcm\u00fcnde hayat\u0131n\u0131 kaybeden vatanda\u015flar i\u00e7in Esenyurt&#8217;ta anma program\u0131 d\u00fczenlendi.<br \/>\n<\/span><\/strong><br \/>\n<span style=\"font-family: arial, helvetica, sans-serif; font-size: 14px;\">Esenyurt Belediyesi, Kahramanmara\u015f depremlerinin 1. y\u0131l d\u00f6n\u00fcm\u00fcnde vefat eden vatanda\u015flar\u0131 anmak i\u00e7in Cumhuriyet Meydan\u0131\u2019nda bir anma program\u0131 d\u00fczenledi. Anma program\u0131n\u0131n Mira\u00e7 Kandili\u2019ne denk gelmesi nedeniyle de hayat\u0131n\u0131 kaybedenler i\u00e7in program boyunca dualar okundu. Birlik, beraberlik ve karde\u015fli\u011fin ya\u015fand\u0131\u011f\u0131 gecede meydanda kurulan stantlarda vatanda\u015flara lokma da\u011f\u0131t\u0131m\u0131 yap\u0131ld\u0131. Programda g\u00f6rev alan belediye personelleri, kendilerine gelen talep ve \u00f6nerileri dinlerken, anmaya kat\u0131lan vatanda\u015flar\u0131n kandilini kutlamay\u0131 da ihmal etmedi.<\/span><\/p>\n<p><strong><span style=\"font-family: arial, helvetica, sans-serif; font-size: 14px;\">\u0130l\u00e7e genelindeki camilerde vatanda\u015flar\u0131n kandilleri kutland\u0131<\/span><\/strong><br \/>\n<span style=\"font-family: arial, helvetica, sans-serif; font-size: 14px;\">Mira\u00e7 Kandili dolay\u0131s\u0131yla Esenyurt Belediye Ba\u015fkan Yard\u0131mc\u0131lar\u0131, il\u00e7e genelindeki camilerde vatanda\u015flar\u0131n kandillerini tebrik ederek kandil simidi ikram\u0131nda bulundu. Esenyurtlu vatanda\u015flar ise kendilerini unutmayan belediye ve \u00e7al\u0131\u015fanlar\u0131na te\u015fekk\u00fcr etti.<\/span><\/p>\n","protected":false},"excerpt":{"rendered":"<p>Kahramanmara\u015f Merkezli meydana gelen depremlerin y\u0131l d\u00f6n\u00fcm\u00fcnde hayat\u0131n\u0131 kaybeden vatanda\u015flar i\u00e7in Esenyurt&#8217;ta anma program\u0131 d\u00fczenlendi. Esenyurt Belediyesi, Kahramanmara\u015f depremlerinin 1.<\/p>\n","protected":false},"author":3,"featured_media":21387,"comment_status":"open","ping_status":"open","sticky":false,"template":"","format":"standard","meta":{"colormag_page_container_layout":"default_layout","colormag_page_sidebar_layout":"default_layout","footnotes":""},"categories":[1,5,8],"tags":[],"class_list":["post-21386","post","type-post","status-publish","format-standard","has-post-thumbnail","hentry","category-genel","category-gundem","category-siyaset"],"_links":{"self":[{"href":"https:\/\/marmarayerelhizmet.com\/index.php\/wp-json\/wp\/v2\/posts\/21386","targetHints":{"allow":["GET"]}}],"collection":[{"href":"https:\/\/marmarayerelhizmet.com\/index.php\/wp-json\/wp\/v2\/posts"}],"about":[{"href":"https:\/\/marmarayerelhizmet.com\/index.php\/wp-json\/wp\/v2\/types\/post"}],"author":[{"embeddable":true,"href":"https:\/\/marmarayerelhizmet.com\/index.php\/wp-json\/wp\/v2\/users\/3"}],"replies":[{"embeddable":true,"href":"https:\/\/marmarayerelhizmet.com\/index.php\/wp-json\/wp\/v2\/comments?post=21386"}],"version-history":[{"count":0,"href":"https:\/\/marmarayerelhizmet.com\/index.php\/wp-json\/wp\/v2\/posts\/21386\/revisions"}],"wp:featuredmedia":[{"embeddable":true,"href":"https:\/\/marmarayerelhizmet.com\/index.php\/wp-json\/wp\/v2\/media\/21387"}],"wp:attachment":[{"href":"https:\/\/marmarayerelhizmet.com\/index.php\/wp-json\/wp\/v2\/media?parent=21386"}],"wp:term":[{"taxonomy":"category","embeddable":true,"href":"https:\/\/marmarayerelhizmet.com\/index.php\/wp-json\/wp\/v2\/categories?post=21386"},{"taxonomy":"post_tag","embeddable":true,"href":"https:\/\/marmarayerelhizmet.com\/index.php\/wp-json\/wp\/v2\/tags?post=21386"}],"curies":[{"name":"wp","href":"https:\/\/api.w.org\/{rel}","templated":true}]}}