{"id":20008,"date":"2024-01-09T16:44:05","date_gmt":"2024-01-09T13:44:05","guid":{"rendered":"https:\/\/marmarayerelhizmet.com\/?p=20008"},"modified":"2024-01-09T16:44:05","modified_gmt":"2024-01-09T13:44:05","slug":"uludagda-beklenen-kar-yagisi-basladi","status":"publish","type":"post","link":"https:\/\/marmarayerelhizmet.com\/index.php\/2024\/01\/09\/uludagda-beklenen-kar-yagisi-basladi\/","title":{"rendered":"Uluda\u011f&#8217;da Beklenen Kar Ya\u011f\u0131\u015f\u0131 Ba\u015flad\u0131"},"content":{"rendered":"<p><strong><span style=\"font-family: arial, helvetica, sans-serif; font-size: 14px;\">Yeni y\u0131la kars\u0131z giren Uluda\u011f&#8217;da beklenen ya\u011f\u0131\u015f ba\u015flad\u0131. \u00d6\u011fle saatlerinden itibaren hafif aral\u0131klarla g\u00f6r\u00fclen kar ya\u011f\u0131\u015f\u0131 \u015fiddetini artt\u0131rarak devam edince pistler bir anda kayak\u00e7\u0131larla doldu.<br \/>\n<\/span><\/strong><br \/>\n<span style=\"font-family: arial, helvetica, sans-serif; font-size: 14px;\">Kar ya\u011f\u0131\u015f\u0131 olmad\u0131\u011f\u0131 i\u00e7in sezonun s\u00f6n\u00fck ba\u015flad\u0131\u011f\u0131 Uluda\u011f&#8217;da beklenen kar geldi. \u00d6\u011fle saatlerinden itibaren aral\u0131klarla d\u00fc\u015fen kar ya\u011f\u0131\u015f\u0131 etkisini artt\u0131r\u0131p pistleri doldurunca bir anda her yer kayak severler ile doldu.<\/span><br \/>\n<span style=\"font-family: arial, helvetica, sans-serif; font-size: 14px;\">Kar haberini alan Bursal\u0131lar hafta sonunu beklemeden oteller b\u00f6lgesinin yolunu tuttu. Uzun zamand\u0131r beklenen kar\u0131n keyfini vatanda\u015flar kayak yap\u0131p k\u0131zak kayarak \u00e7\u0131kard\u0131lar.<\/span><br \/>\n<span style=\"font-family: arial, helvetica, sans-serif; font-size: 14px;\">Meteorolojiden al\u0131nan son bilgilere g\u00f6re, Uluda\u011f&#8217;da kar kal\u0131nl\u0131\u011f\u0131n\u0131n 30 santimetreye ula\u015ft\u0131\u011f\u0131 \u00f6\u011frenildi. Bu ak\u015fam, yar\u0131n ve per\u015fembe g\u00fcn\u00fc kesintisiz kar ya\u011f\u0131\u015f\u0131n\u0131n devam edece\u011fi Uluda\u011f&#8217;da en d\u00fc\u015f\u00fck s\u0131cakl\u0131\u011f\u0131n yar\u0131n gece -8 per\u015fembe gecesi ise &#8211; 12 dereceye kadar d\u00fc\u015fece\u011fi belirtildi. \u00d6n\u00fcm\u00fczdeki hafta sonu havan\u0131n daha da so\u011fuyaca\u011f\u0131 Uluda\u011f&#8217;da pazar gecesi en d\u00fc\u015f\u00fck s\u0131cakl\u0131\u011f\u0131n &#8211; 17 derece olmas\u0131 bekleniyor.<\/span><br \/>\n<span style=\"font-family: arial, helvetica, sans-serif; font-size: 14px;\">Kar ya\u011f\u0131\u015f\u0131n\u0131n ba\u015fta otelciler olmak \u00fczere Uluda\u011f esnaf\u0131n\u0131 \u00e7ok mutlu etti\u011fini kaydeden A\u011fao\u011flu Otel M\u00fcd\u00fcr\u00fc Murat P\u0131narc\u0131, &#8220;Hem sezon a\u00e7\u0131l\u0131\u015f\u0131 hem de y\u0131lba\u015f\u0131 gecesi bu sene kar olmad\u0131\u011f\u0131 i\u00e7in \u00e7ok s\u00f6n\u00fck ge\u00e7ti. Otelciler olarak neredeyse kar duas\u0131na \u00e7\u0131kacakt\u0131k. \u00c7ok \u015f\u00fck\u00fcr kar ya\u011f\u0131\u015f\u0131 ba\u015flad\u0131. \u00d6n\u00fcm\u00fczdeki 3 g\u00fcn yo\u011fun kar bekleniyor. Umar\u0131z her \u015fey istedi\u011fimiz gibi olur. S\u00f6mestr tatiline karla gireriz. \u00d6\u011frenciler ve ailelerini Uluda\u011f&#8217;a tatile bekliyoruz&#8221; diye konu\u015ftu.<\/span><br \/>\n<span style=\"font-family: arial, helvetica, sans-serif; font-size: 14px;\">T\u00fcrkiye Kayak ve Snowboard \u00d6\u011fretmenleri Derne\u011fi Ba\u015fkan\u0131 Yahya Usta ise S\u00f6mestr tatili \u00f6ncesi kar ya\u011f\u0131\u015f\u0131n\u0131n ba\u015flamas\u0131n\u0131n sevindirici oldu\u011funu vurgulad\u0131. Uluda\u011f&#8217;da bir ki\u015finin 2 saatte kendi ba\u015f\u0131na kayak yapabilecek duruma geldi\u011fini belirten Usta, ders saatlerinin 250 liradan ba\u015flad\u0131\u011f\u0131n\u0131 s\u00f6yledi. Uluda\u011f&#8217;da gecelik konaklama fiyatlar\u0131 ise ki\u015fi ba\u015f\u0131 6 bin 500 lira ile 10 bin lira aras\u0131 de\u011fi\u015fiyor.<\/span><\/p>\n","protected":false},"excerpt":{"rendered":"<p>Yeni y\u0131la kars\u0131z giren Uluda\u011f&#8217;da beklenen ya\u011f\u0131\u015f ba\u015flad\u0131. \u00d6\u011fle saatlerinden itibaren hafif aral\u0131klarla g\u00f6r\u00fclen kar ya\u011f\u0131\u015f\u0131 \u015fiddetini artt\u0131rarak devam edince<\/p>\n","protected":false},"author":3,"featured_media":20009,"comment_status":"open","ping_status":"open","sticky":false,"template":"","format":"standard","meta":{"colormag_page_container_layout":"default_layout","colormag_page_sidebar_layout":"default_layout","footnotes":""},"categories":[1,5],"tags":[],"class_list":["post-20008","post","type-post","status-publish","format-standard","has-post-thumbnail","hentry","category-genel","category-gundem"],"_links":{"self":[{"href":"https:\/\/marmarayerelhizmet.com\/index.php\/wp-json\/wp\/v2\/posts\/20008","targetHints":{"allow":["GET"]}}],"collection":[{"href":"https:\/\/marmarayerelhizmet.com\/index.php\/wp-json\/wp\/v2\/posts"}],"about":[{"href":"https:\/\/marmarayerelhizmet.com\/index.php\/wp-json\/wp\/v2\/types\/post"}],"author":[{"embeddable":true,"href":"https:\/\/marmarayerelhizmet.com\/index.php\/wp-json\/wp\/v2\/users\/3"}],"replies":[{"embeddable":true,"href":"https:\/\/marmarayerelhizmet.com\/index.php\/wp-json\/wp\/v2\/comments?post=20008"}],"version-history":[{"count":0,"href":"https:\/\/marmarayerelhizmet.com\/index.php\/wp-json\/wp\/v2\/posts\/20008\/revisions"}],"wp:featuredmedia":[{"embeddable":true,"href":"https:\/\/marmarayerelhizmet.com\/index.php\/wp-json\/wp\/v2\/media\/20009"}],"wp:attachment":[{"href":"https:\/\/marmarayerelhizmet.com\/index.php\/wp-json\/wp\/v2\/media?parent=20008"}],"wp:term":[{"taxonomy":"category","embeddable":true,"href":"https:\/\/marmarayerelhizmet.com\/index.php\/wp-json\/wp\/v2\/categories?post=20008"},{"taxonomy":"post_tag","embeddable":true,"href":"https:\/\/marmarayerelhizmet.com\/index.php\/wp-json\/wp\/v2\/tags?post=20008"}],"curies":[{"name":"wp","href":"https:\/\/api.w.org\/{rel}","templated":true}]}}