{"id":19995,"date":"2024-01-09T15:24:16","date_gmt":"2024-01-09T12:24:16","guid":{"rendered":"https:\/\/marmarayerelhizmet.com\/?p=19995"},"modified":"2024-01-09T15:24:16","modified_gmt":"2024-01-09T12:24:16","slug":"akademi-ogrencileri-film-setinde","status":"publish","type":"post","link":"https:\/\/marmarayerelhizmet.com\/index.php\/2024\/01\/09\/akademi-ogrencileri-film-setinde\/","title":{"rendered":"Akademi \u00d6\u011frencileri Film Setinde"},"content":{"rendered":"<p><strong><span style=\"font-family: arial, helvetica, sans-serif; font-size: 14px;\">Esenler Sinema Akademisi \u00f6\u011frencileri, \u00e7ekimleri devam eden \u201cG\u00fcn \u00c7i\u00e7e\u011fi\u201d isimli uzun metraj filminin setinde \u00fc\u00e7 g\u00fcn ge\u00e7irerek \u00e7ekimleri yak\u0131ndan izlediler. Y\u00f6netmen Bekir B\u00fclb\u00fcl ve \u00e7ekim ekibinin tecr\u00fcbelerini dinleme \u015fans\u0131 bulan \u00f6\u011frenciler filmin baz\u0131 sahnelerinde fig\u00fcran olarak yer ald\u0131.<br \/>\n<\/span><\/strong><br \/>\n<span style=\"font-family: arial, helvetica, sans-serif; font-size: 14px;\">Esenler Sinema Akademisi, 6. y\u0131l\u0131nda e\u011fitimlere yo\u011fun bi\u00e7imde devam ediyor. Y\u00f6netmenlik, senaryo, kurgu ve sinema tarihi ve ele\u015ftirmenli\u011fi alanlar\u0131nda d\u00f6rt derste e\u011fitim g\u00f6ren \u00f6\u011frenciler, pratik yo\u011funluklu e\u011fitimlerle bu alanda ilk deneyimlerini de kazanma \u015fans\u0131 buluyor. Akademi kapsam\u0131nda her y\u0131l ger\u00e7ekle\u015ftirilen etkinliklere bu y\u0131l set ziyaretleri de eklendi. Ziyaretlerin ilki, y\u00f6netmen Bekir B\u00fclb\u00fcl\u2019\u00fcn \u00fc\u00e7\u00fcnc\u00fc uzun metrajl\u0131 filmi \u2018G\u00fcn \u00c7i\u00e7e\u011fi\u2019nin setine yap\u0131ld\u0131.<\/span><\/p>\n<p><strong><span style=\"font-family: arial, helvetica, sans-serif; font-size: 14px;\">Uzun metraj filmde yer ald\u0131lar<\/span><\/strong><br \/>\n<span style=\"font-family: arial, helvetica, sans-serif; font-size: 14px;\">Akademi \u00f6\u011frencileri, \u00fc\u00e7 g\u00fcn boyunca misafir olduklar\u0131 filmin setinde g\u00fcn boyu devam eden \u00e7ekimleri yak\u0131ndan izleme \u015fans\u0131 buldu. Filmin y\u00f6netmeni Bekir B\u00fclb\u00fcl, g\u00f6r\u00fcnt\u00fc y\u00f6netmeni K\u00fcr\u015fat \u00dcresin ve sanat y\u00f6netmeni Natali Yeres\u2019den tecr\u00fcbelerini dinleyen \u00f6\u011frenciler, filmin baz\u0131 sahnelerinde fig\u00fcran olarak yer ald\u0131. \u00c7ekimleri b\u00fcy\u00fck bir dikkatle izleyen \u00f6\u011frenciler, zaman zaman set ekibinden \u00e7ekimlerle ilgili anl\u0131k bilgiler de ald\u0131.<\/span><\/p>\n<p><strong><span style=\"font-family: arial, helvetica, sans-serif; font-size: 14px;\">\u00c7ok \u00f6nemli bir deneyim<\/span><\/strong><br \/>\n<span style=\"font-family: arial, helvetica, sans-serif; font-size: 14px;\">Uzun metraj bir filmin setinde bulunmaktan b\u00fcy\u00fck keyif ald\u0131klar\u0131n\u0131 s\u00f6yleyen akademi \u00f6\u011frencileri, set ekibiyle \u00e7ekim heyecan\u0131n\u0131 payla\u015fman\u0131n da kendileri i\u00e7in \u00f6nemli bir deneyim oldu\u011funu ifade etti \u00d6\u011frenciler, filmin pek \u00e7ok a\u015famas\u0131n\u0131 yerinde izlediklerini belirterek setteki g\u00f6zlem ve deneyimlerinin derslerde ald\u0131klar\u0131 teorik bilgileri peki\u015ftirdi\u011fini s\u00f6yledi. \u00d6\u011frenciler y\u00f6netmen ve set ekibiyle birlikte hat\u0131ra foto\u011fraflar\u0131 \u00e7ekildi.<\/span><\/p>\n<p><strong><span style=\"font-family: arial, helvetica, sans-serif; font-size: 14px;\">Ustalar gen\u00e7lerle bulu\u015fuyor<\/span><\/strong><br \/>\n<span style=\"font-family: arial, helvetica, sans-serif; font-size: 14px;\">Akademi \u00e7er\u00e7evesinde bu y\u0131l da ger\u00e7ekle\u015ftirilecek Ustal\u0131k S\u0131n\u0131f\u0131\u2019nda T\u00fcrk sinema sekt\u00f6r\u00fcn\u00fcn usta isimleri gen\u00e7 sinemaseverlerle bir araya gelecek. Y\u00f6netmen Dervi\u015f Zaim, usta oyuncu Perihan Sava\u015f, g\u00f6r\u00fcnt\u00fc y\u00f6netmeni Feza \u00c7ald\u0131ran ve yap\u0131mc\u0131 Cemil Yavuz, \u00f6\u011frencilerle bir araya gelerek tecr\u00fcbelerini payla\u015facak.<br \/>\n<\/span><br \/>\n<strong><span style=\"font-family: arial, helvetica, sans-serif; font-size: 14px;\">Kendi filmlerini \u00e7ekecekler<\/span><\/strong><br \/>\n<span style=\"font-family: arial, helvetica, sans-serif; font-size: 14px;\">Gen\u00e7leri 6. y\u0131l\u0131nda sinema heyecan\u0131yla bulu\u015fturmaya devam eden Esenler Sinema Akademisi\u2019nde, d\u00f6rt dalda e\u011fitim veriliyor. Y\u00f6netmen Ahmet Toklu, senarist Hilal \u00c7elenk, kurgu y\u00f6netmeni \u00d6zg\u00fcr K\u0131l\u0131\u00e7 ve sinema ele\u015ftirmeni Suat K\u00f6\u00e7er\u2019in e\u011fitim verdi\u011fi akademiden mezun olacak \u00f6\u011frenciler, senaryosunu yazd\u0131klar\u0131 k\u0131sa filmleri yine akademiden arkada\u015flar\u0131yla \u00e7ekecek. T\u00fcm a\u015famalar\u0131nda akademi \u00f6\u011frencilerinin yer ald\u0131\u011f\u0131 filmler d\u00fczenlenecek bir gala gecesinde seyirciyle bulu\u015facak.<\/span><\/p>\n","protected":false},"excerpt":{"rendered":"<p>Esenler Sinema Akademisi \u00f6\u011frencileri, \u00e7ekimleri devam eden \u201cG\u00fcn \u00c7i\u00e7e\u011fi\u201d isimli uzun metraj filminin setinde \u00fc\u00e7 g\u00fcn ge\u00e7irerek \u00e7ekimleri yak\u0131ndan izlediler.<\/p>\n","protected":false},"author":3,"featured_media":19996,"comment_status":"open","ping_status":"open","sticky":false,"template":"","format":"standard","meta":{"colormag_page_container_layout":"default_layout","colormag_page_sidebar_layout":"default_layout","footnotes":""},"categories":[1,5,6,8],"tags":[],"class_list":["post-19995","post","type-post","status-publish","format-standard","has-post-thumbnail","hentry","category-genel","category-gundem","category-kultur-sanat","category-siyaset"],"_links":{"self":[{"href":"https:\/\/marmarayerelhizmet.com\/index.php\/wp-json\/wp\/v2\/posts\/19995","targetHints":{"allow":["GET"]}}],"collection":[{"href":"https:\/\/marmarayerelhizmet.com\/index.php\/wp-json\/wp\/v2\/posts"}],"about":[{"href":"https:\/\/marmarayerelhizmet.com\/index.php\/wp-json\/wp\/v2\/types\/post"}],"author":[{"embeddable":true,"href":"https:\/\/marmarayerelhizmet.com\/index.php\/wp-json\/wp\/v2\/users\/3"}],"replies":[{"embeddable":true,"href":"https:\/\/marmarayerelhizmet.com\/index.php\/wp-json\/wp\/v2\/comments?post=19995"}],"version-history":[{"count":0,"href":"https:\/\/marmarayerelhizmet.com\/index.php\/wp-json\/wp\/v2\/posts\/19995\/revisions"}],"wp:featuredmedia":[{"embeddable":true,"href":"https:\/\/marmarayerelhizmet.com\/index.php\/wp-json\/wp\/v2\/media\/19996"}],"wp:attachment":[{"href":"https:\/\/marmarayerelhizmet.com\/index.php\/wp-json\/wp\/v2\/media?parent=19995"}],"wp:term":[{"taxonomy":"category","embeddable":true,"href":"https:\/\/marmarayerelhizmet.com\/index.php\/wp-json\/wp\/v2\/categories?post=19995"},{"taxonomy":"post_tag","embeddable":true,"href":"https:\/\/marmarayerelhizmet.com\/index.php\/wp-json\/wp\/v2\/tags?post=19995"}],"curies":[{"name":"wp","href":"https:\/\/api.w.org\/{rel}","templated":true}]}}