{"id":19982,"date":"2024-01-09T12:34:49","date_gmt":"2024-01-09T09:34:49","guid":{"rendered":"https:\/\/marmarayerelhizmet.com\/?p=19982"},"modified":"2024-01-09T12:34:49","modified_gmt":"2024-01-09T09:34:49","slug":"melere-yumruklu-saldiri-davasi-ertelendi","status":"publish","type":"post","link":"https:\/\/marmarayerelhizmet.com\/index.php\/2024\/01\/09\/melere-yumruklu-saldiri-davasi-ertelendi\/","title":{"rendered":"Meler\u2019e Yumruklu Sald\u0131r\u0131 Davas\u0131 Ertelendi"},"content":{"rendered":"<p><strong><span style=\"font-family: arial, helvetica, sans-serif; font-size: 14px;\">MKE Ankarag\u00fcc\u00fc-\u00c7aykur Rizespor ma\u00e7\u0131n\u0131n hakemi Halil Umut Meler&#8217;e sald\u0131r\u0131 ile ilgili aralar\u0131nda eski Ankarag\u00fcc\u00fc Kul\u00fcb\u00fc Ba\u015fkan\u0131 Faruk Koca&#8217;n\u0131n da bulundu\u011fu 4 san\u0131\u011f\u0131n yarg\u0131land\u0131\u011f\u0131 dava 28 \u015eubat&#8217;a ertelendi.<br \/>\n<\/span><\/strong><br \/>\n<span style=\"font-family: arial, helvetica, sans-serif; font-size: 14px;\">Hakem Halil Umut Meler&#8217;e yumruk atan eski Ankarag\u00fcc\u00fc Ba\u015fkan\u0131 Faruk Koca&#8217;n\u0131n ve beraberindeki 3 san\u0131\u011f\u0131n yarg\u0131land\u0131\u011f\u0131 dava, Ankara Bat\u0131 Adliyesi 3. Asli Ceza Mahkemesinde g\u00f6r\u00fcld\u00fc. Karar a\u00e7\u0131klayan mahkeme, yaz\u0131l\u0131 beyanlar\u0131n\u0131 sunmak isteyenlere s\u00fcre verip duru\u015fmay\u0131 28 \u015eubat&#8217;a erteledi.<\/span><br \/>\n<span style=\"font-family: arial, helvetica, sans-serif; font-size: 14px;\">Savunmas\u0131n\u0131 yapan Faruk Koca, \u201cTehdit k\u0131sm\u0131 do\u011fru de\u011fil, savc\u0131l\u0131kta ifade vermi\u015ftim. Onun d\u0131\u015f\u0131nda bir \u015fey demiyorum. Ya\u015fanan durumdan dolay\u0131 duydu\u011fum \u00fcz\u00fcnt\u00fcm\u00fc de anlatm\u0131\u015ft\u0131m sizin huzurunuzda da \u00e7ok fazla bir \u015fey s\u00f6ylemek istemiyorum. Kamuoyunun bu olay ile me\u015fgul edilmesi nedeniyle \u00fcz\u00fcnt\u00fcm\u00fc dile getiriyorum ba\u015fka bir \u015fey demek istemiyorum&#8221; ifadelerini kulland\u0131.<\/span><\/p>\n<p><span style=\"font-family: arial, helvetica, sans-serif; font-size: 14px;\">San\u0131klardan Osman Erkan Can ise \u015funlar\u0131 kaydetti:<\/span><br \/>\n<span style=\"font-family: arial, helvetica, sans-serif; font-size: 14px;\">\u201c\u0130ddianamede at\u0131l\u0131 su\u00e7u kabul etmiyorum. 4 y\u0131ld\u0131r profesyonel tak\u0131m sorumlusu olarak g\u00f6rev yapar\u0131m. Olay g\u00fcn\u00fc yedek kul\u00fcbesi arkas\u0131 delegasyon alan\u0131nda ma\u00e7\u0131 izledim ma\u00e7 bitiminde ba\u015fkan ve baz\u0131 ki\u015filerin ko\u015ftu\u011funu g\u00f6rd\u00fcm hakemin oldu\u011fu yerde arbede vard\u0131. Ben \u00f6nce gidip kollar\u0131m\u0131 a\u00e7arak hakeme zarar gelmesini \u00f6nlemek istedim. Bu s\u0131rada hakemin aya\u011fa kalkt\u0131\u011f\u0131n\u0131 g\u00f6rd\u00fcm ve arbedenin devam etti\u011fini d\u00fc\u015f\u00fcnd\u00fcm. Bu s\u0131rada \u00f6nden biri bo\u011faz\u0131ma vurdu. Biri bana vurunca, ben de oraya do\u011fru aya\u011f\u0131m\u0131 sallad\u0131m ancak kesinlikle hakem Umut Meler&#8217;e y\u00f6nelik bir eylemim olmad\u0131. Kendisi zaten bir metre \u00f6n\u00fcmdeydi. Ben zarar vermek istesem verirdim ama ay\u0131rmak istedim.\u201d<\/span><\/p>\n<p><span style=\"font-family: arial, helvetica, sans-serif; font-size: 14px;\">Hakem Meler ise &#8220;\u0130ddianamede anlatt\u0131\u011f\u0131m \u015fekilde ger\u00e7ekle\u015fti olay. Daha \u00f6nce ifade mi verdim, tekrar ederim. Tehdit s\u00f6z\u00fcn\u00fc Faruk Koca&#8217;dan do\u011frudan duydum \u015fikayet\u00e7iyim&#8221; a\u00e7\u0131klamas\u0131nda bulundu.<\/span><\/p>\n<p><span style=\"font-family: arial, helvetica, sans-serif; font-size: 14px;\">Yan hakem \u00d6mer Tolga G\u00fcldibi de tan\u0131k olarak dinlendi.<\/span><br \/>\n<span style=\"font-family: arial, helvetica, sans-serif; font-size: 14px;\">G\u00fcldibi, &#8220;Arkam\u0131zdan gelerek m\u00fcsabakan\u0131n hakemine vurdu. Di\u011fer ki\u015filerin de tekmeyle vurdu\u011funu g\u00f6rd\u00fcm. 2 ki\u015finin tekme att\u0131\u011f\u0131n\u0131 g\u00f6rd\u00fcm. San\u0131k Koca yumruk vurdu\u011fu s\u0131rada \u00f6nce hepimize y\u00f6nelik olarak &#8216;Sizi bitirece\u011fim&#8217; dedi ard\u0131ndan m\u00fc\u015fteki hakeme &#8216;seni \u00f6ld\u00fcrece\u011fim&#8217; \u015feklinde net tehditte bulundu\u201d ifadesini kulland\u0131.<\/span><\/p>\n<p><span style=\"font-family: arial, helvetica, sans-serif; font-size: 14px;\">Koca&#8217;n\u0131n avukat\u0131 ise tan\u0131k anlat\u0131mlar\u0131na kar\u015f\u0131 yaz\u0131l\u0131 beyanda bulunacaklar\u0131n\u0131 s\u00f6yledi. Koca\u2019n\u0131n avukat\u0131, olay s\u0131ras\u0131nda ayn\u0131 yerde bulunan ki\u015fileri de tespit ettiklerini ve bu ki\u015fileri dosyaya bildirerek tan\u0131k olarak dinlenilmesini isteyeceklerini ifade etti.<\/span><br \/>\n<span style=\"font-family: arial, helvetica, sans-serif; font-size: 14px;\">Avukatlar\u0131n ard\u0131ndan m\u00fctalaas\u0131n\u0131 a\u00e7\u0131klayan cumhuriyet savc\u0131s\u0131, kati rapor tanzimi i\u00e7in Meler&#8217;in Adli T\u0131p Kurumuna sevk i\u015flemlerinin yap\u0131lmas\u0131na, Osman Erkam Can&#8217;\u0131n avukat\u0131n\u0131n davadan ayr\u0131lma talebinin reddedilmesine karar verilmesini talep etti.<\/span><br \/>\n<span style=\"font-family: arial, helvetica, sans-serif; font-size: 14px;\">Mahkeme, yaz\u0131l\u0131 beyanlar\u0131n\u0131 sunmak isteyenlere s\u00fcre verip duru\u015fmay\u0131 28 \u015eubat&#8217;a erteledi. Kati rapor tanzimi i\u00e7in Meler&#8217;i Adli T\u0131p Kurumuna sevk eden hakim, san\u0131klar\u0131n duru\u015fmadan vareste tutulmas\u0131 talebini kabul etti.<\/span><\/p>\n","protected":false},"excerpt":{"rendered":"<p>MKE Ankarag\u00fcc\u00fc-\u00c7aykur Rizespor ma\u00e7\u0131n\u0131n hakemi Halil Umut Meler&#8217;e sald\u0131r\u0131 ile ilgili aralar\u0131nda eski Ankarag\u00fcc\u00fc Kul\u00fcb\u00fc Ba\u015fkan\u0131 Faruk Koca&#8217;n\u0131n da bulundu\u011fu<\/p>\n","protected":false},"author":3,"featured_media":18827,"comment_status":"open","ping_status":"open","sticky":false,"template":"","format":"standard","meta":{"colormag_page_container_layout":"default_layout","colormag_page_sidebar_layout":"default_layout","footnotes":""},"categories":[1,5],"tags":[],"class_list":["post-19982","post","type-post","status-publish","format-standard","has-post-thumbnail","hentry","category-genel","category-gundem"],"_links":{"self":[{"href":"https:\/\/marmarayerelhizmet.com\/index.php\/wp-json\/wp\/v2\/posts\/19982","targetHints":{"allow":["GET"]}}],"collection":[{"href":"https:\/\/marmarayerelhizmet.com\/index.php\/wp-json\/wp\/v2\/posts"}],"about":[{"href":"https:\/\/marmarayerelhizmet.com\/index.php\/wp-json\/wp\/v2\/types\/post"}],"author":[{"embeddable":true,"href":"https:\/\/marmarayerelhizmet.com\/index.php\/wp-json\/wp\/v2\/users\/3"}],"replies":[{"embeddable":true,"href":"https:\/\/marmarayerelhizmet.com\/index.php\/wp-json\/wp\/v2\/comments?post=19982"}],"version-history":[{"count":0,"href":"https:\/\/marmarayerelhizmet.com\/index.php\/wp-json\/wp\/v2\/posts\/19982\/revisions"}],"wp:featuredmedia":[{"embeddable":true,"href":"https:\/\/marmarayerelhizmet.com\/index.php\/wp-json\/wp\/v2\/media\/18827"}],"wp:attachment":[{"href":"https:\/\/marmarayerelhizmet.com\/index.php\/wp-json\/wp\/v2\/media?parent=19982"}],"wp:term":[{"taxonomy":"category","embeddable":true,"href":"https:\/\/marmarayerelhizmet.com\/index.php\/wp-json\/wp\/v2\/categories?post=19982"},{"taxonomy":"post_tag","embeddable":true,"href":"https:\/\/marmarayerelhizmet.com\/index.php\/wp-json\/wp\/v2\/tags?post=19982"}],"curies":[{"name":"wp","href":"https:\/\/api.w.org\/{rel}","templated":true}]}}