{"id":19978,"date":"2024-01-09T10:48:32","date_gmt":"2024-01-09T07:48:32","guid":{"rendered":"https:\/\/marmarayerelhizmet.com\/?p=19978"},"modified":"2024-01-09T10:48:32","modified_gmt":"2024-01-09T07:48:32","slug":"esenyurtta-kultur-sanat-dolu-ocak","status":"publish","type":"post","link":"https:\/\/marmarayerelhizmet.com\/index.php\/2024\/01\/09\/esenyurtta-kultur-sanat-dolu-ocak\/","title":{"rendered":"Esenyurt\u2019ta K\u00fclt\u00fcr Sanat Dolu Ocak"},"content":{"rendered":"<p><strong><span style=\"font-family: arial, helvetica, sans-serif; font-size: 14px;\">Esenyurt Belediyesi\u2019nin sanat dolu ocak ay\u0131 program\u0131 a\u00e7\u0131kland\u0131. Belediye, 2024&#8217;\u00fcn ilk ay\u0131nda unutulmaz k\u00fclt\u00fcr sanat etkinlikleriyle dolu bir program sunuyor. Konser, tiyatro ve sinema tutkunu yeti\u015fkinleri e\u015fsiz i\u00e7erikler beklerken, yar\u0131y\u0131l tatiline girecek olan minikler i\u00e7in de haz\u0131rlanan programlar takvimde yerini ald\u0131.<br \/>\n<\/span><\/strong><br \/>\n<span style=\"font-family: arial, helvetica, sans-serif; font-size: 14px;\">Esenyurt Belediyesi, 2024 y\u0131l\u0131n\u0131n ilk ay\u0131na iddial\u0131 bir giri\u015f yaparak a\u00e7\u0131klad\u0131\u011f\u0131 ocak ay\u0131 etkinlik takvimi ile birbirinden de\u011ferli \u00e7al\u0131\u015fmalar\u0131 Esenyurtlu vatanda\u015flarla bulu\u015fturmay\u0131 hedefliyor. Belediyenin haz\u0131rlam\u0131\u015f oldu\u011fu \u201cOcak Ay\u0131 K\u00fclt\u00fcr Sanat Etkinlikleri Takvimi\u201d il\u00e7ede ya\u015fayanlar\u0131 konser, tiyatro ve sinema alanlar\u0131nda birbirinden g\u00fczel yap\u0131mlarla bulu\u015fturacak. S\u00f6mestr tatiline girecek olan \u00e7ocuklar\u0131n da unutulmad\u0131\u011f\u0131 \u00e7al\u0131\u015fmada, il\u00e7ede ya\u015fayan \u00f6\u011frencilerin yar\u0131y\u0131l tatillerini e\u011flenceli bir \u015fekilde ge\u00e7irmeleri i\u00e7in bir dizi etkinlik program\u0131 haz\u0131rland\u0131. Her g\u00fcn farkl\u0131 bir etkinli\u011fin yer ald\u0131\u011f\u0131 takvimde, Esenyurtlu minikler hem e\u011flenecek hem de k\u00fclt\u00fcr sanatla dolu iki hafta ge\u00e7irecek.<\/span><\/p>\n<p><strong><span style=\"font-family: arial, helvetica, sans-serif; font-size: 14px;\">Programda Neler Var<\/span><\/strong><br \/>\n<span style=\"font-family: arial, helvetica, sans-serif; font-size: 14px;\">D\u00fczenlenen etkinlikler \u00e7er\u00e7evesinde 9 Ocak\u2019ta Esenyurt K\u00fclt\u00fcr Merkezi\u2019nde ba\u015flayacak \u00c2\u015f\u0131klar Gecesi \u00d6zel Program\u0131\u2019n\u0131n ard\u0131ndan, \u015eehit Erol Ol\u00e7ok K\u00fclt\u00fcr Merkezi\u2019nde Yasemin Yal\u00e7\u0131n, \u0130lyas \u0130lbey gibi usta tiyatrocular\u0131n yer ald\u0131\u011f\u0131 \u201cHer \u015fey Bedava\u201d isimli tiyatro oyunu izleyiciyle bulu\u015facak. Sanatseverlerden tam not alan \u201c\u00c7etin Ceviz\u201d isimli yeti\u015fkin tiyatrosunun g\u00f6sterime sunulaca\u011f\u0131 program\u0131n hemen ard\u0131ndan yine bir yeti\u015fkin oyunu olan \u201cHa\u00e7\u00e7enin Hecesi\u201d isimli tiyatro oyununun g\u00f6sterimi yap\u0131lacak. Yar\u0131y\u0131l tatiline giren \u00e7ocuklar\u0131n da unutulmad\u0131\u011f\u0131 etkinlik program\u0131nda \u201cS\u00f6mestr \u015eenli\u011fi\u201d ile e\u011flenecek olan minikler: \u201cPinokyo\u201d, \u201cB\u00fcy\u00fcl\u00fc Yast\u0131klar ve Zeytin \u00dclkesi Masal\u0131\u201d gibi tiyatro oyunlar\u0131yla ufuklar\u0131n\u0131 geni\u015fletecek. Ayr\u0131ca \u00e7ocuklar\u0131n be\u011feniyle izledi\u011fi animasyon film g\u00f6sterimleri ocak ay\u0131 takviminde belirlenen g\u00fcnlerde yerini ald\u0131.<\/span><\/p>\n","protected":false},"excerpt":{"rendered":"<p>Esenyurt Belediyesi\u2019nin sanat dolu ocak ay\u0131 program\u0131 a\u00e7\u0131kland\u0131. Belediye, 2024&#8217;\u00fcn ilk ay\u0131nda unutulmaz k\u00fclt\u00fcr sanat etkinlikleriyle dolu bir program sunuyor.<\/p>\n","protected":false},"author":3,"featured_media":19979,"comment_status":"open","ping_status":"open","sticky":false,"template":"","format":"standard","meta":{"colormag_page_container_layout":"default_layout","colormag_page_sidebar_layout":"default_layout","footnotes":""},"categories":[1,5,6,8],"tags":[],"class_list":["post-19978","post","type-post","status-publish","format-standard","has-post-thumbnail","hentry","category-genel","category-gundem","category-kultur-sanat","category-siyaset"],"_links":{"self":[{"href":"https:\/\/marmarayerelhizmet.com\/index.php\/wp-json\/wp\/v2\/posts\/19978","targetHints":{"allow":["GET"]}}],"collection":[{"href":"https:\/\/marmarayerelhizmet.com\/index.php\/wp-json\/wp\/v2\/posts"}],"about":[{"href":"https:\/\/marmarayerelhizmet.com\/index.php\/wp-json\/wp\/v2\/types\/post"}],"author":[{"embeddable":true,"href":"https:\/\/marmarayerelhizmet.com\/index.php\/wp-json\/wp\/v2\/users\/3"}],"replies":[{"embeddable":true,"href":"https:\/\/marmarayerelhizmet.com\/index.php\/wp-json\/wp\/v2\/comments?post=19978"}],"version-history":[{"count":0,"href":"https:\/\/marmarayerelhizmet.com\/index.php\/wp-json\/wp\/v2\/posts\/19978\/revisions"}],"wp:featuredmedia":[{"embeddable":true,"href":"https:\/\/marmarayerelhizmet.com\/index.php\/wp-json\/wp\/v2\/media\/19979"}],"wp:attachment":[{"href":"https:\/\/marmarayerelhizmet.com\/index.php\/wp-json\/wp\/v2\/media?parent=19978"}],"wp:term":[{"taxonomy":"category","embeddable":true,"href":"https:\/\/marmarayerelhizmet.com\/index.php\/wp-json\/wp\/v2\/categories?post=19978"},{"taxonomy":"post_tag","embeddable":true,"href":"https:\/\/marmarayerelhizmet.com\/index.php\/wp-json\/wp\/v2\/tags?post=19978"}],"curies":[{"name":"wp","href":"https:\/\/api.w.org\/{rel}","templated":true}]}}