{"id":19709,"date":"2024-01-02T18:55:58","date_gmt":"2024-01-02T15:55:58","guid":{"rendered":"https:\/\/marmarayerelhizmet.com\/?p=19709"},"modified":"2024-01-02T18:55:58","modified_gmt":"2024-01-02T15:55:58","slug":"2023-yili-ihracatimiz-rekor-kirdi","status":"publish","type":"post","link":"https:\/\/marmarayerelhizmet.com\/index.php\/2024\/01\/02\/2023-yili-ihracatimiz-rekor-kirdi\/","title":{"rendered":"&#8216;2023 Y\u0131l\u0131 \u0130hracat\u0131m\u0131z Rekor K\u0131rd\u0131&#8217;"},"content":{"rendered":"<p><strong><span style=\"font-family: arial, helvetica, sans-serif; font-size: 14px;\">Cumhurba\u015fkan\u0131 Recep Tayyip Erdo\u011fan, \u201c2023 y\u0131l\u0131 ihracat\u0131m\u0131z, ge\u00e7en y\u0131la g\u00f6re y\u00fczde 0,6 oran\u0131nda art\u0131\u015fla 255 milyar 809 milyon dolara ula\u015farak Cumhuriyet tarihimizin rekorunu k\u0131rm\u0131\u015ft\u0131r\u201d dedi.<br \/>\n<\/span><\/strong><br \/>\n<span style=\"font-family: arial, helvetica, sans-serif; font-size: 14px;\">Cumhurba\u015fkan\u0131 Recep Tayyip Erdo\u011fan, Ankara\u2019da bir otelde ger\u00e7ekle\u015fen programda 2023 Y\u0131l\u0131 \u0130hracat Rakamlar\u0131n\u0131 a\u00e7\u0131klad\u0131.<\/span><br \/>\n<span style=\"font-family: arial, helvetica, sans-serif; font-size: 14px;\">Cumhurba\u015fkan\u0131 Erdo\u011fan,\u201d Bug\u00fcn 2023 y\u0131l\u0131n\u0131n d\u0131\u015f ticaret verilerini de\u011ferlendirmek \u00fczere bir araya gelmi\u015f bulunuyoruz. \u00d6ncelikle sizlerin \u015fahs\u0131nda T\u00fcrk i\u015f d\u00fcnyam\u0131z\u0131n milletimizin her bir ferdinin yeni miladi y\u0131l\u0131n\u0131 tebrik ediyorum. Yeni y\u0131la gerek Gazze ba\u015fta olmak \u00fczere b\u00f6lgemizdeki sava\u015flar gerekli depremlerle ve ter\u00f6rle m\u00fccadelede kaybetti\u011fimiz \u015fehitlerimizin ac\u0131s\u0131 sebebiyle buruk girdik. Rabbim t\u00fcm \u015fehitlerimizi cennetiyle cemaliyle m\u00fc\u015ferref eylesin diyorum. Bununla birlikte 2024&#8217;\u00fcn \u00fclkemize, milletimize ve b\u00fct\u00fcn insanl\u0131\u011fa hay\u0131rlar getirmesini y\u00fcce Allah&#8217;tan niyaz ediyorum\u201d dedi.<\/span><br \/>\n<span style=\"font-family: arial, helvetica, sans-serif; font-size: 14px;\">Yeni y\u0131l\u0131n ilk i\u015f g\u00fcn\u00fcnde ihracat\u00e7\u0131larla ve i\u015f d\u00fcnyas\u0131 temsilcileriyle bir arada olmaktan mutluluk duydu\u011funu belirten Cumhurba\u015fkan\u0131 Erdo\u011fan, programda d\u0131\u015f ticaret alan\u0131nda T\u00fcrkiye\u2019nin 2023 karnesini t\u00fcm y\u00f6nleriyle ayr\u0131nt\u0131l\u0131 bir \u015fekilde ele alacaklar\u0131n\u0131 aktard\u0131.<\/span><br \/>\n<span style=\"font-family: arial, helvetica, sans-serif; font-size: 14px;\">\u201cT\u00fcrkiye olarak ger\u00e7ekten stratejik oldu\u011fu kadar me\u015fakkatli bir co\u011frafyada ya\u015f\u0131yoruz\u201d diyen Cumhurba\u015fkan\u0131 Erdo\u011fan,\u201d Tarih boyunca oldu\u011fu gibi bug\u00fcn de, k\u00fcresel g\u00fc\u00e7 m\u00fccadelesinin oda\u011f\u0131nda \u00fclkemizin merkezinde yer ald\u0131\u011f\u0131 bir b\u00f6lge vard\u0131r. Petrol ve do\u011fal gaz ba\u015fta olmak \u00fczere, d\u00fcnya ekonomisini ayakta tutan yeralt\u0131 kaynaklar\u0131n\u0131n kahir ekseriyeti bu co\u011frafyada yer al\u0131yor. Do\u011fal zenginliklerin yan\u0131 s\u0131ra b\u00f6lgemiz, d\u00fcnya ticaret yollar\u0131n\u0131n da t\u00fcm geneli itibariyle kalbinde bulunuyor\u201d diye konu\u015ftu.<\/span><br \/>\n<span style=\"font-family: arial, helvetica, sans-serif; font-size: 14px;\">Karadeniz&#8217;i Akdeniz&#8217;e ba\u011flayan \u0130stanbul ve \u00c7anakkale Bo\u011fazlar\u0131, Akdeniz&#8217;i Hint Okyanusu&#8217;na ba\u011flayan S\u00fcvey\u015f Kanal\u0131, Basra K\u00f6rfezi&#8217;ni Hint Okyanusu&#8217;na ba\u011flayan H\u00fcrm\u00fcz Bo\u011faz\u0131, Akdeniz&#8217;in Atlas Okyanusu&#8217;na a\u00e7\u0131lan kap\u0131s\u0131 olan Cebelitar\u0131k Bo\u011faz\u0131\u2019n\u0131n d\u00fcnya ticareti i\u00e7in hayati \u00f6neme sahip ba\u011flant\u0131 noktalar\u0131ndan sadece birka\u00e7\u0131 oldu\u011funu vurgulayan Cumhurba\u015fkan\u0131 Erdo\u011fan, K\u00fcresel ticaret artt\u0131k\u00e7a bu bo\u011fazlar\u0131n ehemmiyetinin de \u00f6zellikle artmakta ve T\u00fcrkiye&#8217;nin durumunu da \u00f6ne \u00e7\u0131karmakta oldu\u011funu belirtti.<\/span><br \/>\n<span style=\"font-family: arial, helvetica, sans-serif; font-size: 14px;\">Son d\u00f6nemde patlak veren krizlerin, gerilimlerin ve s\u0131cak \u00e7at\u0131\u015fmalar\u0131n hemen hepsinin \u00fclkemizin yak\u0131n \u00e7evresinde ya\u015fanmakta oldu\u011funa dikkat \u00e7eken Cumhurba\u015fkan\u0131 Erdo\u011fan,\u201d Bu muhataral\u0131 tablo kar\u015f\u0131s\u0131nda amac\u0131m\u0131z, \u00fclkemizin ekonomik, diplomatik ve ticari kazan\u0131mlar\u0131n\u0131 korumak ve daha da geli\u015ftirmektir. \u015eimdiye kadar hamdolsun bunda muvaffak da olduk. \u00dclkemizi, kuzeyimizdeki ve g\u00fcneyimizdeki kanl\u0131 \u00e7at\u0131\u015fmalar\u0131n taraf\u0131 haline getirmek isteyen sava\u015f baronlar\u0131na m\u00fcsaade etmedik. \u00dc\u00e7\u00fcnc\u00fc taraflar\u0131n aksi y\u00f6ndeki m\u00fcdahalelerine ra\u011fmen kom\u015fular\u0131m\u0131zla ili\u015fkilerimizi kazan-kazan anlay\u0131\u015f\u0131 temelinde g\u00fc\u00e7lendirmeye gayret ettik. Kimi b\u00f6lge \u00fclkeleriyle aram\u0131zda ortaya \u00e7\u0131kan g\u00f6r\u00fc\u015f ayr\u0131l\u0131klar\u0131n\u0131 gidererek i\u015fbirli\u011fimizi yeniden olmas\u0131 gereken seviyelere ta\u015f\u0131d\u0131k. T\u00fcrk d\u00fcnyas\u0131yla m\u00fcnasebetlerimizi tarihi zirvelere ula\u015ft\u0131r\u0131rken, Avrupa ve Amerika&#8217;yla da kar\u015f\u0131l\u0131kl\u0131 sayg\u0131ya dayal\u0131 i\u015f birlikleri geli\u015ftirmeye \u00e7al\u0131\u015ft\u0131k\u201d dedi.<\/span><\/p>\n<p><strong><span style=\"font-family: arial, helvetica, sans-serif; font-size: 14px;\">\u00dclkemize uzanan hi\u00e7bir dostluk elini geri \u00e7evirmedik\u201d<\/span><\/strong><br \/>\n<span style=\"font-family: arial, helvetica, sans-serif; font-size: 14px;\">Afrika ve Latin Amerika \u00fclkeleriyle ili\u015fkilerin zaten olumlu bir m\u00fccadele ve mecrada yeni boyutlar kazanarak ilerledi\u011fini aktaran Cumhurba\u015fkan\u0131 Erdo\u011fan, \u201c\u00dclkemize uzanan hi\u00e7bir dostluk elini geri \u00e7evirmedik. Bize bir ad\u0131m gelene biz gerekti\u011finde ko\u015farak gittik. T\u00fcrkiye merkezli ama k\u00fcresel perspektifli bir anlay\u0131\u015fla d\u0131\u015f siyasetimizi \u015fekillendirdik. Bundan geriye gidi\u015f kesinlikle olmayacak. T\u00fcrkiye dostlar\u0131n\u0131n say\u0131s\u0131n\u0131 artt\u0131rmaya devam edecek\u201d diye konu\u015ftu.<\/span><br \/>\n<span style=\"font-family: arial, helvetica, sans-serif; font-size: 14px;\">\u00c7e\u015fitli provokasyonlarla ve art niyetli s\u00f6ylemlerle T\u00fcrkiye\u2019yi b\u00f6lgesinden, b\u00f6lgedeki ortaklar\u0131ndan \u00e7ok g\u00fc\u00e7l\u00fc tarihi, dini, be\u015feri, ekonomik ve ticari ba\u011flar\u0131n\u0131n oldu\u011fu karde\u015f \u00fclkelerden koparma giri\u015fimlerinin fark\u0131nda olduklar\u0131n\u0131 dile getiren Cumhurba\u015fkan\u0131 Erdo\u011fan, \u201dYaz aylar\u0131nda \u00fclkemizin en \u00f6nemli gelir kalemlerinden biri olan turizmi baltalamaya y\u00f6nelik d\u0131\u015f ba\u011flant\u0131l\u0131 bir kampanya y\u00fcr\u00fct\u00fclm\u00fc\u015ft\u00fc. \u015eimdi benzer bir dalgan\u0131n muhalefet partilerinin de deste\u011fiyle bu sefer spor \u00fczerinden olu\u015fturulmaya \u00e7al\u0131\u015f\u0131ld\u0131\u011f\u0131n\u0131 g\u00f6r\u00fcyoruz. Asla tasvip etmeyece\u011fimiz nefret s\u00f6ylemleriyle insanlar, toplumlar, inan\u00e7lar, \u00fclkeler hedef al\u0131n\u0131yor. S\u0131rf k\u00f6keninden dolay\u0131 insanlar horlan\u0131yor, a\u015fa\u011f\u0131lan\u0131yor, hakarete maruz b\u0131rak\u0131l\u0131yor. \u0130slam d\u00fc\u015fmanl\u0131\u011f\u0131na ve yabanc\u0131 kar\u015f\u0131tl\u0131\u011f\u0131na varan bir furyayla kar\u015f\u0131 kar\u015f\u0131yay\u0131z\u201d diye konu\u015ftu.<\/span><\/p>\n<p><span style=\"font-family: arial, helvetica, sans-serif; font-size: 14px;\">Erdo\u011fan, muhalefetin tutumunu ele\u015ftirerek, \u201cMuhalefet akt\u00f6rleri de g\u00fcndeme gelmek u\u011fruna maalesef bu pespaye, bu son derece tehlikeli nefret siyasetine g\u00f6n\u00fcll\u00fc fig\u00fcranl\u0131k yapmaktad\u0131r. Bu nefret dalgas\u0131n\u0131n T\u00fcrkiye&#8217;ye yat\u0131r\u0131m yapan, deprem felaketi dahil zor zamanlar\u0131m\u0131zda yan\u0131m\u0131zda olan \u00fclkemizin en \u00f6nemli ticari ortaklar\u0131 aras\u0131nda yer alan karde\u015f \u00fclkeleri hedef almas\u0131 asla tesad\u00fcfi de\u011fildir. Burada T\u00fcrkiye&#8217;ye ve T\u00fcrkiye&#8217;nin \u00e7\u0131karlar\u0131na y\u00f6nelik sinsi bir operasyon, \u00e7ok a\u00e7\u0131k bir sabotaj giri\u015fimi vard\u0131r. Nas\u0131l daha \u00f6nceki kirli senaryolar\u0131 y\u0131rt\u0131p att\u0131ysak Allah&#8217;\u0131n izniyle bu oyunu da mutlaka bo\u015fa \u00e7\u0131karaca\u011f\u0131z. T\u00fcrkiye ve T\u00fcrk d\u00fc\u015fman\u0131 \u00e7evreler taraf\u0131ndan k\u00f6r\u00fcklenen nefret siyasetiyle m\u00fccadelede siz ihracat\u00e7\u0131lar\u0131m\u0131za da \u00e7ok \u00f6nemli g\u00f6revler d\u00fc\u015f\u00fcyor. Kamuoyunu, \u00f6zellikle gen\u00e7lerimizi do\u011fru bilgilendirme konusunda sizlerin de elini ta\u015f\u0131n alt\u0131na koymas\u0131 gerekiyor. \u0130hracat\u00e7\u0131lar\u0131m\u0131zdan ve i\u015f d\u00fcnyam\u0131zdan bu noktada daha fazla \u00e7aba harcamalar\u0131n\u0131, daha fazla g\u00f6r\u00fcn\u00fcr olmalar\u0131n\u0131, daha fazla inisiyatif almalar\u0131n\u0131 bekledi\u011fimizi burada \u00f6zellikle vurgulamak istiyorum\u201d ifadelerini kulland\u0131.<\/span><br \/>\n<span style=\"font-family: arial, helvetica, sans-serif; font-size: 14px;\">T\u00fcrkiye\u2019nin yat\u0131r\u0131m, istihdam, \u00fcretim ve ihracat yoluyla b\u00fcy\u00fcme ilkeleri do\u011frultusunda geli\u015fmeye, yeni ba\u015far\u0131 hikayeleri yazmaya devam etti\u011fini kaydeden Cumhurba\u015fkan\u0131 Erdo\u011fan,\u201d Rahats\u0131z olanlar var, ama bu rahats\u0131z olanlara bakmayaca\u011f\u0131z, biz i\u015fimize bakaca\u011f\u0131z. Ter\u00f6rden darbe giri\u015fimine sokak olaylar\u0131ndan kur ataklar\u0131na kadar yak\u0131n ge\u00e7mi\u015fimizde maruz kald\u0131\u011f\u0131m\u0131z s\u0131k\u0131nt\u0131lar\u0131 dikkate ald\u0131\u011f\u0131m\u0131zda ekonomide elde etti\u011fimiz ba\u015far\u0131lar\u0131n ne denli \u00f6nemli oldu\u011fu daha iyi anla\u015f\u0131lacakt\u0131r. T\u00fcm bu olaylar\u0131n ya\u015fand\u0131\u011f\u0131 2012-2022 d\u00f6neminde d\u00fcnya ekonomisi y\u0131ll\u0131k ortalama y\u00fczde 3,4 oran\u0131nda b\u00fcy\u00fcrken, T\u00fcrkiye ekonomisi y\u0131ll\u0131k ortalama y\u00fczde 6 oran\u0131nda b\u00fcy\u00fcme kaydetti\u201d dedi.<\/span><\/p>\n<p><strong><span style=\"font-family: arial, helvetica, sans-serif; font-size: 14px;\">\u201cG20 \u00fclkeleri i\u00e7inde en h\u0131zl\u0131 b\u00fcy\u00fcyen ikinci \u00fclke olduk\u201d<\/span><\/strong><br \/>\n<span style=\"font-family: arial, helvetica, sans-serif; font-size: 14px;\">Cumhurba\u015fkan\u0131 Erdo\u011fan, son birka\u00e7 y\u0131la bak\u0131ld\u0131\u011f\u0131nda t\u00fcm d\u00fcnyay\u0131 derinden etkileyen Kovid 19 salg\u0131n\u0131, k\u00fcresel tedarik zinciri aksakl\u0131klar\u0131, Rusya-Ukrayna Sava\u015f\u0131, hammadde ve enerji krizinin bile \u00fclke ekonomisinin h\u0131z\u0131n\u0131 kesemedi\u011fini belirterek, \u00d6nceki y\u0131l yani 2022&#8217;de y\u00fczde 5,5 oran\u0131nda b\u00fcy\u00fcd\u00fck. Bu b\u00fcy\u00fcme oran\u0131na en b\u00fcy\u00fck katk\u0131 ise, 2,4 d\u00f6rt puanla ihracat\u00e7\u0131m\u0131zdan geldi. 2023 y\u0131l\u0131n\u0131n \u00fc\u00e7\u00fcnc\u00fc \u00e7eyre\u011finde y\u00fczde 5,9 oran\u0131nda b\u00fcy\u00fcyerek son 13 \u00e7eyrektir s\u00fcren kesintisiz b\u00fcy\u00fcme trendimizi devam ettirdik. B\u00f6ylece G20 \u00fclkeleri i\u00e7inde en h\u0131zl\u0131 b\u00fcy\u00fcyen ikinci \u00fclke olduk. \u0130hracat taraf\u0131nda da benzer bir tablo kar\u015f\u0131m\u0131za \u00e7\u0131k\u0131yor. \u0130lk defa 2021 y\u0131l\u0131nda y\u00fczde 1 seviyesini a\u015fan k\u00fcresel ihracattan ald\u0131\u011f\u0131m\u0131z pay, 2022 y\u0131l\u0131nda y\u00fczde 1,02&#8217;ye y\u00fckseldi. Ge\u00e7ti\u011fimiz y\u0131l\u0131n ilk iki \u00e7eyre\u011finde ise bu oran y\u00fczde 1,03&#8217;e \u00e7\u0131kt\u0131. G\u00fc\u00e7l\u00fc b\u00fcy\u00fcme performans\u0131n\u0131n yan\u0131nda b\u00fcy\u00fcme kompozisyonumuz olumlu y\u00f6nde geli\u015fti. Nitekim 2023 y\u0131l\u0131n\u0131n \u00fc\u00e7\u00fcnc\u00fc \u00e7eyre\u011finde yat\u0131r\u0131mlarda ya\u015fanan y\u00fczde 14,7 oran\u0131ndaki art\u0131\u015f son iki y\u0131l\u0131n en y\u00fcksek seviyesini ifade ediyor. Mal ve hizmet ihracat\u0131n\u0131n Gayri Safi Yurt \u0130\u00e7i Has\u0131la b\u00fcy\u00fcmesine katk\u0131s\u0131 2023 y\u0131l\u0131 \u00fc\u00e7\u00fcnc\u00fc \u00e7eyre\u011finde y\u00fczde 0,3 puan oldu.\u00dcretimin g\u00fc\u00e7l\u00fc etkilerini son a\u00e7\u0131klanan istihdam verilerine de yans\u0131d\u0131\u011f\u0131n\u0131 memnuniyetle g\u00f6r\u00fcyoruz\u201d dedi.<\/span><br \/>\n<span style=\"font-family: arial, helvetica, sans-serif; font-size: 14px;\">Salg\u0131n \u00f6ncesi d\u00f6neme g\u00f6re, son \u00fc\u00e7 y\u0131lda d\u00f6rt milyonun \u00fczerinde ilave istihdam olu\u015fturduklar\u0131n\u0131 s\u00f6yleyen Cumhurba\u015fkan\u0131 Erdo\u011fan \u015funlar\u0131 kaydetti;<\/span><br \/>\n<span style=\"font-family: arial, helvetica, sans-serif; font-size: 14px;\">\u201c Yaln\u0131zca 2022 y\u0131l\u0131 Ocak ay\u0131na k\u0131yasla dahi bak\u0131ld\u0131\u011f\u0131nda sa\u011flanan ilave istihdam 1 milyon 848 bin ki\u015finin \u00fczerindedir. Ekim ay\u0131nda i\u015fsizlik oran\u0131m\u0131z y\u00fczde 8,5 olarak ger\u00e7ekle\u015ferek son 11 y\u0131l\u0131n en d\u00fc\u015f\u00fck seviyesine geriledi. D\u00fcnyadaki di\u011fer ekonomiler gibi bizim de en b\u00fcy\u00fck ba\u015f a\u011fr\u0131m\u0131z hayat pahal\u0131l\u0131\u011f\u0131n\u0131n tetikledi\u011fi enflasyondur. Avrupa&#8217;s\u0131ndan Amerika&#8217;s\u0131na son 60-70 y\u0131l\u0131n zirvelerinde \u00e7\u0131kan enflasyon oranlar\u0131, al\u0131nan onca tedbire ra\u011fmen y\u00fcksek seyretmeye devam ediyor.\u201d<\/span><br \/>\n<span style=\"font-family: arial, helvetica, sans-serif; font-size: 14px;\">\u00dcretim, istihdam ve ekonomik b\u00fcy\u00fcmeden taviz vermeden, enflasyonu tekrar tek haneli rakamlara indirmeyi hedeflediklerini ifade eden Cumhurba\u015fkan\u0131 Erdo\u011fan,\u201d Son d\u00f6nemde uygulamaya koydu\u011fumuz tedbirler enflasyonun ate\u015fini d\u00fc\u015f\u00fcrmeye ba\u015flam\u0131\u015ft\u0131r. \u00d6zellikle y\u0131l\u0131n ikinci yar\u0131s\u0131ndan itibaren k\u00fcresel ekonomide yeni bir ola\u011fan\u00fcst\u00fcl\u00fck ya\u015fanmazsa, politikalar\u0131m\u0131z\u0131n etkilerini daha net g\u00f6rece\u011fiz. Tabii bu s\u00fcre\u00e7te \u00e7e\u015fitli bahanelerle milletimizin, \u00e7oluk \u00e7ocu\u011funun r\u0131zk\u0131na, refah\u0131na, mal\u0131na, m\u00fclk\u00fcne, cebindeki paras\u0131na kasteden a\u00e7g\u00f6zl\u00fclere kesinlikle f\u0131rsat vermeyece\u011fiz. Hayat pahal\u0131l\u0131\u011f\u0131na kar\u015f\u0131 m\u00fccadelemizi bir tarafta denetimlerin di\u011fer tarafta tedbir ve d\u00fczenlemelerin oldu\u011fu \u00e7ift kulvarl\u0131 bir \u015fekilde y\u00fcr\u00fct\u00fcyoruz. Yat\u0131r\u0131m\u0131, istihdam\u0131 ve \u00fcretimi g\u00f6zeten ihracat\u00e7\u0131n\u0131n finansmana eri\u015fimine \u00f6ncelik veren bu s\u00fcrecin sonunda, daha \u00f6nce oldu\u011fu gibi in\u015fallah enflasyon meselesini vatanda\u015f\u0131m\u0131z\u0131n g\u00fcnl\u00fck hayat\u0131ndan \u00e7\u0131karaca\u011f\u0131z\u201d dedi.<\/span><br \/>\n<span style=\"font-family: arial, helvetica, sans-serif; font-size: 14px;\">2023 senesinin \u00fclke a\u00e7\u0131s\u0131ndan ger\u00e7ekten zorluklarla, s\u0131k\u0131nt\u0131larla deprem ba\u015fta olmak \u00fczere pek \u00e7ok imtihanla ge\u00e7en sanc\u0131l\u0131 bir y\u0131l oldu\u011funu aktaran Erdo\u011fan, bu s\u00fcre\u00e7te sadece b\u00f6lgemizdeki belirsizliklerle m\u00fccadele edilmedi\u011fini ayn\u0131 zamanda \u00dclke ekonomisine 104 milyar dolarl\u0131k ilave fatura y\u00fckleyen 6 \u015eubat depremlerinin de olumsuz sonu\u00e7lar\u0131yla da m\u00fccadele edildi\u011fini s\u00f6yledi.<\/span><br \/>\n<span style=\"font-family: arial, helvetica, sans-serif; font-size: 14px;\">50 binden fazla insan\u0131n kaybedildi\u011fi 11 ilde \u00e7ok ciddi y\u0131k\u0131ma ve tahribata yol a\u00e7an bir tabii afetin alt\u0131ndan kalkman\u0131n kolay olmad\u0131\u011f\u0131n\u0131 kaydeden Cumhurba\u015fkan\u0131 Erdo\u011fan,\u201d Depremin yaralar\u0131n\u0131 sarma konusunda devleti ve milletiyle T\u00fcrkiye&#8217;nin elde etti\u011fi ba\u015far\u0131y\u0131 d\u00fcnyada ba\u015fka hi\u00e7bir \u00fclke g\u00f6steremezdi.<\/span><br \/>\n<span style=\"font-family: arial, helvetica, sans-serif; font-size: 14px;\">Asr\u0131n felaketi olarak g\u00f6rd\u00fc\u011f\u00fcm\u00fcz, bildi\u011fimiz bu olayda ve d\u00fcn de \u015fiddetli bir depremle sars\u0131lan Japonya&#8217;ya ve dost Japon halk\u0131na, \u00fclkem ve milletim ad\u0131na ge\u00e7mi\u015f olsun dileklerimi ilettim, iletiyorum.Asr\u0131n felaketi denen bir tabii afetin hemen ard\u0131ndan \u00fcretim ba\u015fta olmak \u00fczere her alanda h\u0131zla toparlanmay\u0131 ba\u015fard\u0131k. Depremin ihracat\u0131m\u0131za etkisi eksi 6 milyar dolar\u0131 buluyor. K\u00fcresel ekonomide Kovid 19 salg\u0131n\u0131yla ba\u015flayan Rusya-Ukrayna sava\u015f\u0131yla derinle\u015fen, Gazze&#8217;deki katliamlarla yeni boyutlar kazanan sars\u0131nt\u0131lar halen devam ediyor\u201d dedi.<\/span><\/p>\n<p><span style=\"font-family: arial, helvetica, sans-serif; font-size: 14px;\">K\u00fcresel ekonomide Covid- 19 salg\u0131n\u0131 ile ba\u015flayan Rusya, Ukrayna sava\u015f\u0131yla derinle\u015fen, Gazze&#8217;deki katliamlarla yeni boyutlar kazanan sars\u0131nt\u0131lar\u0131n halen devam etti\u011fini belirten Erdo\u011fan,t\u00fcm bunlara ra\u011fmen d\u0131\u015f ticareti geli\u015ftirmeye verdikleri eme\u011fin ve \u00f6nemli meyvelerinin \u00f6zellikle ihracatta topland\u0131\u011f\u0131n\u0131 s\u00f6yledi<\/span><br \/>\n<span style=\"font-family: arial, helvetica, sans-serif; font-size: 14px;\">2023 y\u0131l\u0131 ihracat rakamlar\u0131n\u0131 payla\u015fan Erdo\u011fan,\u201d2023 y\u0131l\u0131 ihracat\u0131m\u0131z ge\u00e7en y\u0131la g\u00f6re y\u00fczde 0. 6 oran\u0131nda art\u0131\u015fla 255 milyar 809 milyon dolara ula\u015farak Cumhuriyet tarihimizin rekorunu k\u0131rm\u0131\u015ft\u0131r.Bu rakamla orta vadeli programdaki 255 milyar dolarl\u0131k ihracat hedefimizi de a\u015ft\u0131k.2023 y\u0131l\u0131 Aral\u0131k ay ihracat\u0131m\u0131z y\u00fczde 0, 44 d\u00f6rt art\u0131\u015fla 23 milyar dolar oldu. 2023 senesinde ihracat\u0131n ithalat\u0131 kar\u015f\u0131lama oran\u0131 0,8 puan art\u0131\u015fla y\u00fczde 70, 7\u2019ye y\u00fckseldi. Bak\u0131n\u0131z bu oran biz g\u00f6reve geldi\u011fimizde sadece y\u00fczde 50 civar\u0131ndayd\u0131. \u00dclkemizin d\u0131\u015f ticaret a\u00e7\u0131\u011f\u0131 ge\u00e7en y\u0131la g\u00f6re y\u00fczde 3, 2 oran\u0131nda geriledi. Temmuz, a\u011fustos, ekim, kas\u0131m ve aral\u0131k ay\u0131nda en y\u00fcksek ihracat rakam\u0131na ula\u015ft\u0131. Temmuz hari\u00e7 y\u0131l\u0131n son 7 ay\u0131nda d\u0131\u015f ticaret a\u00e7\u0131\u011f\u0131m\u0131z bir \u00f6nceki y\u0131l\u0131n ayn\u0131 ay\u0131na g\u00f6re azald\u0131\u201d \u015feklinde konu\u015ftu.<\/span><br \/>\n<span style=\"font-family: arial, helvetica, sans-serif; font-size: 14px;\">2023 y\u0131l\u0131 ekim ay\u0131 itibariyle y\u0131ll\u0131k hizmet ihracat\u0131n\u0131n tarihi rekor seviyeyle 99 milyar 254 milyon dolar olarak ger\u00e7ekle\u015fti\u011fini diile getiren Cumhurba\u015fkan\u0131 Erdo\u011fan,\u201dY\u0131l\u0131n ikinci yar\u0131s\u0131nda d\u0131\u015f ticaret a\u00e7\u0131\u011f\u0131ndaki d\u00fc\u015f\u00fc\u015f ve hizmet ticaretinde verilen fazla ile cari i\u015flemler a\u00e7\u0131\u011f\u0131nda d\u00fc\u015f\u00fc\u015f ya\u015fand\u0131. Eyl\u00fcl ve ekim aylar\u0131nda cari i\u015flemler hesab\u0131nda 2 milyar dolar\u0131n \u00fczerinde fazla verildi. Kas\u0131m ve Aral\u0131k aylar\u0131nda d\u0131\u015f ticaret a\u00e7\u0131\u011f\u0131ndaki d\u00fc\u015f\u00fc\u015f\u00fcn etkisiyle cari i\u015flemler a\u00e7\u0131\u011f\u0131ndaki kapanman\u0131n devam etmesini bekliyoruz. Son 5 ayd\u0131r d\u0131\u015f ticaret a\u00e7\u0131\u011f\u0131 ve cari i\u015flemler a\u00e7\u0131\u011f\u0131n\u0131n kal\u0131c\u0131 olarak d\u00fc\u015fmeye ba\u015flad\u0131\u011f\u0131n\u0131 g\u00f6r\u00fcyoruz. \u00d6n\u00fcm\u00fczdeki d\u00f6nemde iyile\u015fmenin s\u00fcrece\u011fine inan\u0131yoruz. Bu rekora ula\u015f\u0131lmas\u0131nda pay\u0131 olan herkesi can\u0131 g\u00f6n\u00fclden tebrik ediyorum. G\u00fcn\u00fcm\u00fcz\u00fcn belirsiz siyasi ve ekonomik \u015fartlar\u0131ndan ihracat yapan \u00fcreten, istihdam olu\u015fturan \u00fclke ekonomisine katk\u0131 sa\u011flayan t\u00fcm ihracat\u00e7\u0131lar gurur duyuyorum.Yola \u00e7\u0131kt\u0131\u011f\u0131m\u0131z 2002 y\u0131l\u0131nda ayl\u0131k ortalama 3 milyar dolar ihracat yaparken bug\u00fcn ayl\u0131k ortalama 21,3 milyar dolar ihracat ger\u00e7ekle\u015ftiriyoruz. Ge\u00e7ti\u011fimiz sene ihracat yapmayan ilimiz kalmad\u0131.<\/span><br \/>\n<span style=\"font-family: arial, helvetica, sans-serif; font-size: 14px;\">Bunun yan\u0131nda daha \u00f6nce bir milyar dolar\u0131n \u00fczerinde ihracat yapan il say\u0131m\u0131z 5\u2019ten 30\u2019a y\u00fckseldi. 2023 y\u0131l\u0131nda fazla ihracat yapan 5 ilimiz s\u0131ras\u0131yla \u015fu \u015fekildedir; Toplam 59,4 milyar dolarl\u0131k ihracatla \u0130stanbul birinci oldu. \u0130stanbul&#8217;u 30,7 milyar dolar ile Kocaeli takip ediyor. \u0130zmir, 23, 8 milyar dolar ile ihracattan y\u00fczde 9.3 oy ald\u0131. Bursa 17.7 milyar dolarla d\u00f6rd\u00fcnc\u00fc, Tekirda\u011f 12 bu\u00e7uk milyar dolarla be\u015finci s\u0131rada yer ald\u0131. \u0130hracatta en b\u00fcy\u00fck orta\u011f\u0131m\u0131z olan Avrupa Birli\u011fi, toplam 104,3 milyar dolarla y\u00f6nelik s\u0131rada bulunuyor. Avrupa Birli\u011fi ve d\u0131\u015f\u0131, Avrupa \u00fclkelerine olan ihracat\u0131m\u0131z y\u00fczde 8,3 oran\u0131nda Yak\u0131n Do\u011fu ve Orta Do\u011fu \u00fclkelerine olan ihracat\u0131m\u0131z y\u00fczde 1,7 oran\u0131nda artm\u0131\u015ft\u0131r. K\u00fcresel talepte ve bilhassa Avrupa Birli\u011fi&#8217;nde g\u00f6r\u00fclen yava\u015flamaya ra\u011fmen ihracatta bu performans\u0131n yakalanm\u0131\u015f olmas\u0131 \u00e7ok \u00f6nemlidir. \u0130hracat\u0131m\u0131zda de\u011fer baz\u0131nda art\u0131\u015fta \u00f6ne \u00e7\u0131kan ilk \u00fc\u00e7 \u00fclke \u015fu \u015fehirdedir. Y\u00fczde 63,4 ile Birle\u015fik Arap Emirlikleri, Y\u00fczde 16,9 ile Rusya Federasyonu ve y\u00fczde 150,4 oran\u0131nda art\u0131\u015fla Suudi Arabistan. \u0130hracat\u0131m\u0131z\u0131n de\u011fer baz\u0131nda en \u00e7ok artt\u0131\u011f\u0131 ilk \u00fc\u00e7 fas\u0131l da \u015f\u00f6yledir. Y\u00fczde 15, 1 art\u0131\u015f ve 30, 8 milyar dolarla motorlu kara ta\u015f\u0131tlar\u0131, y\u00fczde 33,7 art\u0131\u015f 13,7 milyar dolarla k\u0131ymetli ve yar\u0131 k\u0131ymetli ta\u015flar, y\u00fczde 11,3 art\u0131\u015f ve 25,2 milyar dolarla elektriksiz makine var. Katma de\u011fer olarak artan ihracat\u0131m\u0131z\u0131n kilogram birim k\u0131ymeti y\u00fczde 8,8\u2019lik y\u00fckseli\u015fte 1,6 dolara \u00e7\u0131km\u0131\u015ft\u0131r\u201d ifadelerini kulland\u0131.<\/span><br \/>\n<span style=\"font-family: arial, helvetica, sans-serif; font-size: 14px;\">H\u00fck\u00fcmete geldiklerinde yaln\u0131zca 14 milyar dolar olan hizmet ihracat\u0131n\u0131 2023 y\u0131l\u0131 Ekim d\u00f6neminde 85 milyar dolar\u0131n \u00fczerine ta\u015f\u0131d\u0131klar\u0131n\u0131 bildiren Cumhurba\u015fkan\u0131 Erdo\u011fan,\u201d Gerek mal ticaretinde izlenen performans. Gerekse hizmet sekt\u00f6r\u00fcn\u00fcn g\u00fc\u00e7l\u00fc, katk\u0131s\u0131, cari i\u015flemler dengemize olumlu etki ediyor. Son iki ayd\u0131r fazla verilen cari i\u015flemler dengesindeki tablonun s\u00fcrmesiyle ekonomimizin sa\u011flam temelleri daha da g\u00fc\u00e7lenecektir. \u00dclkemizin medar\u0131 iftihar\u0131 olan siz ihracat\u00e7\u0131lar\u0131m\u0131zla el ele verdik. \u00c7ok \u00e7al\u0131\u015ft\u0131k. Ve ba\u015fard\u0131k. \u0130n\u015fallah 2024 y\u0131l\u0131nda \u00e7ok daha b\u00fcy\u00fck ba\u015far\u0131lara birlikte imza ataca\u011f\u0131z. Bug\u00fcn sadece 2023 y\u0131l\u0131n\u0131n de\u011ferlendirmesini yapm\u0131yoruz. Ayn\u0131 zamanda 2024\u2019\u00fcn de hedeflerini belirliyoruz. Ben sizlere inan\u0131yorum. Sizlere g\u00fcveniyorum. 2024 y\u0131l\u0131nda mal ve hizmet ihracat\u0131m\u0131z\u0131 375 milyar dolar\u0131n \u00fcst\u00fcne \u00e7\u0131karabilece\u011fimize inan\u0131yorum T\u00fcrkiye bunu ba\u015faracak g\u00fcce kabiliyete ve imkana fazlas\u0131yla sahiptir. \u0130n\u015fallah sene sonunda belirledi\u011fimiz hedefleri de a\u015fan bir ihracat rekorunu k\u0131rman\u0131n gururunu hep birlikte ya\u015fayaca\u011f\u0131z.Buna y\u00fcrekten inan\u0131yorum. Bu hedefe y\u00fcr\u00fcrken sizlerin yan\u0131nda olmay\u0131 hep s\u00fcrd\u00fcrece\u011fiz. Devlet olarak 2023 y\u0131l\u0131nda mal ve hizmet ihracat\u00e7\u0131lar\u0131m\u0131za 11,6 milyar lira destek sa\u011flad\u0131k. \u0130hracat desteklerine tahsis etti\u011fimiz b\u00fct\u00e7eyi 2024 iki kat\u0131na \u00e7\u0131kart\u0131yoruz. Mevcut desteklerimizi g\u00fc\u00e7lendirirken, ihracat\u00e7\u0131lar\u0131m\u0131za yeni destek paketleri ve yeni hizmetler sunman\u0131n haz\u0131rl\u0131klar\u0131n\u0131 yap\u0131yoruz\u201d diye konu\u015ftu.<\/span><br \/>\n<span style=\"font-family: arial, helvetica, sans-serif; font-size: 14px;\">T\u00fcrkiye Cumhuriyeti Merkez Bankas\u0131\u2019n\u0131n finansmana eri\u015fimi desteklemek amac\u0131yla reeskont kredilerinin g\u00fcnl\u00fck limitini 3 milyar liraya \u00e7\u0131kard\u0131\u011f\u0131n\u0131 s\u00f6yleyen Erdo\u011fan,\u201d \u015eimdi de yurt d\u0131\u015f\u0131ndaki ithalat\u00e7\u0131lar ile ihracat\u00e7\u0131lar\u0131m\u0131z\u0131 bir araya getirecek \u0130hracat s\u00fcre\u00e7lerinin dijitalle\u015fmesine katk\u0131 sa\u011flayacak yerli ve milli bir platform olan T\u00fcrkiye Elektronik \u0130hracat Platformu&#8217;nun hayata ge\u00e7iriyoruz. Amac\u0131m\u0131z; T\u00fcrk \u00fcr\u00fcnlerinin tan\u0131nmad\u0131\u011f\u0131, ihracat\u00e7\u0131m\u0131z\u0131n ayak basmad\u0131\u011f\u0131 \u00fclke b\u0131rakmamakt\u0131r. . Sizler \u00e7al\u0131\u015ft\u0131k\u00e7a, yat\u0131r\u0131m yapt\u0131k\u00e7a, \u00fcrettik\u00e7e ihracat ger\u00e7ekle\u015ftirdik\u00e7e bizler t\u00fcm imkanlar\u0131m\u0131zla, t\u00fcm kurumlar\u0131m\u0131zdan sizlerin yan\u0131nda olaca\u011f\u0131z. Bug\u00fcn elde etti\u011fimiz ba\u015far\u0131lar sadece birer ba\u015flang\u0131\u00e7t\u0131r. \u0130n\u015fallah \u00e7ok daha y\u00fcksek rakamlara, \u00e7ok daha g\u00f6z kama\u015ft\u0131r\u0131c\u0131 neticelere hep birlikte ula\u015faca\u011f\u0131z. Cumhurba\u015fkan\u0131n\u0131z olarak sizlere sesleniyorum. Ve g\u00fcveniyorum Rabbim yolumuzu baht\u0131m\u0131z\u0131 a\u00e7\u0131k etsin diyorum. Ge\u00e7ti\u011fimiz y\u0131l ge\u00e7ti\u011fimiz y\u0131l ger\u00e7ekle\u015ftirdi\u011fimiz rekor \u0130hracat\u0131m\u0131z\u0131n milletimize ve sizlere hay\u0131rl\u0131 olmas\u0131n\u0131 diliyorum.T\u00fcrk bayra\u011f\u0131n\u0131 gururla dalgaland\u0131ran t\u00fcm ihracat\u00e7\u0131lar\u0131m\u0131za her birinize bu rekor i\u00e7in \u015f\u00fckranlar\u0131m\u0131 sunuyorum. \u00d6n\u00fcm\u00fczdeki y\u0131l yeniden bir araya geldi\u011fimizde hedeflerimizi de a\u015fan bir ihracat rakam\u0131n\u0131 payla\u015faca\u011f\u0131m\u0131za y\u00fcrekten inan\u0131yorum\u201d dedi.<\/span><\/p>\n","protected":false},"excerpt":{"rendered":"<p>Cumhurba\u015fkan\u0131 Recep Tayyip Erdo\u011fan, \u201c2023 y\u0131l\u0131 ihracat\u0131m\u0131z, ge\u00e7en y\u0131la g\u00f6re y\u00fczde 0,6 oran\u0131nda art\u0131\u015fla 255 milyar 809 milyon dolara ula\u015farak<\/p>\n","protected":false},"author":3,"featured_media":19710,"comment_status":"open","ping_status":"open","sticky":false,"template":"","format":"standard","meta":{"colormag_page_container_layout":"default_layout","colormag_page_sidebar_layout":"default_layout","footnotes":""},"categories":[3,1,5,8],"tags":[],"class_list":["post-19709","post","type-post","status-publish","format-standard","has-post-thumbnail","hentry","category-ekonomi","category-genel","category-gundem","category-siyaset"],"_links":{"self":[{"href":"https:\/\/marmarayerelhizmet.com\/index.php\/wp-json\/wp\/v2\/posts\/19709","targetHints":{"allow":["GET"]}}],"collection":[{"href":"https:\/\/marmarayerelhizmet.com\/index.php\/wp-json\/wp\/v2\/posts"}],"about":[{"href":"https:\/\/marmarayerelhizmet.com\/index.php\/wp-json\/wp\/v2\/types\/post"}],"author":[{"embeddable":true,"href":"https:\/\/marmarayerelhizmet.com\/index.php\/wp-json\/wp\/v2\/users\/3"}],"replies":[{"embeddable":true,"href":"https:\/\/marmarayerelhizmet.com\/index.php\/wp-json\/wp\/v2\/comments?post=19709"}],"version-history":[{"count":0,"href":"https:\/\/marmarayerelhizmet.com\/index.php\/wp-json\/wp\/v2\/posts\/19709\/revisions"}],"wp:featuredmedia":[{"embeddable":true,"href":"https:\/\/marmarayerelhizmet.com\/index.php\/wp-json\/wp\/v2\/media\/19710"}],"wp:attachment":[{"href":"https:\/\/marmarayerelhizmet.com\/index.php\/wp-json\/wp\/v2\/media?parent=19709"}],"wp:term":[{"taxonomy":"category","embeddable":true,"href":"https:\/\/marmarayerelhizmet.com\/index.php\/wp-json\/wp\/v2\/categories?post=19709"},{"taxonomy":"post_tag","embeddable":true,"href":"https:\/\/marmarayerelhizmet.com\/index.php\/wp-json\/wp\/v2\/tags?post=19709"}],"curies":[{"name":"wp","href":"https:\/\/api.w.org\/{rel}","templated":true}]}}