{"id":19706,"date":"2024-01-02T18:53:52","date_gmt":"2024-01-02T15:53:52","guid":{"rendered":"https:\/\/marmarayerelhizmet.com\/?p=19706"},"modified":"2024-01-02T18:53:52","modified_gmt":"2024-01-02T15:53:52","slug":"buyuksehirden-otobus-soforlerine-egitim","status":"publish","type":"post","link":"https:\/\/marmarayerelhizmet.com\/index.php\/2024\/01\/02\/buyuksehirden-otobus-soforlerine-egitim\/","title":{"rendered":"B\u00fcy\u00fck\u015fehir&#8217;den Otob\u00fcs \u015eof\u00f6rlerine E\u011fitim"},"content":{"rendered":"<p><strong><span style=\"font-family: arial, helvetica, sans-serif; font-size: 14px;\">Vatanda\u015flar\u0131n g\u00fcvenli\u011fini ve konforunu \u00f6n planda tutarak g\u00fcnl\u00fck ortalama 33 bin yolcuya, 296 otob\u00fcs \u015fof\u00f6r\u00fcyle hizmet veren Bal\u0131kesir B\u00fcy\u00fck\u015fehir Belediyesi, \u015fof\u00f6rlerinin e\u011fitimlerini ara vermeden devam ettiriyor.<br \/>\n<\/span><\/strong><br \/>\n<span style=\"font-family: arial, helvetica, sans-serif; font-size: 14px;\">B\u00fcy\u00fck\u015fehir Belediye Ba\u015fkan\u0131 Y\u00fccel Y\u0131lmaz\u2019\u0131n, Bal\u0131kesir halk\u0131na g\u00fcvenli ve konforlu ula\u015f\u0131m hizmeti sa\u011flanmas\u0131 amac\u0131yla 2019 y\u0131l\u0131ndan bu yana belirli periyotlarda otob\u00fcs \u015fof\u00f6rlerine ald\u0131rd\u0131\u011f\u0131 e\u011fitimler aral\u0131ks\u0131z devam ediyor. \u0130l genelinde; 220 hatta, bin 394 seferle g\u00fcnl\u00fck ortalama 33 bin yolcuya, 296 otob\u00fcs \u015fof\u00f6r\u00fcyle hizmet veren B\u00fcy\u00fck\u015fehir Belediyesi i\u015ftiraki Bal\u0131kesir Toplu Ta\u015f\u0131ma A\u015e (BTT) \u015fof\u00f6rleri, \u00e7\u00f6z\u00fcm odakl\u0131 ileti\u015fim e\u011fitimlerini ba\u015far\u0131l\u0131 bir \u015fekilde tamamlad\u0131. \u0130leti\u015fim becerilerini geli\u015ftirmeye, zorluklar\u0131 proaktif bir \u015fekilde kurumsal fark\u0131ndal\u0131\u011f\u0131 vurgulayarak hizmet anlay\u0131\u015f\u0131n\u0131 m\u00fckemmelle\u015ftirmeye y\u00f6nelik e\u011fitimler sayesinde otob\u00fcs \u015fof\u00f6rleriyle yolcular aras\u0131nda g\u00fcler y\u00fczl\u00fc ve sayg\u0131l\u0131 bir ileti\u015fim ger\u00e7ekle\u015fiyor.<br \/>\n<\/span><br \/>\n<strong><span style=\"font-family: arial, helvetica, sans-serif; font-size: 14px;\">E\u011fitimler uygulamaya yans\u0131yor<\/span><\/strong><br \/>\n<span style=\"font-family: arial, helvetica, sans-serif; font-size: 14px;\">Yak\u0131n zamanda Bal\u0131kesir Merkez\u2019de ve Band\u0131rma il\u00e7esinde otob\u00fcslerde fenala\u015fan vatanda\u015flar\u0131 da en h\u0131zl\u0131 ve so\u011fukkanl\u0131 \u015fekilde hastaneye yeti\u015ftiren B\u00fcy\u00fck\u015fehir\u2019in \u015fof\u00f6rleri ald\u0131klar\u0131 e\u011fitimleri g\u00f6revlerini yaparken etkin bir bi\u00e7imde uyguluyor.<br \/>\n<\/span><br \/>\n<strong><span style=\"font-family: arial, helvetica, sans-serif; font-size: 14px;\">\u015eof\u00f6rler e\u011fitimlerden memnun<\/span><\/strong><br \/>\n<span style=\"font-family: arial, helvetica, sans-serif; font-size: 14px;\">Kendilerine verilen e\u011fitimlerden olduk\u00e7a memnun olduklar\u0131n\u0131 dile getiren b\u00fcy\u00fck\u015fehir Belediyesi \u015fof\u00f6rleri; psikolojik olarak desteklendiklerini, yolculara nas\u0131l davranmalar\u0131 gerekti\u011fi, nas\u0131l daha iyi hizmet sunacaklar\u0131n\u0131 \u00f6\u011frendiklerini dile getirdiler.<\/span><\/p>\n","protected":false},"excerpt":{"rendered":"<p>Vatanda\u015flar\u0131n g\u00fcvenli\u011fini ve konforunu \u00f6n planda tutarak g\u00fcnl\u00fck ortalama 33 bin yolcuya, 296 otob\u00fcs \u015fof\u00f6r\u00fcyle hizmet veren Bal\u0131kesir B\u00fcy\u00fck\u015fehir Belediyesi,<\/p>\n","protected":false},"author":3,"featured_media":19707,"comment_status":"open","ping_status":"open","sticky":false,"template":"","format":"standard","meta":{"colormag_page_container_layout":"default_layout","colormag_page_sidebar_layout":"default_layout","footnotes":""},"categories":[1,5,8],"tags":[],"class_list":["post-19706","post","type-post","status-publish","format-standard","has-post-thumbnail","hentry","category-genel","category-gundem","category-siyaset"],"_links":{"self":[{"href":"https:\/\/marmarayerelhizmet.com\/index.php\/wp-json\/wp\/v2\/posts\/19706","targetHints":{"allow":["GET"]}}],"collection":[{"href":"https:\/\/marmarayerelhizmet.com\/index.php\/wp-json\/wp\/v2\/posts"}],"about":[{"href":"https:\/\/marmarayerelhizmet.com\/index.php\/wp-json\/wp\/v2\/types\/post"}],"author":[{"embeddable":true,"href":"https:\/\/marmarayerelhizmet.com\/index.php\/wp-json\/wp\/v2\/users\/3"}],"replies":[{"embeddable":true,"href":"https:\/\/marmarayerelhizmet.com\/index.php\/wp-json\/wp\/v2\/comments?post=19706"}],"version-history":[{"count":0,"href":"https:\/\/marmarayerelhizmet.com\/index.php\/wp-json\/wp\/v2\/posts\/19706\/revisions"}],"wp:featuredmedia":[{"embeddable":true,"href":"https:\/\/marmarayerelhizmet.com\/index.php\/wp-json\/wp\/v2\/media\/19707"}],"wp:attachment":[{"href":"https:\/\/marmarayerelhizmet.com\/index.php\/wp-json\/wp\/v2\/media?parent=19706"}],"wp:term":[{"taxonomy":"category","embeddable":true,"href":"https:\/\/marmarayerelhizmet.com\/index.php\/wp-json\/wp\/v2\/categories?post=19706"},{"taxonomy":"post_tag","embeddable":true,"href":"https:\/\/marmarayerelhizmet.com\/index.php\/wp-json\/wp\/v2\/tags?post=19706"}],"curies":[{"name":"wp","href":"https:\/\/api.w.org\/{rel}","templated":true}]}}