{"id":19700,"date":"2024-01-02T18:49:43","date_gmt":"2024-01-02T15:49:43","guid":{"rendered":"https:\/\/marmarayerelhizmet.com\/?p=19700"},"modified":"2024-01-02T18:49:43","modified_gmt":"2024-01-02T15:49:43","slug":"tffden-super-kupa-finali-aciklamasi","status":"publish","type":"post","link":"https:\/\/marmarayerelhizmet.com\/index.php\/2024\/01\/02\/tffden-super-kupa-finali-aciklamasi\/","title":{"rendered":"TFF&#8217;den S\u00fcper Kupa Finali A\u00e7\u0131klamas\u0131"},"content":{"rendered":"<p><strong><span style=\"font-family: arial, helvetica, sans-serif; font-size: 14px;\">T\u00fcrkiye Futbol Federasyonu, 2023 Turkcell S\u00fcper Kupa finalinin Riyad&#8217;da oynanmas\u0131 teklifi Saudi Media Company \u015firketinden gelerek her iki kul\u00fcb\u00fcn onay\u0131yla imzaya ta\u015f\u0131nd\u0131\u011f\u0131 ve Cumhurba\u015fkan\u0131&#8217;n\u0131n bu s\u00fcrece dahil oldu\u011funa ili\u015fkin iddialar\u0131n as\u0131ls\u0131z oldu\u011funu duyurdu.<br \/>\n<\/span><\/strong><br \/>\n<span style=\"font-family: arial, helvetica, sans-serif; font-size: 14px;\">Ertelenen 2023 Turkcell S\u00fcper Kupa finaline ili\u015fkin TFF&#8217;den yap\u0131lan yaz\u0131l\u0131 a\u00e7\u0131klamada \u015fu ifadelere yer verildi:<\/span><br \/>\n<span style=\"font-family: arial, helvetica, sans-serif; font-size: 14px;\">&#8220;T\u00fcrkiye Futbol Federasyonu olarak siyasetin spora asla kar\u0131\u015fmamas\u0131 gerekti\u011fine inan\u0131yoruz. Bu inanc\u0131m\u0131z ve iki g\u00fczide kul\u00fcb\u00fcm\u00fczle y\u00fcr\u00fctt\u00fc\u011f\u00fcm\u00fcz \u015feffaf i\u015f birli\u011fine istinaden, 2023 Turkcell S\u00fcper Kupa &#8211; Riyad s\u00fcreci hakk\u0131nda baz\u0131 \u00f6nemli konulara a\u00e7\u0131kl\u0131k getirmek isteriz:<\/span><br \/>\n<span style=\"font-family: arial, helvetica, sans-serif; font-size: 14px;\">2023 Turkcell S\u00fcper Kupa m\u00fcsabakas\u0131n\u0131n Riyad&#8217;da oynanmas\u0131 teklifi federasyonumuza SMC (Saudi Media Company \/ Riyadh Season) \u015firketi taraf\u0131ndan iletilmi\u015f, her iki kul\u00fcb\u00fcm\u00fcz\u00fcn onay\u0131yla imzaya ta\u015f\u0131nm\u0131\u015ft\u0131r. Cumhurba\u015fkan\u0131m\u0131z\u0131n bu s\u00fcrece herhangi bir \u015fekilde dahil oldu\u011funa ili\u015fkin b\u00fct\u00fcn iddialar as\u0131ls\u0131zd\u0131r.<\/span><br \/>\n<span style=\"font-family: arial, helvetica, sans-serif; font-size: 14px;\">S\u00fcrecin hi\u00e7bir a\u015famas\u0131nda mill\u00ee de\u011ferlerimiz ve Atat\u00fcrk ilkelerimiz tart\u0131\u015fmaya a\u00e7\u0131k olmam\u0131\u015ft\u0131r. Aksi iddialar as\u0131ls\u0131z, art niyetli ve milletimizin b\u00fct\u00fcnl\u00fc\u011f\u00fcn\u00fc hedef edinen provokasyon ama\u00e7l\u0131d\u0131r. \u0130lgili m\u00fcsabaka FIFA Stat\u00fcs\u00fc gere\u011fince, FIFA Uluslararas\u0131 Ma\u00e7lar\u0131n D\u00fczenlenmesine Dair Talimata tabidir. Uluslararas\u0131 ma\u00e7larda olmas\u0131 gereken t\u00fcm gereklilikler ve prosed\u00fcrler bu ma\u00e7 i\u00e7in de aynen ge\u00e7erlidir.<\/span><br \/>\n<span style=\"font-family: arial, helvetica, sans-serif; font-size: 14px;\">T\u00fcrkiye Futbol Federasyonu olarak toplumumuzun en \u00f6nemli birle\u015ftirici g\u00fcc\u00fc olan sporun farkl\u0131 ama\u00e7lara alet edilmesi y\u00f6n\u00fcndeki \u00e7abalara asla m\u00fcsaade etmeyece\u011fimizi vurguluyor, T\u00fcrk futbolunun ba\u015far\u0131larla ad\u0131ndan s\u00f6z ettirmesi i\u00e7in \u00e7al\u0131\u015fmaya kararl\u0131l\u0131kla devam edece\u011fimizi ifade ediyoruz.&#8221;<\/span><\/p>\n","protected":false},"excerpt":{"rendered":"<p>T\u00fcrkiye Futbol Federasyonu, 2023 Turkcell S\u00fcper Kupa finalinin Riyad&#8217;da oynanmas\u0131 teklifi Saudi Media Company \u015firketinden gelerek her iki kul\u00fcb\u00fcn onay\u0131yla<\/p>\n","protected":false},"author":3,"featured_media":18290,"comment_status":"open","ping_status":"open","sticky":false,"template":"","format":"standard","meta":{"colormag_page_container_layout":"default_layout","colormag_page_sidebar_layout":"default_layout","footnotes":""},"categories":[1,5,9],"tags":[],"class_list":["post-19700","post","type-post","status-publish","format-standard","has-post-thumbnail","hentry","category-genel","category-gundem","category-spor"],"_links":{"self":[{"href":"https:\/\/marmarayerelhizmet.com\/index.php\/wp-json\/wp\/v2\/posts\/19700","targetHints":{"allow":["GET"]}}],"collection":[{"href":"https:\/\/marmarayerelhizmet.com\/index.php\/wp-json\/wp\/v2\/posts"}],"about":[{"href":"https:\/\/marmarayerelhizmet.com\/index.php\/wp-json\/wp\/v2\/types\/post"}],"author":[{"embeddable":true,"href":"https:\/\/marmarayerelhizmet.com\/index.php\/wp-json\/wp\/v2\/users\/3"}],"replies":[{"embeddable":true,"href":"https:\/\/marmarayerelhizmet.com\/index.php\/wp-json\/wp\/v2\/comments?post=19700"}],"version-history":[{"count":0,"href":"https:\/\/marmarayerelhizmet.com\/index.php\/wp-json\/wp\/v2\/posts\/19700\/revisions"}],"wp:featuredmedia":[{"embeddable":true,"href":"https:\/\/marmarayerelhizmet.com\/index.php\/wp-json\/wp\/v2\/media\/18290"}],"wp:attachment":[{"href":"https:\/\/marmarayerelhizmet.com\/index.php\/wp-json\/wp\/v2\/media?parent=19700"}],"wp:term":[{"taxonomy":"category","embeddable":true,"href":"https:\/\/marmarayerelhizmet.com\/index.php\/wp-json\/wp\/v2\/categories?post=19700"},{"taxonomy":"post_tag","embeddable":true,"href":"https:\/\/marmarayerelhizmet.com\/index.php\/wp-json\/wp\/v2\/tags?post=19700"}],"curies":[{"name":"wp","href":"https:\/\/api.w.org\/{rel}","templated":true}]}}