{"id":19695,"date":"2024-01-02T18:49:09","date_gmt":"2024-01-02T15:49:09","guid":{"rendered":"https:\/\/marmarayerelhizmet.com\/?p=19695"},"modified":"2024-01-02T18:49:09","modified_gmt":"2024-01-02T15:49:09","slug":"katilini-ihbar-edene-100-bin-lira-odul","status":"publish","type":"post","link":"https:\/\/marmarayerelhizmet.com\/index.php\/2024\/01\/02\/katilini-ihbar-edene-100-bin-lira-odul\/","title":{"rendered":"Katilini \u0130hbar Edene 100 Bin Lira \u00d6d\u00fcl"},"content":{"rendered":"<p><strong><span style=\"font-family: arial, helvetica, sans-serif; font-size: 14px;\">Kuzey K\u0131br\u0131s T\u00fcrk Cumhuriyeti\u2019nin (KKTC) ba\u015fkenti Lefko\u015fa\u2019da bir d\u00f6viz b\u00fcrosunu soyup, sahibini \u00f6ld\u00fcrd\u00fckten sonra ka\u00e7an katil zanl\u0131lar\u0131n\u0131 ihbar edenlere 100 bin lira \u00f6d\u00fcl verilecek.<br \/>\n<\/span><\/strong><br \/>\n<span style=\"font-family: arial, helvetica, sans-serif; font-size: 14px;\">KKTC&#8217;nin ba\u015fkenti Lefko\u015fa\u2019da 22 Aral\u0131k 2023\u2019te a\u011fz\u0131 ve burnu koli band\u0131yla kapat\u0131larak \u00f6ld\u00fcr\u00fclen d\u00f6viz b\u00fcrosu sahibi Ay\u00e7a Alav\u2019\u0131n katil zanl\u0131lar\u0131 hen\u00fcz yakalanamad\u0131.<\/span><br \/>\n<span style=\"font-family: arial, helvetica, sans-serif; font-size: 14px;\">Olay\u0131n ard\u0131ndan yasa d\u0131\u015f\u0131 yollarla G\u00fcney K\u0131br\u0131s\u2019a ka\u00e7t\u0131klar\u0131 tahmin edilen Kamerunlu Brayn Gibip Camerounaise ile Vinel Sidrick Mbouhomtchomite\u2019nin yakalanmas\u0131 i\u00e7in hem Kuzey K\u0131br\u0131s\u2019ta hem de G\u00fcney K\u0131br\u0131s\u2019ta arama \u00e7al\u0131\u015fmalar\u0131 s\u00fcr\u00fcyor. Zanl\u0131lar\u0131n K\u0131br\u0131s\u2019tan \u00e7\u0131k\u0131\u015f yapmalar\u0131n\u0131 engellemek i\u00e7in t\u00fcm s\u0131n\u0131r kap\u0131lar\u0131na foto\u011fraflar\u0131n\u0131n da\u011f\u0131t\u0131ld\u0131\u011f\u0131 belirtildi.<img decoding=\"async\" class=\"size-medium wp-image-19696 alignright\" src=\"https:\/\/marmarayerelhizmet.com\/wp-content\/uploads\/2024\/01\/AW111419_01-219x300.jpg\" alt=\"\" width=\"219\" height=\"300\" srcset=\"https:\/\/marmarayerelhizmet.com\/wp-content\/uploads\/2024\/01\/AW111419_01-219x300.jpg 219w, https:\/\/marmarayerelhizmet.com\/wp-content\/uploads\/2024\/01\/AW111419_01.jpg 729w\" sizes=\"(max-width: 219px) 100vw, 219px\" \/><\/span><\/p>\n<p><strong><span style=\"font-family: arial, helvetica, sans-serif; font-size: 14px;\">\u201cKKTC\u2019de sakland\u0131klar\u0131na inan\u0131yorum\u201d<\/span><\/strong><br \/>\n<span style=\"font-family: arial, helvetica, sans-serif; font-size: 14px;\">Zanl\u0131lar\u0131n KKTC d\u0131\u015f\u0131na \u00e7\u0131kmam\u0131\u015f olabilece\u011fi ihtimali de g\u00fcndeme gelirken, Ay\u00e7a Alav\u2019\u0131n e\u015fi Eren Alav katil zanl\u0131lar\u0131n\u0131n ba\u015f\u0131na \u00f6d\u00fcl koydu. Ya\u015fad\u0131\u011f\u0131 vahim olay\u0131n ailesini sarst\u0131\u011f\u0131n\u0131 belirten Alav yapt\u0131\u011f\u0131 a\u00e7\u0131klamada, \u201cKatil zanl\u0131lar\u0131ndan Byran 7 ayd\u0131r yan\u0131m\u0131zda \u00e7al\u0131\u015f\u0131yordu. Di\u011fer \u015fahs\u0131 hi\u00e7 g\u00f6rmedim ve tan\u0131m\u0131yorum. Onlar\u0131n halen KKTC\u2019de bir yerlerde sakland\u0131\u011f\u0131na inan\u0131yorum\u201d dedi. Zanlar\u0131n yakalanmas\u0131na yard\u0131mc\u0131 olacak ki\u015fiye para \u00f6d\u00fcl\u00fc verece\u011fini a\u00e7\u0131klayan Eren Alav, \u201cOnlar halen KKTC\u2019de, g\u00fcneye ka\u00e7amad\u0131lar. Yerini bilenler, g\u00f6renler, bilgisi olanlar yard\u0131mc\u0131 olursa 100 bin lira verece\u011fim\u201d ifadesini kulland\u0131.<\/span><\/p>\n<p><strong><span style=\"font-family: arial, helvetica, sans-serif; font-size: 14px;\">Ne olmu\u015ftu?<\/span><\/strong><br \/>\n<span style=\"font-family: arial, helvetica, sans-serif; font-size: 14px;\">Katil zanl\u0131lar\u0131ndan Brayn Gibip\u2019in olaydan 5 ay \u00f6nce Alav ailesine ait pansiyonda \u00e7al\u0131\u015fmaya ba\u015flad\u0131\u011f\u0131, bu s\u00fcre zarf\u0131nda cinayeti t\u00fcm detaylar\u0131yla planlad\u0131\u011f\u0131 ve Kamerunlu bir su\u00e7 orta\u011f\u0131 ile hareket etti\u011fi belirtilmi\u015fti. Gibip, olay g\u00fcn\u00fc d\u00f6viz b\u00fcrosunun yan\u0131 s\u0131ra Vak\u0131flar \u00c7ar\u015f\u0131s\u0131&#8217;nda bavul sat\u0131\u015f\u0131 yap\u0131lan bir i\u015f yerinin de sahibi olan Alav\u2019\u0131 i\u015f yerine \u00e7a\u011f\u0131rm\u0131\u015f, su\u00e7 orta\u011f\u0131yla birlikte Alav\u2019\u0131n ellerini, a\u011fz\u0131n\u0131 ve burnunu koli band\u0131yla kapatarak \u00f6l\u00fcm\u00fcne neden olmu\u015ftu.<img decoding=\"async\" class=\"size-medium wp-image-19697 alignright\" src=\"https:\/\/marmarayerelhizmet.com\/wp-content\/uploads\/2024\/01\/AW111419_02-202x300.jpg\" alt=\"\" width=\"202\" height=\"300\" srcset=\"https:\/\/marmarayerelhizmet.com\/wp-content\/uploads\/2024\/01\/AW111419_02-202x300.jpg 202w, https:\/\/marmarayerelhizmet.com\/wp-content\/uploads\/2024\/01\/AW111419_02.jpg 672w\" sizes=\"(max-width: 202px) 100vw, 202px\" \/><\/span><br \/>\n<span style=\"font-family: arial, helvetica, sans-serif; font-size: 14px;\">Gibip\u2019in cinayetin ard\u0131ndan d\u00f6viz b\u00fcrosuna girerek kad\u0131n\u0131n \u00e7antas\u0131ndaki ve yazar kasada bulunan paray\u0131 \u00e7ald\u0131\u011f\u0131 ifade edilmi\u015fti. Zanl\u0131lar\u0131n d\u00f6viz b\u00fcrosundaki kasay\u0131 ise a\u00e7amad\u0131\u011f\u0131 aktar\u0131lm\u0131\u015ft\u0131.<\/span><br \/>\n<span style=\"font-family: arial, helvetica, sans-serif; font-size: 14px;\">Olay\u0131n ard\u0131ndan zanl\u0131lar\u0131n arac\u0131yla ka\u00e7t\u0131klar\u0131 Pakistanl\u0131 Saddam H\u00fcseyin ile su\u00e7la ba\u011flant\u0131l\u0131 Kamerunlu Franck Leonel Wouobeng Dongho tutuklanm\u0131\u015ft\u0131. Polis, katil zanl\u0131lar\u0131na yard\u0131m etmek i\u00e7in Dongho\u2019nun 50, H\u00fcseyin\u2019in ise 100 euro \u00fccret ald\u0131\u011f\u0131n\u0131 a\u00e7\u0131klam\u0131\u015ft\u0131.<\/span><\/p>\n","protected":false},"excerpt":{"rendered":"<p>Kuzey K\u0131br\u0131s T\u00fcrk Cumhuriyeti\u2019nin (KKTC) ba\u015fkenti Lefko\u015fa\u2019da bir d\u00f6viz b\u00fcrosunu soyup, sahibini \u00f6ld\u00fcrd\u00fckten sonra ka\u00e7an katil zanl\u0131lar\u0131n\u0131 ihbar edenlere 100<\/p>\n","protected":false},"author":3,"featured_media":19698,"comment_status":"open","ping_status":"open","sticky":false,"template":"","format":"standard","meta":{"colormag_page_container_layout":"default_layout","colormag_page_sidebar_layout":"default_layout","footnotes":""},"categories":[1,5],"tags":[],"class_list":["post-19695","post","type-post","status-publish","format-standard","has-post-thumbnail","hentry","category-genel","category-gundem"],"_links":{"self":[{"href":"https:\/\/marmarayerelhizmet.com\/index.php\/wp-json\/wp\/v2\/posts\/19695","targetHints":{"allow":["GET"]}}],"collection":[{"href":"https:\/\/marmarayerelhizmet.com\/index.php\/wp-json\/wp\/v2\/posts"}],"about":[{"href":"https:\/\/marmarayerelhizmet.com\/index.php\/wp-json\/wp\/v2\/types\/post"}],"author":[{"embeddable":true,"href":"https:\/\/marmarayerelhizmet.com\/index.php\/wp-json\/wp\/v2\/users\/3"}],"replies":[{"embeddable":true,"href":"https:\/\/marmarayerelhizmet.com\/index.php\/wp-json\/wp\/v2\/comments?post=19695"}],"version-history":[{"count":0,"href":"https:\/\/marmarayerelhizmet.com\/index.php\/wp-json\/wp\/v2\/posts\/19695\/revisions"}],"wp:featuredmedia":[{"embeddable":true,"href":"https:\/\/marmarayerelhizmet.com\/index.php\/wp-json\/wp\/v2\/media\/19698"}],"wp:attachment":[{"href":"https:\/\/marmarayerelhizmet.com\/index.php\/wp-json\/wp\/v2\/media?parent=19695"}],"wp:term":[{"taxonomy":"category","embeddable":true,"href":"https:\/\/marmarayerelhizmet.com\/index.php\/wp-json\/wp\/v2\/categories?post=19695"},{"taxonomy":"post_tag","embeddable":true,"href":"https:\/\/marmarayerelhizmet.com\/index.php\/wp-json\/wp\/v2\/tags?post=19695"}],"curies":[{"name":"wp","href":"https:\/\/api.w.org\/{rel}","templated":true}]}}