{"id":19693,"date":"2024-01-02T11:49:02","date_gmt":"2024-01-02T08:49:02","guid":{"rendered":"https:\/\/marmarayerelhizmet.com\/?p=19693"},"modified":"2024-01-02T11:49:02","modified_gmt":"2024-01-02T08:49:02","slug":"36-parti-secime-katilacak","status":"publish","type":"post","link":"https:\/\/marmarayerelhizmet.com\/index.php\/2024\/01\/02\/36-parti-secime-katilacak\/","title":{"rendered":"36 Parti Se\u00e7ime Kat\u0131lacak"},"content":{"rendered":"<div id=\"widget_General_News_Detail_5\" class=\"widget widget_General_News_Detail lazy-component\" data-design-widget-id=\"77\" data-widget=\"General\\News\\Detail\" data-index=\"7\">\n<div class=\"mt-6 lg:mt-12 content-container rounded px-5 lg:px-0\">\n<div class=\"mb-4 content-container relative\">\n<p id=\"content\" class=\"content font-normal text-gray-700 text-xl lg:text-2xl leading-6 mb-8 mt-8 block \"><strong><span style=\"font-family: arial, helvetica, sans-serif; font-size: 14px;\">Y\u00fcksek Se\u00e7im Kurulu (YSK) Ba\u015fkan\u0131 Ahmet Yener, se\u00e7ime kat\u0131labilecek partileri a\u00e7\u0131klad\u0131.<\/span><\/strong><\/p>\n<p><span style=\"font-family: arial, helvetica, sans-serif; font-size: 14px;\">Y\u00fcksek Se\u00e7im Kurulu (YSK) Ba\u015fkan\u0131 Ahmet Yener, 31 Mart 2024\u2019te yap\u0131lacak mahalli idareler genel se\u00e7imine ili\u015fkin a\u00e7\u0131klamalarda bulundu.<\/span><\/p>\n<p><span style=\"font-family: arial, helvetica, sans-serif; font-size: 14px;\">-&#8220;1 Ocak 2024 tarihi itibar\u0131yla se\u00e7im takvimimiz ba\u015flam\u0131\u015ft\u0131r. 31 Mart 2024 tarihinde ger\u00e7ekle\u015ftirilecek mahalli idareler genel se\u00e7iminin t\u00fcm siyasi partilerimize ve se\u00e7menlerimize hay\u0131rl\u0131 olmas\u0131n\u0131 diliyorum&#8221;<\/span><\/p>\n<p><span style=\"font-family: arial, helvetica, sans-serif; font-size: 14px;\">-&#8220;\u0130lan edilen se\u00e7im takvimimiz uyar\u0131nca Y\u00fcksek Se\u00e7im Kurulu bug\u00fcn ger\u00e7ekle\u015ftirdi\u011fi toplant\u0131da 31 Mart 2024 tarihinde ger\u00e7ekle\u015fecek olan mahalli idareler genel se\u00e7imine kat\u0131lacak siyasi partileri tespit etmi\u015ftir&#8221;<\/span><\/p>\n<p><span style=\"font-family: arial, helvetica, sans-serif; font-size: 14px;\">-&#8220;Tespit edilen siyasi partilerimiz alfabetik s\u0131raya g\u00f6re, Adalet Birlik Partisi, Adalet Partisi, Adalet ve Kalk\u0131nma Partisi, Anadolu Birli\u011fi Partisi, Anavatan Partisi, Ayd\u0131nl\u0131k Demokrasi Partisi, Ba\u011f\u0131ms\u0131z T\u00fcrkiye Partisi, B\u00fcy\u00fck Birlik Partisi, B\u00fcy\u00fck T\u00fcrkiye Partisi, Cumhuriyet Halk Partisi, Demokrasi ve At\u0131l\u0131m Partisi, Demokratik Sol Parti, Demokrat Parti, Emek Partisi, Gelecek Partisi, Gen\u00e7 Parti, G\u00fc\u00e7 Birli\u011fi Partisi, Hak ve \u00d6zg\u00fcrl\u00fckler Partisi, Halk\u0131n Kurtulu\u015fu Partisi, Haklar\u0131n E\u015fitlik ve Demokrasi Partisi, H\u00fcr Dava Partisi, \u0130yi Parti, Memleket Partisi, Millet Partisi, Milliyet\u00e7i Hareket Partisi, Milli Yol Partisi, Saadet Partisi, Sol Parti, T\u00fcrkiye \u0130\u015f\u00e7i Partisi, T\u00fcrkiye Kominist Hareketi, T\u00fcrkiye Kominist Partisi, Vatan Partisi, Yeniden Refah Partisi, Yenilik Partisi, Yeni T\u00fcrkiye Partisi ve Zafer Partisi olarak 36 siyasi partimizin 31 Mart 2024 tarihinde ger\u00e7ekle\u015fecek olan mahalli idareler genel se\u00e7imine kat\u0131lmaya hak kazand\u0131\u011f\u0131 kurulumuzun toplant\u0131s\u0131nda tespit edilmi\u015ftir&#8221;<\/span><\/p>\n<\/div>\n<\/div>\n<\/div>\n<div id=\"widget_General_ContentPool_PrimaryList_6\" class=\"widget widget_General_ContentPool_PrimaryList lazy-component\" data-design-widget-id=\"81\" data-widget=\"General\\ContentPool\\PrimaryList\" data-index=\"7\">\n<div class=\"container mx-auto px-3 lg:px-0\">\n<p class=\"mb-3 flex\">\n<\/div>\n<\/div>\n","protected":false},"excerpt":{"rendered":"<p>Y\u00fcksek Se\u00e7im Kurulu (YSK) Ba\u015fkan\u0131 Ahmet Yener, se\u00e7ime kat\u0131labilecek partileri a\u00e7\u0131klad\u0131. Y\u00fcksek Se\u00e7im Kurulu (YSK) Ba\u015fkan\u0131 Ahmet Yener, 31 Mart<\/p>\n","protected":false},"author":3,"featured_media":7803,"comment_status":"open","ping_status":"open","sticky":false,"template":"","format":"standard","meta":{"colormag_page_container_layout":"default_layout","colormag_page_sidebar_layout":"default_layout","footnotes":""},"categories":[1,5,8],"tags":[],"class_list":["post-19693","post","type-post","status-publish","format-standard","has-post-thumbnail","hentry","category-genel","category-gundem","category-siyaset"],"_links":{"self":[{"href":"https:\/\/marmarayerelhizmet.com\/index.php\/wp-json\/wp\/v2\/posts\/19693","targetHints":{"allow":["GET"]}}],"collection":[{"href":"https:\/\/marmarayerelhizmet.com\/index.php\/wp-json\/wp\/v2\/posts"}],"about":[{"href":"https:\/\/marmarayerelhizmet.com\/index.php\/wp-json\/wp\/v2\/types\/post"}],"author":[{"embeddable":true,"href":"https:\/\/marmarayerelhizmet.com\/index.php\/wp-json\/wp\/v2\/users\/3"}],"replies":[{"embeddable":true,"href":"https:\/\/marmarayerelhizmet.com\/index.php\/wp-json\/wp\/v2\/comments?post=19693"}],"version-history":[{"count":0,"href":"https:\/\/marmarayerelhizmet.com\/index.php\/wp-json\/wp\/v2\/posts\/19693\/revisions"}],"wp:featuredmedia":[{"embeddable":true,"href":"https:\/\/marmarayerelhizmet.com\/index.php\/wp-json\/wp\/v2\/media\/7803"}],"wp:attachment":[{"href":"https:\/\/marmarayerelhizmet.com\/index.php\/wp-json\/wp\/v2\/media?parent=19693"}],"wp:term":[{"taxonomy":"category","embeddable":true,"href":"https:\/\/marmarayerelhizmet.com\/index.php\/wp-json\/wp\/v2\/categories?post=19693"},{"taxonomy":"post_tag","embeddable":true,"href":"https:\/\/marmarayerelhizmet.com\/index.php\/wp-json\/wp\/v2\/tags?post=19693"}],"curies":[{"name":"wp","href":"https:\/\/api.w.org\/{rel}","templated":true}]}}