{"id":19690,"date":"2024-01-02T11:41:58","date_gmt":"2024-01-02T08:41:58","guid":{"rendered":"https:\/\/marmarayerelhizmet.com\/?p=19690"},"modified":"2024-01-02T11:42:09","modified_gmt":"2024-01-02T08:42:09","slug":"fiyati-en-cok-artan-kabak-oldu","status":"publish","type":"post","link":"https:\/\/marmarayerelhizmet.com\/index.php\/2024\/01\/02\/fiyati-en-cok-artan-kabak-oldu\/","title":{"rendered":"Fiyat\u0131 En \u00c7ok Artan Kabak Oldu"},"content":{"rendered":"<p><strong><span style=\"font-family: arial, helvetica, sans-serif; font-size: 14px;\">\u0130stanbul&#8217;da Aral\u0131k ay\u0131nda fiyat\u0131 y\u00fczde 93,82 artan kabak en \u00e7ok pahalanan \u00fcr\u00fcn oldu.<br \/>\n<\/span><\/strong><br \/>\n<span style=\"font-family: arial, helvetica, sans-serif; font-size: 14px;\">\u0130stanbul Ticaret Odas\u0131 (\u0130TO), piyasalar\u0131n \u015feffafl\u0131\u011f\u0131n\u0131 sa\u011flamak ve kamuoyunu bilgilendirmek amac\u0131yla, ge\u00e7en Aral\u0131k ay\u0131nda \u0130stanbul&#8217;da perakende fiyat\u0131 en fazla artan ve azalan \u00fcr\u00fcnleri, fiyatlar\u0131 ve de\u011fi\u015fim oranlar\u0131yla birlikte a\u00e7\u0131klad\u0131.<\/span><br \/>\n<span style=\"font-family: arial, helvetica, sans-serif; font-size: 14px;\">\u0130TO\u2019nun \u0130stanbul \u00dccretliler Ge\u00e7inme \u0130ndeksi\u2019nde yer alan 242 \u00fcr\u00fcn\u00fcn 119\u2019unun perakende fiyat\u0131 artarken, 14 \u00fcr\u00fcn\u00fcn fiyat\u0131 d\u00fc\u015ft\u00fc, 109 \u00fcr\u00fcn\u00fcn fiyat\u0131 ise de\u011fi\u015fmedi.<br \/>\n<\/span><br \/>\n<strong><span style=\"font-family: arial, helvetica, sans-serif; font-size: 14px;\">Kabak fiyat\u0131 y\u00fczde 93,82 artt\u0131<\/span><\/strong><br \/>\n<span style=\"font-family: arial, helvetica, sans-serif; font-size: 14px;\">Aral\u0131k ay\u0131nda G\u0131da harcamalar\u0131 grubu Ya\u015f Kuru Sebze ve Meyveler alt grubunda yer alan kabak y\u00fczde 93,82 ile fiyat\u0131 en fazla art\u0131\u015f g\u00f6steren \u00fcr\u00fcn oldu.<\/span><br \/>\n<span style=\"font-family: arial, helvetica, sans-serif; font-size: 14px;\">Fiyat\u0131nda art\u0131\u015f ya\u015fanan di\u011fer \u00fcr\u00fcnlerin baz\u0131lar\u0131; G\u0131da harcamalar\u0131 Ya\u015f Kuru Sebze ve Meyveler alt grubundan y\u00fczde 67,32 ile salatal\u0131k, y\u00fczde 37,58 ile taze fasulye, y\u00fczde 36,04 ile ya\u015f \u00fcz\u00fcm, y\u00fczde 34,85 ile sivri biber ve Sa\u011fl\u0131k harcamalar\u0131 grubundan y\u00fczde 27,09 ile ila\u00e7lar oldu.<br \/>\n<\/span><br \/>\n<strong><span style=\"font-family: arial, helvetica, sans-serif; font-size: 14px;\">Aral\u0131k ay\u0131nda portakal fiyat\u0131 y\u00fczde 12,59 ucuzlad\u0131<\/span><\/strong><br \/>\n<span style=\"font-family: arial, helvetica, sans-serif; font-size: 14px;\">2023 Aral\u0131k ay\u0131nda G\u0131da Harcamalar\u0131 Ya\u015f Kuru Sebze ve Meyveler alt grubunda yer alan portakal fiyat\u0131 y\u00fczde 12,59 gerileme g\u00f6stererek fiyat\u0131 en fazla azalan \u00fcr\u00fcn oldu.<\/span><br \/>\n<span style=\"font-family: arial, helvetica, sans-serif; font-size: 14px;\">Fiyat\u0131nda azal\u0131\u015f izlenen di\u011fer \u00fcr\u00fcnler; Ev E\u015fyas\u0131 harcamalar\u0131 grubundan y\u00fczde 7,14 ile porselen mutfak e\u015fyas\u0131, G\u0131da harcamalar\u0131ndan y\u00fczde 6,46 ile bal\u0131k, y\u00fczde 5,22 ile muz ve konut harcamalar\u0131 grubundan y\u00fczde 1,89 ile gazya\u011f\u0131 oldu.<\/span><\/p>\n","protected":false},"excerpt":{"rendered":"<p>\u0130stanbul&#8217;da Aral\u0131k ay\u0131nda fiyat\u0131 y\u00fczde 93,82 artan kabak en \u00e7ok pahalanan \u00fcr\u00fcn oldu. \u0130stanbul Ticaret Odas\u0131 (\u0130TO), piyasalar\u0131n \u015feffafl\u0131\u011f\u0131n\u0131 sa\u011flamak<\/p>\n","protected":false},"author":3,"featured_media":18416,"comment_status":"open","ping_status":"open","sticky":false,"template":"","format":"standard","meta":{"colormag_page_container_layout":"default_layout","colormag_page_sidebar_layout":"default_layout","footnotes":""},"categories":[3,1,5],"tags":[],"class_list":["post-19690","post","type-post","status-publish","format-standard","has-post-thumbnail","hentry","category-ekonomi","category-genel","category-gundem"],"_links":{"self":[{"href":"https:\/\/marmarayerelhizmet.com\/index.php\/wp-json\/wp\/v2\/posts\/19690","targetHints":{"allow":["GET"]}}],"collection":[{"href":"https:\/\/marmarayerelhizmet.com\/index.php\/wp-json\/wp\/v2\/posts"}],"about":[{"href":"https:\/\/marmarayerelhizmet.com\/index.php\/wp-json\/wp\/v2\/types\/post"}],"author":[{"embeddable":true,"href":"https:\/\/marmarayerelhizmet.com\/index.php\/wp-json\/wp\/v2\/users\/3"}],"replies":[{"embeddable":true,"href":"https:\/\/marmarayerelhizmet.com\/index.php\/wp-json\/wp\/v2\/comments?post=19690"}],"version-history":[{"count":0,"href":"https:\/\/marmarayerelhizmet.com\/index.php\/wp-json\/wp\/v2\/posts\/19690\/revisions"}],"wp:featuredmedia":[{"embeddable":true,"href":"https:\/\/marmarayerelhizmet.com\/index.php\/wp-json\/wp\/v2\/media\/18416"}],"wp:attachment":[{"href":"https:\/\/marmarayerelhizmet.com\/index.php\/wp-json\/wp\/v2\/media?parent=19690"}],"wp:term":[{"taxonomy":"category","embeddable":true,"href":"https:\/\/marmarayerelhizmet.com\/index.php\/wp-json\/wp\/v2\/categories?post=19690"},{"taxonomy":"post_tag","embeddable":true,"href":"https:\/\/marmarayerelhizmet.com\/index.php\/wp-json\/wp\/v2\/tags?post=19690"}],"curies":[{"name":"wp","href":"https:\/\/api.w.org\/{rel}","templated":true}]}}