{"id":19547,"date":"2023-12-29T18:46:20","date_gmt":"2023-12-29T15:46:20","guid":{"rendered":"https:\/\/marmarayerelhizmet.com\/?p=19547"},"modified":"2023-12-29T18:46:20","modified_gmt":"2023-12-29T15:46:20","slug":"meb-calisanlarina-yuzde-50-indirimli","status":"publish","type":"post","link":"https:\/\/marmarayerelhizmet.com\/index.php\/2023\/12\/29\/meb-calisanlarina-yuzde-50-indirimli\/","title":{"rendered":"MEB \u00c7al\u0131\u015fanlar\u0131na Y\u00fczde 50 \u0130ndirimli"},"content":{"rendered":"<p><strong><span style=\"font-family: arial, helvetica, sans-serif; font-size: 14px;\">\u00d6\u011fretmenlere \u00f6\u011fretmenevlerinde konaklamada sa\u011flanan y\u00fczde 50 indirimin ard\u0131ndan Milli E\u011fitim Bakanl\u0131\u011f\u0131nda (MEB) \u00e7al\u0131\u015fan di\u011fer personelin bu y\u00f6ndeki isteklerine kay\u0131ts\u0131z kal\u0131nmad\u0131. Milli E\u011fitim Bakan\u0131 Yusuf Tekin&#8217;in talimat\u0131 uyar\u0131nca \u00f6\u011fretmenlerle birlikte t\u00fcm Bakanl\u0131k \u00e7al\u0131\u015fanlar\u0131 da \u00f6\u011fretmenevlerinde y\u00fczde 50 indirimli konaklayabilecek.<br \/>\n<\/span><\/strong><br \/>\n<span style=\"font-family: arial, helvetica, sans-serif; font-size: 14px;\">2022-2023 e\u011fitim \u00f6\u011fretim y\u0131l\u0131nda \u00f6\u011fretmenlerin g\u00f6revlendirildikleri illerdeki konaklama ihtiya\u00e7lar\u0131 g\u00f6z \u00f6n\u00fcnde bulundurularak 2023 y\u0131l\u0131n\u0131n sonuna kadar konaklama \u00fccretinde y\u00fczde 50 oran\u0131nda indirim yap\u0131lmas\u0131 ve bu s\u00fcre i\u00e7inde mevcut kapasitenin sadece konaklama ihtiyac\u0131 olan \u00f6\u011fretmenler i\u00e7in kulland\u0131r\u0131lmas\u0131 y\u00f6n\u00fcnde d\u00fczenleme yap\u0131lm\u0131\u015ft\u0131.<\/span><br \/>\n<span style=\"font-family: arial, helvetica, sans-serif; font-size: 14px;\">Milli E\u011fitim Bakanl\u0131\u011f\u0131, \u00f6\u011fretmen haricindeki e\u011fitim personelinden gelen talepler do\u011frultusunda harekete ge\u00e7ti. Bakan Yusuf Tekin&#8217;in bu y\u00f6ndeki talimat\u0131yla Bakanl\u0131\u011f\u0131n \u00f6\u011fretmenlik harici kadrolar\u0131nda g\u00f6rev yapan personelin de konaklama ihtiya\u00e7lar\u0131 dikkate al\u0131narak 2024 y\u0131l\u0131n\u0131n sonuna kadar daha \u00f6nce yap\u0131lan rezervasyonlar iptal edilmeden ve konaklama \u00fccretlerinde maliyet bedellerinin alt\u0131nda kalmadan \u00f6\u011fretmenler ve di\u011fer t\u00fcm Milli E\u011fitim Bakanl\u0131\u011f\u0131 personeline sivil misafirlere uygulanan hizmet bedelleri \u00fczerinden kahvalt\u0131 hari\u00e7 y\u00fczde 50 oran\u0131nda indirim uygulanacak.<\/span><br \/>\n<span style=\"font-family: arial, helvetica, sans-serif; font-size: 14px;\">Konuya ili\u015fkin sosyal medya hesab\u0131 \u00fczerinden a\u00e7\u0131klamada bulunan Milli E\u011fitim Bakan\u0131 Yusuf Tekin, &#8220;Gelece\u011fimizi sevgiyle yo\u011furan k\u0131ymetli meslekta\u015flar\u0131ma. Yeni T\u00fcrkiye&#8217;nin s\u00fcrd\u00fcr\u00fclebilir e\u011fitim sisteminin mimarlar\u0131 olan, toplumun t\u00fcm bireylerine dokunan \u00f6\u011fretmenlerimizin ve e\u011fitim camiam\u0131z\u0131n emekleri kar\u015f\u0131l\u0131\u011f\u0131nda y\u00fcklerini hafifleten ve k\u00fc\u00e7\u00fck bir te\u015fekk\u00fcr mahiyetinde imkanlar sunmaya devam ediyoruz. Bu bilin\u00e7le, \u00f6\u011fretmenevlerimizi tamamen \u00f6\u011fretmenlerimiz i\u00e7in ay\u0131rarak y\u00fczde 50 konaklama indirimi sa\u011flam\u0131\u015ft\u0131k. Yeni y\u0131lda bu deste\u011fi Bakanl\u0131\u011f\u0131m\u0131z\u0131n t\u00fcm mensuplar\u0131na (\u00f6\u011fretmenler ve di\u011fer kadrolarda \u00e7al\u0131\u015fan t\u00fcm personel) s\u00fcrd\u00fcrme karar\u0131 ald\u0131k. Bu karar\u0131n, \u00f6\u011fretmenlerimiz ve di\u011fer e\u011fitim \u00e7al\u0131\u015fanlar\u0131m\u0131z\u0131 mutlu edece\u011fine inan\u0131yor, e\u011fitim ailemize hay\u0131rl\u0131 olmas\u0131n\u0131 diliyorum&#8221; ifadelerini kulland\u0131.<\/span><\/p>\n","protected":false},"excerpt":{"rendered":"<p>\u00d6\u011fretmenlere \u00f6\u011fretmenevlerinde konaklamada sa\u011flanan y\u00fczde 50 indirimin ard\u0131ndan Milli E\u011fitim Bakanl\u0131\u011f\u0131nda (MEB) \u00e7al\u0131\u015fan di\u011fer personelin bu y\u00f6ndeki isteklerine kay\u0131ts\u0131z kal\u0131nmad\u0131.<\/p>\n","protected":false},"author":3,"featured_media":19548,"comment_status":"open","ping_status":"open","sticky":false,"template":"","format":"standard","meta":{"colormag_page_container_layout":"default_layout","colormag_page_sidebar_layout":"default_layout","footnotes":""},"categories":[1,45,3,5,8],"tags":[],"class_list":["post-19547","post","type-post","status-publish","format-standard","has-post-thumbnail","hentry","category-genel","category-egitim","category-ekonomi","category-gundem","category-siyaset"],"_links":{"self":[{"href":"https:\/\/marmarayerelhizmet.com\/index.php\/wp-json\/wp\/v2\/posts\/19547","targetHints":{"allow":["GET"]}}],"collection":[{"href":"https:\/\/marmarayerelhizmet.com\/index.php\/wp-json\/wp\/v2\/posts"}],"about":[{"href":"https:\/\/marmarayerelhizmet.com\/index.php\/wp-json\/wp\/v2\/types\/post"}],"author":[{"embeddable":true,"href":"https:\/\/marmarayerelhizmet.com\/index.php\/wp-json\/wp\/v2\/users\/3"}],"replies":[{"embeddable":true,"href":"https:\/\/marmarayerelhizmet.com\/index.php\/wp-json\/wp\/v2\/comments?post=19547"}],"version-history":[{"count":0,"href":"https:\/\/marmarayerelhizmet.com\/index.php\/wp-json\/wp\/v2\/posts\/19547\/revisions"}],"wp:featuredmedia":[{"embeddable":true,"href":"https:\/\/marmarayerelhizmet.com\/index.php\/wp-json\/wp\/v2\/media\/19548"}],"wp:attachment":[{"href":"https:\/\/marmarayerelhizmet.com\/index.php\/wp-json\/wp\/v2\/media?parent=19547"}],"wp:term":[{"taxonomy":"category","embeddable":true,"href":"https:\/\/marmarayerelhizmet.com\/index.php\/wp-json\/wp\/v2\/categories?post=19547"},{"taxonomy":"post_tag","embeddable":true,"href":"https:\/\/marmarayerelhizmet.com\/index.php\/wp-json\/wp\/v2\/tags?post=19547"}],"curies":[{"name":"wp","href":"https:\/\/api.w.org\/{rel}","templated":true}]}}