{"id":19272,"date":"2023-12-23T00:02:25","date_gmt":"2023-12-22T21:02:25","guid":{"rendered":"https:\/\/marmarayerelhizmet.com\/?p=19272"},"modified":"2023-12-23T10:58:46","modified_gmt":"2023-12-23T07:58:46","slug":"kadinlarin-el-emegiyle-gelen-gelecek","status":"publish","type":"post","link":"https:\/\/marmarayerelhizmet.com\/index.php\/2023\/12\/23\/kadinlarin-el-emegiyle-gelen-gelecek\/","title":{"rendered":"&#8216;Kad\u0131nlar\u0131n El Eme\u011fiyle Gelen Gelecek&#8217;"},"content":{"rendered":"<p><span style=\"font-family: arial, helvetica, sans-serif; font-size: 14px;\"><strong>Bal\u0131kesir B\u00fcy\u00fck\u015fehir Belediyesi, kad\u0131n giri\u015fimcilerin istihdam\u0131n\u0131 art\u0131rmay\u0131 ve ekonomik geli\u015fmelerine destek olmay\u0131 ama\u00e7layan \u00f6nemli bir etkinli\u011fe ev sahipli\u011fi yapmaya haz\u0131rlan\u0131yor. <\/strong><\/span><\/p>\n<p><span style=\"font-family: arial, helvetica, sans-serif; font-size: 14px;\">B\u00fcy\u00fck\u015fehir Belediye Ba\u015fkan\u0131 Y\u00fccel Y\u0131lmaz&#8217;\u0131n gelecek vizyonu do\u011frultusunda d\u00fczenlenecek olan &#8220;El Eme\u011fi \u00dcr\u00fcnler Fuar\u0131,&#8221; Bal\u0131kesir il s\u0131n\u0131rlar\u0131 i\u00e7inde faaliyet g\u00f6steren ve Ne10\u2019da kayd\u0131 bulunan kad\u0131n giri\u015fimcilerin kat\u0131l\u0131m\u0131yla ger\u00e7ekle\u015fecek. Fuar, 26-31 Aral\u0131k tarihleri aras\u0131nda 10Burda AVM etkinlik alan\u0131nda ziyaret\u00e7ilerini a\u011f\u0131rlayacak.<\/span><\/p>\n<p><span style=\"font-family: arial, helvetica, sans-serif; font-size: 14px;\"><strong>\u201cEkonomiye can katan, kad\u0131nlar\u0131 g\u00fc\u00e7lendiren bir fuar\u201d<\/strong><\/span><br \/>\n<span style=\"font-family: arial, helvetica, sans-serif; font-size: 14px;\">23 Kooperatif ve Dernek ile 50\u2019den fazla Bireysel Giri\u015fimcinin yap\u0131c\u0131l\u0131\u011f\u0131 ile El Eme\u011fi \u00dcr\u00fcnlerde Bulu\u015fmas\u0131<\/span><br \/>\n<span style=\"font-family: arial, helvetica, sans-serif; font-size: 14px;\">&#8220;Bal\u0131kesir B\u00fcy\u00fck\u015fehir Belediyesi taraf\u0131ndan d\u00fczenlenen El Eme\u011fi \u00dcr\u00fcnler Fuar\u0131, b\u00f6lgedeki 23 kooperatif ve dernek ile 50\u2019den fazla bireysel giri\u015fimcinin el eme\u011fi \u00fcr\u00fcnlerini sergileyebilecekleri de\u011ferli bir platform sunmay\u0131 hedefliyor. Bu giri\u015fim, Belediye Ba\u015fkan\u0131 Y\u00fccel Y\u0131lmaz&#8217;\u0131n ileriye d\u00f6n\u00fck vizyonu do\u011frultusunda kad\u0131n giri\u015fimcilere destek olma amac\u0131n\u0131 ta\u015f\u0131yor. Ba\u015fkan Y\u0131lmaz, kad\u0131n istihdam\u0131n\u0131n art\u0131r\u0131lmas\u0131 ve ekonomik kalk\u0131nman\u0131n sa\u011flanmas\u0131 konusundaki bu t\u00fcr etkinliklerin \u00f6nemine vurgu yaparak, fuar\u0131n sadece bir etkinlik de\u011fil, ayn\u0131 zamanda yerel ekonominin g\u00fc\u00e7lenmesine katk\u0131 sa\u011flayan \u00f6nemli bir ad\u0131m oldu\u011funu ifade etti.\u201d<br \/>\n<\/span><br \/>\n<span style=\"font-family: arial, helvetica, sans-serif; font-size: 14px;\"><strong>\u201cKad\u0131n giri\u015fimcilerin olu\u015fturdu\u011fu de\u011fer\u201d<\/strong><\/span><br \/>\n<span style=\"font-family: arial, helvetica, sans-serif; font-size: 14px;\">Kad\u0131n giri\u015fimciler, \u00fcrettikleri \u00f6zg\u00fcn ve kaliteli el eme\u011fi \u00fcr\u00fcnleriyle hem ekonomik anlamda g\u00fc\u00e7 kazanacaklar hem de istihdam alanlar\u0131nda daha etkin bir rol oynayacaklar. Bal\u0131kesir B\u00fcy\u00fck\u015fehir Belediye Ba\u015fkan\u0131 Y\u00fccel Y\u0131lmaz, fuar\u0131n kad\u0131n giri\u015fimcilerin potansiyelini ortaya \u00e7\u0131karmak ve desteklemek ad\u0131na b\u00fcy\u00fck bir f\u0131rsat sundu\u011funu belirtti. Ayr\u0131ca, fuar\u0131n sadece ekonomik katk\u0131 sa\u011flamakla kalmay\u0131p ayn\u0131 zamanda kad\u0131n giri\u015fimcilerin toplum i\u00e7indeki yerini g\u00fc\u00e7lendirece\u011fini vurgulad\u0131.<br \/>\n<\/span><br \/>\n<span style=\"font-family: arial, helvetica, sans-serif; font-size: 14px;\"><strong>Ekonomiye can katan, toplumu g\u00fc\u00e7lendiren bir fuar deneyimi<\/strong><\/span><br \/>\n<span style=\"font-family: arial, helvetica, sans-serif; font-size: 14px;\">Ba\u015fkan Y\u0131lmaz, kad\u0131n giri\u015fimcilerin \u00fcrettikleri el eme\u011fi \u00fcr\u00fcnlerin pazarda daha fazla yer bulmas\u0131n\u0131 sa\u011flamak amac\u0131yla desteklerini s\u00fcrd\u00fcrece\u011fini ifade etti. Fuara olan ilginin y\u00fcksek olmas\u0131 beklenirken, Bal\u0131kesir B\u00fcy\u00fck\u015fehir Belediyesi, kad\u0131n giri\u015fimcilere verdi\u011fi deste\u011fin sadece bir ba\u015flang\u0131\u00e7 oldu\u011funu g\u00f6steriyor. Bu \u00f6zel etkinlik, el eme\u011fi \u00fcr\u00fcnleri sevenleri, kaliteli ve \u00f6zg\u00fcn tasar\u0131mlara sahip olanlar\u0131 bir araya getirerek unutulmaz bir al\u0131\u015fveri\u015f deneyimi sunacak.<\/span><\/p>\n","protected":false},"excerpt":{"rendered":"<p>Bal\u0131kesir B\u00fcy\u00fck\u015fehir Belediyesi, kad\u0131n giri\u015fimcilerin istihdam\u0131n\u0131 art\u0131rmay\u0131 ve ekonomik geli\u015fmelerine destek olmay\u0131 ama\u00e7layan \u00f6nemli bir etkinli\u011fe ev sahipli\u011fi yapmaya haz\u0131rlan\u0131yor.<\/p>\n","protected":false},"author":3,"featured_media":19273,"comment_status":"open","ping_status":"open","sticky":false,"template":"","format":"standard","meta":{"colormag_page_container_layout":"default_layout","colormag_page_sidebar_layout":"default_layout","footnotes":""},"categories":[1,5,8],"tags":[],"class_list":["post-19272","post","type-post","status-publish","format-standard","has-post-thumbnail","hentry","category-genel","category-gundem","category-siyaset"],"_links":{"self":[{"href":"https:\/\/marmarayerelhizmet.com\/index.php\/wp-json\/wp\/v2\/posts\/19272","targetHints":{"allow":["GET"]}}],"collection":[{"href":"https:\/\/marmarayerelhizmet.com\/index.php\/wp-json\/wp\/v2\/posts"}],"about":[{"href":"https:\/\/marmarayerelhizmet.com\/index.php\/wp-json\/wp\/v2\/types\/post"}],"author":[{"embeddable":true,"href":"https:\/\/marmarayerelhizmet.com\/index.php\/wp-json\/wp\/v2\/users\/3"}],"replies":[{"embeddable":true,"href":"https:\/\/marmarayerelhizmet.com\/index.php\/wp-json\/wp\/v2\/comments?post=19272"}],"version-history":[{"count":0,"href":"https:\/\/marmarayerelhizmet.com\/index.php\/wp-json\/wp\/v2\/posts\/19272\/revisions"}],"wp:featuredmedia":[{"embeddable":true,"href":"https:\/\/marmarayerelhizmet.com\/index.php\/wp-json\/wp\/v2\/media\/19273"}],"wp:attachment":[{"href":"https:\/\/marmarayerelhizmet.com\/index.php\/wp-json\/wp\/v2\/media?parent=19272"}],"wp:term":[{"taxonomy":"category","embeddable":true,"href":"https:\/\/marmarayerelhizmet.com\/index.php\/wp-json\/wp\/v2\/categories?post=19272"},{"taxonomy":"post_tag","embeddable":true,"href":"https:\/\/marmarayerelhizmet.com\/index.php\/wp-json\/wp\/v2\/tags?post=19272"}],"curies":[{"name":"wp","href":"https:\/\/api.w.org\/{rel}","templated":true}]}}