{"id":19266,"date":"2023-12-22T23:41:37","date_gmt":"2023-12-22T20:41:37","guid":{"rendered":"https:\/\/marmarayerelhizmet.com\/?p=19266"},"modified":"2023-12-22T23:43:21","modified_gmt":"2023-12-22T20:43:21","slug":"cedes-ogrencilere-deger-kazandiriyor","status":"publish","type":"post","link":"https:\/\/marmarayerelhizmet.com\/index.php\/2023\/12\/22\/cedes-ogrencilere-deger-kazandiriyor\/","title":{"rendered":"\u00c7EDES \u00d6\u011frencilere De\u011fer Kazand\u0131r\u0131yor"},"content":{"rendered":"<p><strong><span style=\"font-family: arial, helvetica, sans-serif; font-size: 14px;\">Bal\u0131kesir\u2019de Milli E\u011fitim Bakanl\u0131\u011f\u0131, Diyanet \u0130\u015fleri Ba\u015fkanl\u0131\u011f\u0131 ve Gen\u00e7lik ve Spor Bakanl\u0131\u011f\u0131 aras\u0131nda imzalanan i\u015f birli\u011fi protokol\u00fc ile hayata ge\u00e7irilen \u2018\u00c7evreme Duyarl\u0131y\u0131m, De\u011ferlerime Sahip \u00c7\u0131k\u0131yorum\u2019 Projesi (\u00c7EDES) kapsam\u0131nda y\u00fcr\u00fct\u00fclen faaliyetler ba\u015far\u0131yla s\u00fcrd\u00fcr\u00fcl\u00fcyor.<br \/>\n<\/span><\/strong><br \/>\n<span style=\"font-family: arial, helvetica, sans-serif; font-size: 14px;\">\u00d6\u011frencilerin &#8220;mill\u00ee, ahlaki, insani, manevi ve k\u00fclt\u00fcrel de\u011ferlerimizi benimseyen, koruyan ve geli\u015ftiren fertler olmalar\u0131na&#8221; ayr\u0131ca \u00e7a\u011f\u0131n ve gelece\u011fin becerileriyle donanm\u0131\u015f, bu donan\u0131m\u0131 insanl\u0131k hayr\u0131na sarf edebilen, bilime sevdal\u0131, k\u00fclt\u00fcre merakl\u0131 ve duyarl\u0131; milli, ahlaki, insani, manevi ve k\u00fclt\u00fcrel de\u011ferlerimizi kendi ya\u015fant\u0131lar\u0131nda in\u015fa etmi\u015f; bedensel ve sosyal bak\u0131mdan dengeli bireyler olarak yeti\u015ftirilmesine katk\u0131 sa\u011flamak amac\u0131yla hayata ge\u00e7irilen &#8220;\u00c7evreme Duyarl\u0131y\u0131m, De\u011ferlerime Sahip \u00c7\u0131k\u0131yorum Projesi&#8221; kapsam\u0131nda, Bal\u0131kesir \u00c7EDES il koordinat\u00f6rl\u00fc\u011f\u00fc taraf\u0131ndan &#8220;Gelece\u011fin Gen\u00e7 Liderleri&#8221; kamp\u0131 d\u00fczenlendi.<\/span><br \/>\n<span style=\"font-family: arial, helvetica, sans-serif; font-size: 14px;\">Edremit Anadolu \u0130mam Hatip Lisesi Fen ve Sosyal Bilimler Lisesi Pansiyonunda d\u00fczenlenen programa; Dr. Ay\u015fe H\u00fcmeyra \u00d6kten K\u0131z Anadolu \u0130mam Hatip Lisesi, \u015eule Y\u00fcksel \u015eenler K\u0131z Anadolu \u0130mam Hatip Lisesi, Yakup Mihriye Akdeniz Anadolu \u0130mam Hatip Lisesi, Ermi\u015fler Cumhuriyet Anadolu Lisesi, G\u00fclser-Mehmet Bolluk Anadolu Lisesi ve Bal\u0131kesir Lisesinden toplam 68 \u00f6\u011frenci kat\u0131ld\u0131.<\/span><br \/>\n<span style=\"font-family: arial, helvetica, sans-serif; font-size: 14px;\">Program kapsam\u0131nda; &#8220;Etkinlik Planlama, Planlama \u00d6rne\u011fi Sunumu, Liderlik Teorisi ve Temel Liderlik Becerileri, Tak\u0131m Davran\u0131\u015f\u0131 Y\u00f6netme&#8221; konu ba\u015fl\u0131klar\u0131 i\u015flendi. \u00c7anakkale Sava\u015f\u0131&#8217;n\u0131n seyrini de\u011fi\u015ftiren Seyit Onba\u015f\u0131&#8217;n\u0131n kabri ziyaret edilerek kabri ba\u015f\u0131nda Seyit Onba\u015f\u0131&#8217;n\u0131n torunu taraf\u0131ndan kahraman\u0131m\u0131z\u0131n hayat\u0131 aktar\u0131ld\u0131. Havran&#8217;daki Kent M\u00fczesi ziyaret edilerek tarihe bir yolculuk yap\u0131lmas\u0131yla program sonland\u0131r\u0131ld\u0131.<\/span><br \/>\n<span style=\"font-family: arial, helvetica, sans-serif; font-size: 14px;\">\u00c7EDES kapsam\u0131nda d\u00fczenlenen &#8220;Gelece\u011fin Gen\u00e7 Liderleri&#8221; kamp\u0131na; 6 okul, 68 \u00f6\u011frenci ve 4 \u00f6\u011fretmen ile Gen\u00e7lik ve Spor \u0130l M\u00fcd\u00fcrl\u00fc\u011f\u00fcnden 5 gen\u00e7lik lideri kat\u0131ld\u0131.<\/span><br \/>\n<span style=\"font-family: arial, helvetica, sans-serif; font-size: 14px;\">Proje ile ilgili de\u011ferlendirmelerini yapan \u0130l Milli E\u011fitim M\u00fcd\u00fcr\u00fc Ali Tatl\u0131, &#8220;De\u011ferlerimizin \u00f6\u011frencilerimizle i\u015flenmesi; \u00f6\u011frencilerimizin karakter geli\u015fimine, toplumda daha iyi bir yer edinmelerine, ki\u015fisel ve profesyonel hayatlar\u0131nda ba\u015far\u0131l\u0131 olmalar\u0131na, \u00fclkemiz ve d\u00fcnya genelinde bar\u0131\u015f ve uyumun sa\u011flanmas\u0131na katk\u0131da bulunur. \u00d6zellikle 21. y\u00fczy\u0131l\u0131n h\u0131zla de\u011fi\u015fen d\u00fcnyas\u0131nda de\u011ferlerimizi ya\u015fatabilmek ve gelecek nesillere aktarabilmek daha da \u00f6nemli hale gelmektedir. Bu u\u011furda okullar\u0131m\u0131z taraf\u0131ndan yap\u0131lan ve ailelerimiz taraf\u0131ndan desteklenen her t\u00fcrl\u00fc etkinlik ve proje kritik bir \u00f6nem arz ediyor&#8221; ifadelerini kulland\u0131.<\/span><\/p>\n","protected":false},"excerpt":{"rendered":"<p>Bal\u0131kesir\u2019de Milli E\u011fitim Bakanl\u0131\u011f\u0131, Diyanet \u0130\u015fleri Ba\u015fkanl\u0131\u011f\u0131 ve Gen\u00e7lik ve Spor Bakanl\u0131\u011f\u0131 aras\u0131nda imzalanan i\u015f birli\u011fi protokol\u00fc ile hayata ge\u00e7irilen<\/p>\n","protected":false},"author":3,"featured_media":19268,"comment_status":"open","ping_status":"open","sticky":false,"template":"","format":"standard","meta":{"colormag_page_container_layout":"default_layout","colormag_page_sidebar_layout":"default_layout","footnotes":""},"categories":[1],"tags":[],"class_list":["post-19266","post","type-post","status-publish","format-standard","has-post-thumbnail","hentry","category-genel"],"_links":{"self":[{"href":"https:\/\/marmarayerelhizmet.com\/index.php\/wp-json\/wp\/v2\/posts\/19266","targetHints":{"allow":["GET"]}}],"collection":[{"href":"https:\/\/marmarayerelhizmet.com\/index.php\/wp-json\/wp\/v2\/posts"}],"about":[{"href":"https:\/\/marmarayerelhizmet.com\/index.php\/wp-json\/wp\/v2\/types\/post"}],"author":[{"embeddable":true,"href":"https:\/\/marmarayerelhizmet.com\/index.php\/wp-json\/wp\/v2\/users\/3"}],"replies":[{"embeddable":true,"href":"https:\/\/marmarayerelhizmet.com\/index.php\/wp-json\/wp\/v2\/comments?post=19266"}],"version-history":[{"count":0,"href":"https:\/\/marmarayerelhizmet.com\/index.php\/wp-json\/wp\/v2\/posts\/19266\/revisions"}],"wp:featuredmedia":[{"embeddable":true,"href":"https:\/\/marmarayerelhizmet.com\/index.php\/wp-json\/wp\/v2\/media\/19268"}],"wp:attachment":[{"href":"https:\/\/marmarayerelhizmet.com\/index.php\/wp-json\/wp\/v2\/media?parent=19266"}],"wp:term":[{"taxonomy":"category","embeddable":true,"href":"https:\/\/marmarayerelhizmet.com\/index.php\/wp-json\/wp\/v2\/categories?post=19266"},{"taxonomy":"post_tag","embeddable":true,"href":"https:\/\/marmarayerelhizmet.com\/index.php\/wp-json\/wp\/v2\/tags?post=19266"}],"curies":[{"name":"wp","href":"https:\/\/api.w.org\/{rel}","templated":true}]}}