{"id":19259,"date":"2023-12-22T16:16:32","date_gmt":"2023-12-22T13:16:32","guid":{"rendered":"https:\/\/marmarayerelhizmet.com\/?p=19259"},"modified":"2023-12-22T16:16:32","modified_gmt":"2023-12-22T13:16:32","slug":"istanbul-icin-firtina-uyarisi","status":"publish","type":"post","link":"https:\/\/marmarayerelhizmet.com\/index.php\/2023\/12\/22\/istanbul-icin-firtina-uyarisi\/","title":{"rendered":"\u0130stanbul \u0130\u00e7in F\u0131rt\u0131na Uyar\u0131s\u0131"},"content":{"rendered":"<p><strong><span style=\"font-family: arial, helvetica, sans-serif; font-size: 14px;\">\u0130stanbul B\u00fcy\u00fck\u015fehir Belediyesi (\u0130BB) Afet Koordinasyon Merkezi (AKOM) taraf\u0131ndan yap\u0131lan a\u00e7\u0131klamada r\u00fczgarl\u0131 havan\u0131n yar\u0131n ak\u015fam saatlerine kadar etkili olmas\u0131n\u0131n beklendi\u011fi belirtilerek, f\u0131rt\u0131naya kar\u015f\u0131 tedbir al\u0131nmas\u0131 y\u00f6n\u00fcnde uyar\u0131da bulunuldu.<br \/>\n<\/span><\/strong><br \/>\n<span style=\"font-family: arial, helvetica, sans-serif; font-size: 14px;\">AKOM \u0130stanbul i\u00e7in f\u0131rt\u0131na uyar\u0131s\u0131 yapt\u0131. AKOM verilerine g\u00f6re r\u00fczgar\u0131n yar\u0131n \u00f6\u011fle saatlerinden itibaren bat\u0131l\u0131 y\u00f6nlerden kuvvetlenerek k\u0131sa s\u00fcreli hamlelerle f\u0131rt\u0131na \u015feklinde (50-80km\/s) esmesi beklendi\u011fi kaydedildi. R\u00fczgarla birlikte k\u0131sa s\u00fcreli sa\u011fanak ya\u011fmur ge\u00e7i\u015flerinin ya\u015fanaca\u011f\u0131n\u0131n da tahmin edildi\u011finin belirtildi\u011fi a\u00e7\u0131klamada, cumartesi ak\u015fam saatlerine kadar etkili olmas\u0131 beklenen f\u0131rt\u0131na nedeni ile ya\u015fanabilecek olumsuzluklara (a\u011fa\u00e7, direk devrilmesi, \u00e7at\u0131 ve tabela u\u00e7mas\u0131) kar\u015f\u0131 haz\u0131rl\u0131kl\u0131 ve tedbirli olunmas\u0131 y\u00f6n\u00fcnde uyar\u0131da bulunuldu.<\/span><\/p>\n","protected":false},"excerpt":{"rendered":"<p>\u0130stanbul B\u00fcy\u00fck\u015fehir Belediyesi (\u0130BB) Afet Koordinasyon Merkezi (AKOM) taraf\u0131ndan yap\u0131lan a\u00e7\u0131klamada r\u00fczgarl\u0131 havan\u0131n yar\u0131n ak\u015fam saatlerine kadar etkili olmas\u0131n\u0131n beklendi\u011fi<\/p>\n","protected":false},"author":3,"featured_media":13944,"comment_status":"open","ping_status":"open","sticky":false,"template":"","format":"standard","meta":{"colormag_page_container_layout":"default_layout","colormag_page_sidebar_layout":"default_layout","footnotes":""},"categories":[1,5],"tags":[],"class_list":["post-19259","post","type-post","status-publish","format-standard","has-post-thumbnail","hentry","category-genel","category-gundem"],"_links":{"self":[{"href":"https:\/\/marmarayerelhizmet.com\/index.php\/wp-json\/wp\/v2\/posts\/19259","targetHints":{"allow":["GET"]}}],"collection":[{"href":"https:\/\/marmarayerelhizmet.com\/index.php\/wp-json\/wp\/v2\/posts"}],"about":[{"href":"https:\/\/marmarayerelhizmet.com\/index.php\/wp-json\/wp\/v2\/types\/post"}],"author":[{"embeddable":true,"href":"https:\/\/marmarayerelhizmet.com\/index.php\/wp-json\/wp\/v2\/users\/3"}],"replies":[{"embeddable":true,"href":"https:\/\/marmarayerelhizmet.com\/index.php\/wp-json\/wp\/v2\/comments?post=19259"}],"version-history":[{"count":0,"href":"https:\/\/marmarayerelhizmet.com\/index.php\/wp-json\/wp\/v2\/posts\/19259\/revisions"}],"wp:featuredmedia":[{"embeddable":true,"href":"https:\/\/marmarayerelhizmet.com\/index.php\/wp-json\/wp\/v2\/media\/13944"}],"wp:attachment":[{"href":"https:\/\/marmarayerelhizmet.com\/index.php\/wp-json\/wp\/v2\/media?parent=19259"}],"wp:term":[{"taxonomy":"category","embeddable":true,"href":"https:\/\/marmarayerelhizmet.com\/index.php\/wp-json\/wp\/v2\/categories?post=19259"},{"taxonomy":"post_tag","embeddable":true,"href":"https:\/\/marmarayerelhizmet.com\/index.php\/wp-json\/wp\/v2\/tags?post=19259"}],"curies":[{"name":"wp","href":"https:\/\/api.w.org\/{rel}","templated":true}]}}