{"id":19255,"date":"2023-12-22T15:58:47","date_gmt":"2023-12-22T12:58:47","guid":{"rendered":"https:\/\/marmarayerelhizmet.com\/?p=19255"},"modified":"2023-12-22T15:58:47","modified_gmt":"2023-12-22T12:58:47","slug":"ciftcilere-meyve-fidani-dagitimi-basladi","status":"publish","type":"post","link":"https:\/\/marmarayerelhizmet.com\/index.php\/2023\/12\/22\/ciftcilere-meyve-fidani-dagitimi-basladi\/","title":{"rendered":"\u00c7ift\u00e7ilere Meyve Fidan\u0131 Da\u011f\u0131t\u0131m\u0131 Ba\u015flad\u0131"},"content":{"rendered":"<p><strong><span style=\"font-family: arial, helvetica, sans-serif; font-size: 14px;\">Kocaeli&#8217;de &#8220;Meyvecili\u011fi Geli\u015ftirme Projesi&#8221; kapsam\u0131nda \u00fcreticilere y\u00fczde 50 hibeli Trabzon hurmas\u0131, kivi, ahududu ve b\u00f6\u011f\u00fcrtlen fidanlar\u0131 da\u011f\u0131t\u0131m\u0131 ba\u015flad\u0131.<br \/>\n<\/span><\/strong><br \/>\n<span style=\"font-family: arial, helvetica, sans-serif; font-size: 14px;\">Kocaeli B\u00fcy\u00fck\u015fehir Belediyesi\u2019nin katma de\u011feri y\u00fcksek \u00fcr\u00fcnler yeti\u015ftirmeye te\u015fvik etti\u011fi \u00e7ift\u00e7ilerin gelir d\u00fczeyini art\u0131rmak ve tar\u0131msal kalk\u0131nmaya destek sa\u011flamak amac\u0131yla hayata ge\u00e7irdi\u011fi Meyvecili\u011fi Geli\u015ftirme Projesi y\u00fczleri g\u00fcld\u00fcr\u00fcyor. Bu kapsamda \u00fcreticilere y\u00fczde 50 hibeli Trabzon hurmas\u0131, kivi, ahududu ve b\u00f6\u011f\u00fcrtlen fidan\u0131 deste\u011fi veriliyor. B\u00fcy\u00fck\u015fehir ekipleri yakla\u015f\u0131k 20 bin meyve fidan\u0131n\u0131 \u00fcreticilere teslim etmeye ba\u015flad\u0131.<\/span><br \/>\n<span style=\"font-family: arial, helvetica, sans-serif; font-size: 14px;\">\u00c7ift\u00e7i Kay\u0131t Sistemi (\u00c7KS) belgesi ya da g\u00fcncel \u00e7ift\u00e7i belgesiyle m\u00fcracaat eden 200 \u00e7ift\u00e7iye, y\u00fczde 50 hibeli 10 bin Trabzon hurmas\u0131, 4 bin ahududu, 4 bin b\u00f6\u011f\u00fcrtlen ve 2 bin kivi olmak \u00fczere toplam 20 bin meyve fidan\u0131n\u0131n da\u011f\u0131t\u0131m\u0131na ba\u015fland\u0131. \u00dcreticiler, fidanlar\u0131n\u0131 eski itfaiye binas\u0131n\u0131n arkas\u0131nda bulunan A Tak\u0131m\u0131\u2019na ait depodan teslim alabilecek.<\/span><br \/>\n<span style=\"font-family: arial, helvetica, sans-serif; font-size: 14px;\">\u00dcreticiler, Kocaeli B\u00fcy\u00fck\u015fehir Belediyesi\u2019nin verdi\u011fi y\u00fczde 50 hibeli meyve fidan\u0131 deste\u011finden duyduklar\u0131 memnuniyeti ifade ederek, Belediye Ba\u015fkan\u0131 Tahir B\u00fcy\u00fckak\u0131n\u2019a te\u015fekk\u00fcr etti.<\/span><br \/>\n<span style=\"font-family: arial, helvetica, sans-serif; font-size: 14px;\">\u0130zmit Akme\u015fe\u2019de \u00e7ift\u00e7ilik yapan Nezir Yakar, B\u00fcy\u00fck\u015fehir Belediyesi\u2019nin sa\u011flad\u0131\u011f\u0131 tar\u0131msal desteklerden, \u00fcreticiler olarak \u00e7ok b\u00fcy\u00fck fayda g\u00f6rd\u00fcklerini belirterek, &#8220;Ba\u015fkan\u0131m\u0131za bizlere sa\u011flad\u0131\u011f\u0131 meyve fidan\u0131 deste\u011finden dolay\u0131 te\u015fekk\u00fcr ediyoruz. Biz \u00fcreticiler destek verildik\u00e7e, \u00fcretim yapmaya devam edece\u011fiz&#8221; dedi.<\/span><br \/>\n<span style=\"font-family: arial, helvetica, sans-serif; font-size: 14px;\">Derinceli \u00fcretici Recep \u00dcnl\u00fc ise B\u00fcy\u00fck\u015fehir\u2019in y\u00fczde 50 hibeli fidan deste\u011finden yararland\u0131\u011f\u0131n\u0131 belirterek, &#8220;40 tane Trabzon hurmas\u0131 ald\u0131m. Fidanlar\u0131 Kand\u0131ra\u2019da tarlama dikece\u011fim. Ba\u015fkan\u0131m\u0131zdan Allah raz\u0131 olsun. Sonsuz te\u015fekk\u00fcrler ederim. Meyve fidanlar\u0131 in\u015fallah herkese hay\u0131rl\u0131 olsun, bereketli olsun&#8221; diye konu\u015ftu.<\/span><\/p>\n","protected":false},"excerpt":{"rendered":"<p>Kocaeli&#8217;de &#8220;Meyvecili\u011fi Geli\u015ftirme Projesi&#8221; kapsam\u0131nda \u00fcreticilere y\u00fczde 50 hibeli Trabzon hurmas\u0131, kivi, ahududu ve b\u00f6\u011f\u00fcrtlen fidanlar\u0131 da\u011f\u0131t\u0131m\u0131 ba\u015flad\u0131. Kocaeli B\u00fcy\u00fck\u015fehir<\/p>\n","protected":false},"author":3,"featured_media":19256,"comment_status":"open","ping_status":"open","sticky":false,"template":"","format":"standard","meta":{"colormag_page_container_layout":"default_layout","colormag_page_sidebar_layout":"default_layout","footnotes":""},"categories":[1,5],"tags":[],"class_list":["post-19255","post","type-post","status-publish","format-standard","has-post-thumbnail","hentry","category-genel","category-gundem"],"_links":{"self":[{"href":"https:\/\/marmarayerelhizmet.com\/index.php\/wp-json\/wp\/v2\/posts\/19255","targetHints":{"allow":["GET"]}}],"collection":[{"href":"https:\/\/marmarayerelhizmet.com\/index.php\/wp-json\/wp\/v2\/posts"}],"about":[{"href":"https:\/\/marmarayerelhizmet.com\/index.php\/wp-json\/wp\/v2\/types\/post"}],"author":[{"embeddable":true,"href":"https:\/\/marmarayerelhizmet.com\/index.php\/wp-json\/wp\/v2\/users\/3"}],"replies":[{"embeddable":true,"href":"https:\/\/marmarayerelhizmet.com\/index.php\/wp-json\/wp\/v2\/comments?post=19255"}],"version-history":[{"count":0,"href":"https:\/\/marmarayerelhizmet.com\/index.php\/wp-json\/wp\/v2\/posts\/19255\/revisions"}],"wp:featuredmedia":[{"embeddable":true,"href":"https:\/\/marmarayerelhizmet.com\/index.php\/wp-json\/wp\/v2\/media\/19256"}],"wp:attachment":[{"href":"https:\/\/marmarayerelhizmet.com\/index.php\/wp-json\/wp\/v2\/media?parent=19255"}],"wp:term":[{"taxonomy":"category","embeddable":true,"href":"https:\/\/marmarayerelhizmet.com\/index.php\/wp-json\/wp\/v2\/categories?post=19255"},{"taxonomy":"post_tag","embeddable":true,"href":"https:\/\/marmarayerelhizmet.com\/index.php\/wp-json\/wp\/v2\/tags?post=19255"}],"curies":[{"name":"wp","href":"https:\/\/api.w.org\/{rel}","templated":true}]}}