{"id":18020,"date":"2023-11-20T18:44:14","date_gmt":"2023-11-20T15:44:14","guid":{"rendered":"https:\/\/marmarayerelhizmet.com\/?p=18020"},"modified":"2023-11-20T18:44:14","modified_gmt":"2023-11-20T15:44:14","slug":"uludagda-sezon-icin-geri-sayim","status":"publish","type":"post","link":"https:\/\/marmarayerelhizmet.com\/index.php\/2023\/11\/20\/uludagda-sezon-icin-geri-sayim\/","title":{"rendered":"Uluda\u011f&#8217;da Sezon \u0130\u00e7in Geri Say\u0131m"},"content":{"rendered":"<p><strong><span style=\"font-family: arial, helvetica, sans-serif; font-size: 14px;\">K\u0131\u015f turizminin g\u00f6zde mekanlar\u0131ndan Uluda\u011f\u2019da sezon i\u00e7in geri say\u0131m ba\u015flad\u0131.<br \/>\n<\/span><\/strong><br \/>\n<span style=\"font-family: arial, helvetica, sans-serif; font-size: 14px;\">T\u00fcrkiye\u2019nin \u00f6nemli kayak merkezlerinden Uluda\u011f\u2019da kar kal\u0131nl\u0131\u011f\u0131 64 santimetreye ula\u015ft\u0131. Otellerde sezon i\u00e7in hummal\u0131 bir \u00e7al\u0131\u015fma devam ederken, erken rezervasyonlar al\u0131nmaya ba\u015flad\u0131. Pistlerde kar seviyesi kayak yapmaya m\u00fcsaade ederken, yollarda da i\u015f makineleri, kar k\u00fcreme \u00e7al\u0131\u015fmalar\u0131na aral\u0131ks\u0131z devam ediyor. Uluda\u011f\u2019da hava s\u0131cakl\u0131\u011f\u0131 eksi 3 ile eksi 9 aras\u0131nda \u00f6l\u00e7\u00fcl\u00fcrken, Per\u015fembe ve Cuma g\u00fcn\u00fcne kadar ya\u011f\u0131\u015f beklenmiyor. Hafta ba\u015f\u0131 olmas\u0131na ra\u011fmen az say\u0131da vatanda\u015f da Uluda\u011f\u2019da kar\u0131n tad\u0131n\u0131 \u00e7\u0131kart\u0131yor. Uluda\u011f\u2019\u0131n zirvesinde zaman zaman sis hakim olurken, bu manzara havadan da g\u00f6r\u00fcnt\u00fclendi.<\/span><br \/>\n<span style=\"font-family: arial, helvetica, sans-serif; font-size: 14px;\">Karinna Otel yetkililerinden Harbi T\u00fcrk, Uluda\u011f\u2019da sezon ile ilgili de\u011ferlendirmelerde bulundu. Harbi T\u00fcrk, &#8220;Genelde Kas\u0131m ay\u0131nda fazla kar ya\u011fmaz ama bu sene g\u00fczel kar ya\u011fd\u0131. Biz tesisleri Aral\u0131k ay\u0131nda a\u00e7aca\u011f\u0131z. Ard\u0131ndan y\u0131lba\u015f\u0131 ve yar\u0131y\u0131l tatili ile g\u00fczel bir sezon ge\u00e7irmeyi \u00fcmit ediyoruz. Ge\u00e7en sene bekledi\u011fimiz k\u0131\u015f olmad\u0131. Bu sene emareler bereketli bir k\u0131\u015f ge\u00e7irece\u011fimizi g\u00f6steriyor, erken sat\u0131\u015flar\u0131m\u0131z A\u011fustos ay\u0131nda ba\u015flam\u0131\u015ft\u0131, \u015fu anda da devam etmekte. Kar ya\u011f\u0131\u015f\u0131n\u0131n rezervasyona \u00e7ok g\u00fczel bir etkisi oldu. Bu y\u0131l ki\u015fi ba\u015f\u0131 fiyatlar\u0131m\u0131z\u0131n 5 ila 10 bin T\u00fcrk Liras\u0131 olmas\u0131 \u00f6ng\u00f6r\u00fcl\u00fcyor&#8221; dedi.<\/span><br \/>\n<span style=\"font-family: arial, helvetica, sans-serif; font-size: 14px;\">G\u00fcn\u00fcbirlik Uluda\u011f&#8217;a gelen gen\u00e7ler ise Kas\u0131m ay\u0131nda kar\u0131n tad\u0131n\u0131 \u00e7\u0131kartt\u0131.<\/span><\/p>\n","protected":false},"excerpt":{"rendered":"<p>K\u0131\u015f turizminin g\u00f6zde mekanlar\u0131ndan Uluda\u011f\u2019da sezon i\u00e7in geri say\u0131m ba\u015flad\u0131. T\u00fcrkiye\u2019nin \u00f6nemli kayak merkezlerinden Uluda\u011f\u2019da kar kal\u0131nl\u0131\u011f\u0131 64 santimetreye ula\u015ft\u0131.<\/p>\n","protected":false},"author":3,"featured_media":18021,"comment_status":"open","ping_status":"open","sticky":false,"template":"","format":"standard","meta":{"colormag_page_container_layout":"default_layout","colormag_page_sidebar_layout":"default_layout","footnotes":""},"categories":[1,5],"tags":[],"class_list":["post-18020","post","type-post","status-publish","format-standard","has-post-thumbnail","hentry","category-genel","category-gundem"],"_links":{"self":[{"href":"https:\/\/marmarayerelhizmet.com\/index.php\/wp-json\/wp\/v2\/posts\/18020","targetHints":{"allow":["GET"]}}],"collection":[{"href":"https:\/\/marmarayerelhizmet.com\/index.php\/wp-json\/wp\/v2\/posts"}],"about":[{"href":"https:\/\/marmarayerelhizmet.com\/index.php\/wp-json\/wp\/v2\/types\/post"}],"author":[{"embeddable":true,"href":"https:\/\/marmarayerelhizmet.com\/index.php\/wp-json\/wp\/v2\/users\/3"}],"replies":[{"embeddable":true,"href":"https:\/\/marmarayerelhizmet.com\/index.php\/wp-json\/wp\/v2\/comments?post=18020"}],"version-history":[{"count":0,"href":"https:\/\/marmarayerelhizmet.com\/index.php\/wp-json\/wp\/v2\/posts\/18020\/revisions"}],"wp:featuredmedia":[{"embeddable":true,"href":"https:\/\/marmarayerelhizmet.com\/index.php\/wp-json\/wp\/v2\/media\/18021"}],"wp:attachment":[{"href":"https:\/\/marmarayerelhizmet.com\/index.php\/wp-json\/wp\/v2\/media?parent=18020"}],"wp:term":[{"taxonomy":"category","embeddable":true,"href":"https:\/\/marmarayerelhizmet.com\/index.php\/wp-json\/wp\/v2\/categories?post=18020"},{"taxonomy":"post_tag","embeddable":true,"href":"https:\/\/marmarayerelhizmet.com\/index.php\/wp-json\/wp\/v2\/tags?post=18020"}],"curies":[{"name":"wp","href":"https:\/\/api.w.org\/{rel}","templated":true}]}}