{"id":17748,"date":"2023-11-12T22:22:35","date_gmt":"2023-11-12T19:22:35","guid":{"rendered":"https:\/\/marmarayerelhizmet.com\/?p=17748"},"modified":"2023-11-12T22:22:35","modified_gmt":"2023-11-12T19:22:35","slug":"is-merkezinde-yangin-cikti","status":"publish","type":"post","link":"https:\/\/marmarayerelhizmet.com\/index.php\/2023\/11\/12\/is-merkezinde-yangin-cikti\/","title":{"rendered":"\u0130\u015f Merkezinde Yang\u0131n \u00c7\u0131kt\u0131"},"content":{"rendered":"<p><span style=\"font-size: 14px;\"><strong><span style=\"font-family: arial, helvetica, sans-serif;\">Bursa\u2019da d\u00fcn gece meydana gelen i\u015f merkezindeki yang\u0131n\u0131n boyutu g\u00fcn a\u011far\u0131nca ortaya \u00e7\u0131kt\u0131. D\u00fcn geceden beri 33 ara\u00e7 130 personel ile m\u00fcdahale edilen yang\u0131n tamamen s\u00f6nd\u00fcr\u00fcl\u00fcrken, hasar tespit \u00e7al\u0131\u015fmalar\u0131na ba\u015fland\u0131.<br \/>\n<\/span><\/strong><\/span><br \/>\n<span style=\"font-family: arial, helvetica, sans-serif; font-size: 14px;\">Yang\u0131n, gece 01.00 s\u0131ralar\u0131nda merkez Nil\u00fcfer il\u00e7esi \u00d6zl\u00fcce Mahallesi Ahmet Taner K\u0131\u015flal\u0131 Bulvar\u0131 \u00fczerinde bulunan 10 katl\u0131 i\u015f merkezinin zemin kat\u0131ndaki kafede meydana geldi. Kafede \u00e7\u0131kan yang\u0131n, k\u0131sa s\u00fcrede t\u00fcm binay\u0131 sard\u0131. \u0130hbar \u00fczerine olay yerine \u00e7ok say\u0131da itfaiye, polis ve sa\u011fl\u0131k ekibi sevk edildi. Yang\u0131na, toplamda 33 ara\u00e7 ve 130 itfaiye eri m\u00fcdahale etti. Ekiplerin 1 saatlik \u00e7al\u0131\u015fmas\u0131 sonras\u0131 kontrol alt\u0131na al\u0131nan yang\u0131nda so\u011futma \u00e7al\u0131\u015fmalar\u0131 da sabah\u0131n ilk \u0131\u015f\u0131klar\u0131yla sonland\u0131r\u0131ld\u0131.<\/span><\/p>\n<p><span style=\"font-size: 14px;\"><strong><span style=\"font-family: arial, helvetica, sans-serif;\">Yang\u0131n\u0131n boyutu g\u00fcn\u00fcn ilk \u0131\u015f\u0131klar\u0131yla ortaya \u00e7\u0131kt\u0131<\/span><\/strong><\/span><br \/>\n<span style=\"font-family: arial, helvetica, sans-serif; font-size: 14px;\">\u0130\u015f merkezinde gece \u00e7al\u0131\u015fan\u0131n olmamas\u0131, b\u00fcy\u00fck facian\u0131n \u00f6n\u00fcne ge\u00e7ti. Sabah\u0131n ilk \u0131\u015f\u0131klar\u0131yla yang\u0131n\u0131n boyutu da g\u00f6zler \u00f6n\u00fcne serildi. Dron ile \u00e7ekilen g\u00f6r\u00fcnt\u00fclerde binan\u0131n bir\u00e7ok ofisinin kullan\u0131lamaz halde oldu\u011fu g\u00f6r\u00fcnt\u00fclendi. Yang\u0131n s\u0131ras\u0131nda bina \u00f6n\u00fcnde park halinde bulunan 2 ara\u00e7 yanarak hurdaya d\u00f6nd\u00fc.<\/span><br \/>\n<span style=\"font-family: arial, helvetica, sans-serif; font-size: 14px;\">Yang\u0131n\u0131n \u00e7\u0131k\u0131\u015f sebebi yap\u0131lacak \u00e7al\u0131\u015fmalar\u0131n ard\u0131ndan ortaya \u00e7\u0131kacak.<\/span><\/p>\n","protected":false},"excerpt":{"rendered":"<p>Bursa\u2019da d\u00fcn gece meydana gelen i\u015f merkezindeki yang\u0131n\u0131n boyutu g\u00fcn a\u011far\u0131nca ortaya \u00e7\u0131kt\u0131. D\u00fcn geceden beri 33 ara\u00e7 130 personel<\/p>\n","protected":false},"author":3,"featured_media":17749,"comment_status":"open","ping_status":"open","sticky":false,"template":"","format":"standard","meta":{"colormag_page_container_layout":"default_layout","colormag_page_sidebar_layout":"default_layout","footnotes":""},"categories":[1,5],"tags":[],"class_list":["post-17748","post","type-post","status-publish","format-standard","has-post-thumbnail","hentry","category-genel","category-gundem"],"_links":{"self":[{"href":"https:\/\/marmarayerelhizmet.com\/index.php\/wp-json\/wp\/v2\/posts\/17748","targetHints":{"allow":["GET"]}}],"collection":[{"href":"https:\/\/marmarayerelhizmet.com\/index.php\/wp-json\/wp\/v2\/posts"}],"about":[{"href":"https:\/\/marmarayerelhizmet.com\/index.php\/wp-json\/wp\/v2\/types\/post"}],"author":[{"embeddable":true,"href":"https:\/\/marmarayerelhizmet.com\/index.php\/wp-json\/wp\/v2\/users\/3"}],"replies":[{"embeddable":true,"href":"https:\/\/marmarayerelhizmet.com\/index.php\/wp-json\/wp\/v2\/comments?post=17748"}],"version-history":[{"count":0,"href":"https:\/\/marmarayerelhizmet.com\/index.php\/wp-json\/wp\/v2\/posts\/17748\/revisions"}],"wp:featuredmedia":[{"embeddable":true,"href":"https:\/\/marmarayerelhizmet.com\/index.php\/wp-json\/wp\/v2\/media\/17749"}],"wp:attachment":[{"href":"https:\/\/marmarayerelhizmet.com\/index.php\/wp-json\/wp\/v2\/media?parent=17748"}],"wp:term":[{"taxonomy":"category","embeddable":true,"href":"https:\/\/marmarayerelhizmet.com\/index.php\/wp-json\/wp\/v2\/categories?post=17748"},{"taxonomy":"post_tag","embeddable":true,"href":"https:\/\/marmarayerelhizmet.com\/index.php\/wp-json\/wp\/v2\/tags?post=17748"}],"curies":[{"name":"wp","href":"https:\/\/api.w.org\/{rel}","templated":true}]}}