{"id":17719,"date":"2023-11-11T19:34:01","date_gmt":"2023-11-11T16:34:01","guid":{"rendered":"https:\/\/marmarayerelhizmet.com\/?p=17719"},"modified":"2023-11-11T19:34:01","modified_gmt":"2023-11-11T16:34:01","slug":"chpden-golge-kabineli-yeni-myk","status":"publish","type":"post","link":"https:\/\/marmarayerelhizmet.com\/index.php\/2023\/11\/11\/chpden-golge-kabineli-yeni-myk\/","title":{"rendered":"CHP\u2019den &#8216;G\u00f6lge Kabineli&#8217; Yeni MYK"},"content":{"rendered":"<p><strong><span style=\"font-family: arial, helvetica, sans-serif; font-size: 14px;\">Cumhuriyet Halk Partisinde (CHP) Merkez Y\u00fcr\u00fctme Kurulu (MYK) \u00fcyeleri belirlendi. \u0130ki b\u00f6l\u00fcmden olu\u015fan MYK&#8217;de, siyasi i\u015flerin y\u00fcr\u00fct\u00fclece\u011fi bir &#8220;G\u00f6lge Kabine&#8221; ve idari i\u015flerin y\u00fcr\u00fct\u00fclece\u011fi ikinci bir grup yer ald\u0131. Toplam 24 \u00fcyenin bulundu\u011fu MYK&#8217;de, 17 isim &#8220;G\u00f6lge Kabine&#8221; olarak g\u00f6rev alacak.<br \/>\n<\/span><\/strong><br \/>\n<span style=\"font-family: arial, helvetica, sans-serif; font-size: 14px;\">CHP&#8217;de genel ba\u015fkan\u0131n de\u011fi\u015fti\u011fi 38. Ola\u011fan Kurultay\u0131&#8217;n\u0131n ard\u0131ndan partinin yeni MYK \u00fcyeleri belli oldu. CHP Genel Ba\u015fkan\u0131 \u00d6zg\u00fcr \u00d6zel ba\u015fkanl\u0131\u011f\u0131nda toplanan Parti Meclisi&#8217;nde (PM) yeni d\u00f6nem MYK&#8217;sinde yer alacak isimler yakla\u015f\u0131k 3 saat s\u00fcren toplant\u0131n\u0131n ard\u0131ndan belirlendi. Toplant\u0131da MYK \u00fcyelerinin yan\u0131 s\u0131ra Cumhurba\u015fkanl\u0131\u011f\u0131 Kabine Sistemindeki bakanl\u0131klar\u0131n \u00e7al\u0131\u015fmalar\u0131n\u0131 izleyecek bir \u201cG\u00f6lge Kabine\u201d olu\u015fturuldu. MYK&#8217;de, siyasi i\u015flerin y\u00fcr\u00fct\u00fclece\u011fi bir &#8220;G\u00f6lge Kabine&#8221; ve idari i\u015flerin y\u00fcr\u00fct\u00fclece\u011fi ikinci bir grup yer ald\u0131. Toplam 24 \u00fcyenin bulundu\u011fu MYK&#8217;de, 17 isim &#8220;G\u00f6lge Kabine&#8221; olarak g\u00f6rev alacak.<\/span><br \/>\n<span style=\"font-family: arial, helvetica, sans-serif; font-size: 14px;\">T\u00fcrkiye\u2019de hi\u00e7bir il ve il\u00e7ede genel ba\u015fkan\u0131n\u0131n s\u00f6z verdi\u011fi ya da de\u011fi\u015fim ekibinin s\u00f6z verdi\u011fi bir belediye ba\u015fkan adaylar\u0131n\u0131n olmad\u0131\u011f\u0131n\u0131 ifade eden CHP Genel Ba\u015fkan\u0131 \u00d6zg\u00fcr \u00d6zel, \u015funlar\u0131 kaydetti:<\/span><br \/>\n<span style=\"font-family: arial, helvetica, sans-serif; font-size: 14px;\">&#8220;Sadece Mansur Yava\u015f, Ekrem \u0130mamo\u011flu ve Ayd\u0131n&#8217;\u0131n topuklu Efesi ile ilgili genel ba\u015fkan\u0131m\u0131z\u0131n da anketlerde g\u00f6rd\u00fc\u011f\u00fc \u00e7ok y\u00fcksek memnuniyet oran\u0131na dayanarak o y\u00fcksek memnuniyet oranlar\u0131yla parti meclisine o s\u00f6z\u00fcn arkas\u0131nda duran bir teklifle gelece\u011fiz ve 3 belediye ba\u015fkan\u0131m\u0131z\u0131 yeniden adayla\u015ft\u0131raca\u011f\u0131z. \u00d6zg\u00fcr \u00d6zel\u2019in kurultay kazanmak i\u00e7in s\u00f6z verdi\u011fi bir belediye ba\u015fkan aday\u0131 yok. Co\u011frafi da\u011f\u0131l\u0131m noktas\u0131nda parti meclisimiz \u00e7ok iyi bir da\u011f\u0131l\u0131m g\u00f6sterdi. Parti meclisimizin ya\u015f ortalamas\u0131 43, bu salondaki parti meclis \u00fcyeleri 43 ya\u015ftan olu\u015fuyorlar. Parti meclisimiz s\u00f6z verdi\u011fim gibi benden gen\u00e7. Parti meclisimizde daha \u00f6nce il ce il\u00e7e ba\u015fkanl\u0131\u011f\u0131 yapm\u0131\u015f 15 arkada\u015f\u0131m\u0131z var. \u00d6rg\u00fctlerde g\u00f6rev yapm\u0131\u015f 32 arkada\u015f\u0131m\u0131z var.\u201d<\/span><br \/>\n<span style=\"font-family: arial, helvetica, sans-serif; font-size: 14px;\">MYK\u2019da Genel Sekreter Selin Sayek B\u00f6ke, Parti S\u00f6zc\u00fcs\u00fc ise Deniz Y\u00fccel se\u00e7ildi. MYK\u2019ya g\u00f6re Hukuk ve Se\u00e7im \u0130\u015flerinden Sorumlu Genel Ba\u015fkan Yard\u0131mc\u0131s\u0131 G\u00fcl \u00c7ift\u00e7i, Medya ve Halka \u0130li\u015fkilerden Sorumlu Genel Ba\u015fkan Yard\u0131mc\u0131s\u0131 Burhanettin Bulut, Yerel Y\u00f6netimlerden Sorumlu Genel Ba\u015fkan Yard\u0131mc\u0131s\u0131 G\u00f6kan Zeybek, \u00d6rg\u00fctlerden Sorumlu Genel Ba\u015fkan Yard\u0131mc\u0131s\u0131 Ensar Aytekin ve Sayman \u00d6zg\u00fcr Karabat oldu.<\/span><br \/>\n<span style=\"font-family: arial, helvetica, sans-serif; font-size: 14px;\">G\u00f6lge Kabine olarak g\u00f6rev yapacak di\u011fer MYK \u00fcyeleri ise \u015f\u00f6yle:<\/span><br \/>\n<span style=\"font-family: arial, helvetica, sans-serif; font-size: 14px;\">\u201cAdalet Bakanl\u0131\u011f\u0131ndan Sorumlu Genel Ba\u015fkan Yard\u0131mc\u0131s\u0131 G\u00f6k\u00e7e G\u00f6k\u00e7en, Aile Bakanl\u0131\u011f\u0131ndan Sorumlu Genel Ba\u015fkan Yard\u0131mc\u0131s\u0131 Aylin Nazl\u0131aka, \u00c7al\u0131\u015fma ve Sosyal G\u00fcvenlik Bakanl\u0131\u011f\u0131ndan Sorumlu Genel Ba\u015fkan Yard\u0131mc\u0131s\u0131 Gamze Ta\u015f\u00e7\u0131er, \u00c7evre, \u015eehircilik ve \u0130klim De\u011fi\u015fikli\u011fi Bakanl\u0131\u011f\u0131ndan Sorumlu Genel Ba\u015fkan Yard\u0131mc\u0131s\u0131 G\u00fcl\u015fah Deniz Atalar, D\u0131\u015fi\u015fleri Bakanl\u0131\u011f\u0131ndan Sorumlu Genel Ba\u015fkan Yard\u0131mc\u0131s\u0131 \u0130lhan Uzgel Enerji ve Tabii Kaynaklar Bakanl\u0131\u011f\u0131ndan Sorumlu Genel Ba\u015fkan Yard\u0131mc\u0131s\u0131 Deniz Yavuzy\u0131lmaz, Gen\u00e7lik ve Spor Bakanl\u0131\u011f\u0131ndan Sorumlu Genel Ba\u015fkan Yard\u0131mc\u0131s\u0131 Sevgi K\u0131l\u0131\u00e7, \u0130\u00e7i\u015fleri Bakanl\u0131\u011f\u0131ndan Sorumlu Genel Ba\u015fkan Yard\u0131mc\u0131s\u0131 Murat Bakan, Hazine ve Maliye Bakanl\u0131\u011f\u0131ndan Sorumlu Genel Ba\u015fkan Yard\u0131mc\u0131s\u0131 Yal\u00e7\u0131n Karatepe, K\u00fclt\u00fcr ve Turizm Bakanl\u0131\u011f\u0131ndan Sorumlu Genel Ba\u015fkan Yard\u0131mc\u0131s\u0131 Koza Yard\u0131mc\u0131, Milli E\u011fitim Bakanl\u0131\u011f\u0131ndan Sorumlu Genel Ba\u015fkan Yard\u0131mc\u0131s\u0131 Suat \u00d6z\u00e7a\u011fda\u015f, Milli Savunma Bakanl\u0131\u011f\u0131ndan Sorumlu Genel Ba\u015fkan Yard\u0131mc\u0131s\u0131 Yank\u0131 Ba\u011fc\u0131o\u011flu, Sa\u011fl\u0131k Bakanl\u0131\u011f\u0131ndan Sorumlu Genel Ba\u015fkan Yard\u0131mc\u0131s\u0131 Zeliha Aksaz \u015eahbaz, Sanayi ve Teknoloji Bakanl\u0131\u011f\u0131ndan Sorumlu Genel Ba\u015fkan Yard\u0131mc\u0131s\u0131 P\u0131nar Uzun Okak\u0131n, Tar\u0131m ve Orman Bakanl\u0131\u011f\u0131ndan Sorumlu Genel Ba\u015fkan Yard\u0131mc\u0131s\u0131 Erhan Adem, Ticaret Bakanl\u0131\u011f\u0131ndan Sorumlu Genel Ba\u015fkan Yard\u0131mc\u0131s\u0131 Volkan Demir, Ula\u015ft\u0131rma Bakanl\u0131\u011f\u0131ndan Sorumlu Genel Ba\u015fkan Yard\u0131mc\u0131s\u0131 Ula\u015f Karasu.\u201d<\/span><\/p>\n","protected":false},"excerpt":{"rendered":"<p>Cumhuriyet Halk Partisinde (CHP) Merkez Y\u00fcr\u00fctme Kurulu (MYK) \u00fcyeleri belirlendi. \u0130ki b\u00f6l\u00fcmden olu\u015fan MYK&#8217;de, siyasi i\u015flerin y\u00fcr\u00fct\u00fclece\u011fi bir &#8220;G\u00f6lge Kabine&#8221;<\/p>\n","protected":false},"author":3,"featured_media":17720,"comment_status":"open","ping_status":"open","sticky":false,"template":"","format":"standard","meta":{"colormag_page_container_layout":"default_layout","colormag_page_sidebar_layout":"default_layout","footnotes":""},"categories":[1,5,8],"tags":[],"class_list":["post-17719","post","type-post","status-publish","format-standard","has-post-thumbnail","hentry","category-genel","category-gundem","category-siyaset"],"_links":{"self":[{"href":"https:\/\/marmarayerelhizmet.com\/index.php\/wp-json\/wp\/v2\/posts\/17719","targetHints":{"allow":["GET"]}}],"collection":[{"href":"https:\/\/marmarayerelhizmet.com\/index.php\/wp-json\/wp\/v2\/posts"}],"about":[{"href":"https:\/\/marmarayerelhizmet.com\/index.php\/wp-json\/wp\/v2\/types\/post"}],"author":[{"embeddable":true,"href":"https:\/\/marmarayerelhizmet.com\/index.php\/wp-json\/wp\/v2\/users\/3"}],"replies":[{"embeddable":true,"href":"https:\/\/marmarayerelhizmet.com\/index.php\/wp-json\/wp\/v2\/comments?post=17719"}],"version-history":[{"count":0,"href":"https:\/\/marmarayerelhizmet.com\/index.php\/wp-json\/wp\/v2\/posts\/17719\/revisions"}],"wp:featuredmedia":[{"embeddable":true,"href":"https:\/\/marmarayerelhizmet.com\/index.php\/wp-json\/wp\/v2\/media\/17720"}],"wp:attachment":[{"href":"https:\/\/marmarayerelhizmet.com\/index.php\/wp-json\/wp\/v2\/media?parent=17719"}],"wp:term":[{"taxonomy":"category","embeddable":true,"href":"https:\/\/marmarayerelhizmet.com\/index.php\/wp-json\/wp\/v2\/categories?post=17719"},{"taxonomy":"post_tag","embeddable":true,"href":"https:\/\/marmarayerelhizmet.com\/index.php\/wp-json\/wp\/v2\/tags?post=17719"}],"curies":[{"name":"wp","href":"https:\/\/api.w.org\/{rel}","templated":true}]}}