{"id":17510,"date":"2023-11-05T22:17:08","date_gmt":"2023-11-05T19:17:08","guid":{"rendered":"https:\/\/marmarayerelhizmet.com\/?p=17510"},"modified":"2023-11-05T22:17:08","modified_gmt":"2023-11-05T19:17:08","slug":"dunya-yildizi-festivali-odulu","status":"publish","type":"post","link":"https:\/\/marmarayerelhizmet.com\/index.php\/2023\/11\/05\/dunya-yildizi-festivali-odulu\/","title":{"rendered":"D\u00fcnya Y\u0131ld\u0131z\u0131 Festivali \u00d6d\u00fcl\u00fc"},"content":{"rendered":"<p><strong><span style=\"font-family: arial, helvetica, sans-serif; font-size: 14px;\">Bu y\u0131l 24\u2019\u00fcnc\u00fcs\u00fc d\u00fczenlenen Uluslararas\u0131 \u0130stanbul\u00a0B\u00fcy\u00fck\u00e7ekmece\u00a0K\u00fclt\u00fcr ve Sanat Festivali 86 \u00fclkenin oybirli\u011fiyle \u201cD\u00fcnya Y\u0131ld\u0131z\u0131 Festivali\u201d \u00f6d\u00fcl\u00fcne lay\u0131k g\u00f6r\u00fcld\u00fc. Uluslararas\u0131 Dans Festivalleri Federasyonu (FIDAF) Genel Sekreteri Emil Dimitrov taraf\u0131ndan \u00f6d\u00fcl\u00a0B\u00fcy\u00fck\u00e7ekmece\u00a0Belediye\u00a0Ba\u015fkan\u0131 Dr. Hasan Akg\u00fcn\u2019e takdim edildi.<br \/>\n<\/span><\/strong><br \/>\n<span style=\"font-family: arial, helvetica, sans-serif; font-size: 14px;\">B\u00fcy\u00fck\u00e7ekmece\u00a0Belediyesi taraf\u0131ndan 24 y\u0131ld\u0131r aral\u0131ks\u0131z devam eden ve daha \u00f6nce 8 kez \u00fcst \u00fcste \u201cD\u00fcnyan\u0131n En \u0130yi K\u00fclt\u00fcr ve Sanat Festivali\u201d \u00f6d\u00fcl\u00fcn\u00fc almaya hak kazanan Uluslararas\u0131 \u0130stanbul\u00a0B\u00fcy\u00fck\u00e7ekmece\u00a0K\u00fclt\u00fcr ve Sanat Festivali b\u00fcy\u00fck bir ba\u015far\u0131ya daha imza att\u0131. 5 k\u0131tada 86 \u00fclkede temsilcili\u011fi bulunan FIDAF, bu y\u0131l 24\u2019\u00fcnc\u00fcs\u00fc d\u00fczenlenen Uluslararas\u0131 \u0130stanbul\u00a0B\u00fcy\u00fck\u00e7ekmece\u00a0K\u00fclt\u00fcr ve Sanat Festivali\u2019ni \u201cD\u00fcnya Y\u0131ld\u0131z\u0131 Festivali\u201d \u00f6d\u00fcl\u00fcne lay\u0131k g\u00f6r\u00fcld\u00fc. \u00d6d\u00fcl 86 \u00fcye \u00fclkenin oybirli\u011fiyle verildi.\u00a0B\u00fcy\u00fck\u00e7ekmece\u00a0Belediyesi\u2019nin \u00f6d\u00fcl\u00fc FIDAF Genel Sekreteri Emil Dimitrov taraf\u0131ndan\u00a0Belediye\u00a0Ba\u015fkan\u0131 Dr. Hasan Akg\u00fcn&#8217;e takdim edildi. T\u00fcrkiye Cumhuriyeti\u2019nin 100\u2019\u00fcnc\u00fc y\u0131l\u0131n\u0131 kutlayan Emil Dimitrov, \u201cD\u00fcnya Y\u0131ld\u0131z\u0131 Festivali\u201d \u00f6d\u00fcl\u00fcn\u00fcn \u00e7ok \u00f6zel bir \u00f6d\u00fcl oldu\u011funu belirterek, d\u00fcnyada ilk kez Uluslararas\u0131 \u0130stanbul\u00a0B\u00fcy\u00fck\u00e7ekmece\u00a0K\u00fclt\u00fcr ve Sanat Festivali\u2019ne verildi\u011fini s\u00f6yledi.\u00a0B\u00fcy\u00fck\u00e7ekmece\u00a0Belediye\u00a0Ba\u015fkan\u0131 Dr. Hasan Akg\u00fcn\u2019de \u00f6d\u00fcl\u00fc \u201cger\u00e7ek sahipleri\u201d dedi\u011fi\u00a0B\u00fcy\u00fck\u00e7ekmece\u00a0gen\u00e7li\u011fine teslim etti.<\/span><\/p>\n<p><strong><span style=\"font-family: arial, helvetica, sans-serif; font-size: 14px;\">\u201cBu Cumhuriyetimizin eseridir\u201d<\/span><\/strong><br \/>\n<span style=\"font-family: arial, helvetica, sans-serif; font-size: 14px;\">Cumhuriyetin 100. y\u0131l kutlamalar\u0131 kapsam\u0131nda ger\u00e7ekle\u015fen \u00f6d\u00fcl t\u00f6reninde konu\u015fan\u00a0B\u00fcy\u00fck\u00e7ekmece\u00a0Belediye\u00a0Ba\u015fkan\u0131 Dr. Hasan Akg\u00fcn, \u201c86 \u00fclkenin oybirli\u011fiyle\u00a0B\u00fcy\u00fck\u00e7ekmece\u00a024. Uluslararas\u0131 K\u00fclt\u00fcr ve Sanat Festivali &#8216;D\u00fcnyan\u0131n En \u0130yi K\u00fclt\u00fcr ve Sanat Festivali&#8217; \u00f6d\u00fcl\u00fcne lay\u0131k g\u00f6r\u00fcld\u00fc. Bu Cumhuriyetimizin eseridir. Ve onu hakiki sahibi gen\u00e7lere teslim ettik. Cumhuriyetimizi kurup bize emanet eden Gazi Mustafa Kemal Atat\u00fcrk ve t\u00fcm silah arkada\u015flar\u0131n\u0131 \u015f\u00fckranla, minnetle an\u0131yorum. Cumhuriyetimizi y\u00fckseltmek i\u00e7in, demokrasi ile ta\u00e7land\u0131rmak i\u00e7in daha \u00e7ok \u00e7al\u0131\u015faca\u011f\u0131z, daha \u00e7ok \u00e7al\u0131\u015faca\u011f\u0131z\u201d \u015feklinde konu\u015ftu.<\/span><\/p>\n","protected":false},"excerpt":{"rendered":"<p>Bu y\u0131l 24\u2019\u00fcnc\u00fcs\u00fc d\u00fczenlenen Uluslararas\u0131 \u0130stanbul\u00a0B\u00fcy\u00fck\u00e7ekmece\u00a0K\u00fclt\u00fcr ve Sanat Festivali 86 \u00fclkenin oybirli\u011fiyle \u201cD\u00fcnya Y\u0131ld\u0131z\u0131 Festivali\u201d \u00f6d\u00fcl\u00fcne lay\u0131k g\u00f6r\u00fcld\u00fc. Uluslararas\u0131 Dans<\/p>\n","protected":false},"author":3,"featured_media":17511,"comment_status":"open","ping_status":"open","sticky":false,"template":"","format":"standard","meta":{"colormag_page_container_layout":"default_layout","colormag_page_sidebar_layout":"default_layout","footnotes":""},"categories":[1,5,8],"tags":[],"class_list":["post-17510","post","type-post","status-publish","format-standard","has-post-thumbnail","hentry","category-genel","category-gundem","category-siyaset"],"_links":{"self":[{"href":"https:\/\/marmarayerelhizmet.com\/index.php\/wp-json\/wp\/v2\/posts\/17510","targetHints":{"allow":["GET"]}}],"collection":[{"href":"https:\/\/marmarayerelhizmet.com\/index.php\/wp-json\/wp\/v2\/posts"}],"about":[{"href":"https:\/\/marmarayerelhizmet.com\/index.php\/wp-json\/wp\/v2\/types\/post"}],"author":[{"embeddable":true,"href":"https:\/\/marmarayerelhizmet.com\/index.php\/wp-json\/wp\/v2\/users\/3"}],"replies":[{"embeddable":true,"href":"https:\/\/marmarayerelhizmet.com\/index.php\/wp-json\/wp\/v2\/comments?post=17510"}],"version-history":[{"count":0,"href":"https:\/\/marmarayerelhizmet.com\/index.php\/wp-json\/wp\/v2\/posts\/17510\/revisions"}],"wp:featuredmedia":[{"embeddable":true,"href":"https:\/\/marmarayerelhizmet.com\/index.php\/wp-json\/wp\/v2\/media\/17511"}],"wp:attachment":[{"href":"https:\/\/marmarayerelhizmet.com\/index.php\/wp-json\/wp\/v2\/media?parent=17510"}],"wp:term":[{"taxonomy":"category","embeddable":true,"href":"https:\/\/marmarayerelhizmet.com\/index.php\/wp-json\/wp\/v2\/categories?post=17510"},{"taxonomy":"post_tag","embeddable":true,"href":"https:\/\/marmarayerelhizmet.com\/index.php\/wp-json\/wp\/v2\/tags?post=17510"}],"curies":[{"name":"wp","href":"https:\/\/api.w.org\/{rel}","templated":true}]}}