{"id":17503,"date":"2023-11-06T00:01:54","date_gmt":"2023-11-05T21:01:54","guid":{"rendered":"https:\/\/marmarayerelhizmet.com\/?p=17503"},"modified":"2023-11-05T19:20:27","modified_gmt":"2023-11-05T16:20:27","slug":"hayati-inanc-karesililerle-bulusuyor","status":"publish","type":"post","link":"https:\/\/marmarayerelhizmet.com\/index.php\/2023\/11\/06\/hayati-inanc-karesililerle-bulusuyor\/","title":{"rendered":"Hayati \u0130nan\u00e7 Karesililerle Bulu\u015fuyor"},"content":{"rendered":"<p><strong><span style=\"font-family: arial, helvetica, sans-serif; font-size: 14px;\">Karesi Belediyesi, k\u00fclt\u00fcr ve sanat etkinlikleri kapsam\u0131nda yazar Hayati \u0130nan\u00e7\u2019\u0131 Karesililerle bulu\u015fturuyor. Hukuk\u00e7u yazar \u0130nan\u00e7, mizahi anlat\u0131m\u0131 ile g\u00fcld\u00fcr\u00fcrken d\u00fc\u015f\u00fcnd\u00fcren sohbetleriyle hayranlar\u0131yla bir araya gelecek.<\/span><\/strong><\/p>\n<p><span style=\"font-family: arial, helvetica, sans-serif; font-size: 14px;\">Karesi Belediyesi k\u00fclt\u00fcre ve sanat etkinliklerine bir yenisini daha ekliyor. Yazar Hayati \u0130nan\u00e7, Karesililerle bulu\u015facak. Mizahi anlat\u0131m\u0131 ile g\u00fcld\u00fcr\u00fcrken d\u00fc\u015f\u00fcnd\u00fcren, keyifli sohbeti ile g\u00f6n\u00fcllere dokunan Hukuk\u00e7u, Ara\u015ft\u0131rmac\u0131 ve E\u011fitimci Yazar Hayati \u0130nan\u00e7, \u201cCan Veren Pervaneler A\u015fk-\u0131 Nebi\u201d s\u00f6yle\u015fisi ile sevenleriyle bir araya gelecek.<\/span><br \/>\n<span style=\"font-family: arial, helvetica, sans-serif; font-size: 14px;\">11 Kas\u0131m Cumartesi g\u00fcn\u00fc ger\u00e7ekle\u015ftirilecek olan etkinlik saat 20.15\u2019te Ege Mahallesi Tarlaba\u015f\u0131 Caddesi\u2019nde bulunan Karesi Nikah ve Toplant\u0131 Salonu\u2019nda d\u00fczenlenecek. Programda Yazar \u0130nan\u00e7, dilimiz ve divan edebiyat\u0131n\u0131n g\u00fczelliklerini il\u00e7e sakinleriyle payla\u015facak.<br \/>\n<\/span><br \/>\n<strong><span style=\"font-family: arial, helvetica, sans-serif; font-size: 14px;\">HAYAT\u0130 \u0130NAN\u00c7 K\u0130MD\u0130R?<\/span><\/strong><br \/>\n<span style=\"font-family: arial, helvetica, sans-serif; font-size: 14px;\">Avukatl\u0131\u011f\u0131n yan\u0131 s\u0131ra yay\u0131nc\u0131l\u0131k, y\u00f6neticilik, denet\u00e7ilik, \u00f6\u011fretmenlik ve sunuculuk yapt\u0131.<\/span><br \/>\n<span style=\"font-family: arial, helvetica, sans-serif; font-size: 14px;\">\u201cEn de\u011ferli i\u015f insana yat\u0131r\u0131m\u201d inanc\u0131nda. Klasik eserlerden edindi\u011fi heyecan\u0131, her ya\u015ftaki gen\u00e7lerle payla\u015fmak hayat tarz\u0131.<br \/>\n<\/span><br \/>\n<strong><span style=\"font-family: arial, helvetica, sans-serif; font-size: 14px;\">ESERLER\u0130;<\/span><\/strong><br \/>\n<span style=\"font-family: arial, helvetica, sans-serif; font-size: 14px;\">Can Veren Pervaneler 1-2-3-4-5-6-7<\/span><br \/>\n<span style=\"font-family: arial, helvetica, sans-serif; font-size: 14px;\">Fabrika Ayar\u0131 (Hayati \u0130nan\u00e7 &amp; Bekir Develi)<\/span><br \/>\n<span style=\"font-family: arial, helvetica, sans-serif; font-size: 14px;\">Sevgi Yukar\u0131dan Gelir<\/span><br \/>\n<span style=\"font-family: arial, helvetica, sans-serif; font-size: 14px;\">Hayati Dengeler<\/span><br \/>\n<span style=\"font-family: arial, helvetica, sans-serif; font-size: 14px;\">Aile \u0130\u00e7inde (Hayati \u0130nan\u00e7 &amp; Bekir Develi)<\/span><\/p>\n<p>&nbsp;<\/p>\n","protected":false},"excerpt":{"rendered":"<p>Karesi Belediyesi, k\u00fclt\u00fcr ve sanat etkinlikleri kapsam\u0131nda yazar Hayati \u0130nan\u00e7\u2019\u0131 Karesililerle bulu\u015fturuyor. Hukuk\u00e7u yazar \u0130nan\u00e7, mizahi anlat\u0131m\u0131 ile g\u00fcld\u00fcr\u00fcrken d\u00fc\u015f\u00fcnd\u00fcren<\/p>\n","protected":false},"author":3,"featured_media":17504,"comment_status":"open","ping_status":"open","sticky":false,"template":"","format":"standard","meta":{"colormag_page_container_layout":"default_layout","colormag_page_sidebar_layout":"default_layout","footnotes":""},"categories":[1,5,6,8],"tags":[],"class_list":["post-17503","post","type-post","status-publish","format-standard","has-post-thumbnail","hentry","category-genel","category-gundem","category-kultur-sanat","category-siyaset"],"_links":{"self":[{"href":"https:\/\/marmarayerelhizmet.com\/index.php\/wp-json\/wp\/v2\/posts\/17503","targetHints":{"allow":["GET"]}}],"collection":[{"href":"https:\/\/marmarayerelhizmet.com\/index.php\/wp-json\/wp\/v2\/posts"}],"about":[{"href":"https:\/\/marmarayerelhizmet.com\/index.php\/wp-json\/wp\/v2\/types\/post"}],"author":[{"embeddable":true,"href":"https:\/\/marmarayerelhizmet.com\/index.php\/wp-json\/wp\/v2\/users\/3"}],"replies":[{"embeddable":true,"href":"https:\/\/marmarayerelhizmet.com\/index.php\/wp-json\/wp\/v2\/comments?post=17503"}],"version-history":[{"count":0,"href":"https:\/\/marmarayerelhizmet.com\/index.php\/wp-json\/wp\/v2\/posts\/17503\/revisions"}],"wp:featuredmedia":[{"embeddable":true,"href":"https:\/\/marmarayerelhizmet.com\/index.php\/wp-json\/wp\/v2\/media\/17504"}],"wp:attachment":[{"href":"https:\/\/marmarayerelhizmet.com\/index.php\/wp-json\/wp\/v2\/media?parent=17503"}],"wp:term":[{"taxonomy":"category","embeddable":true,"href":"https:\/\/marmarayerelhizmet.com\/index.php\/wp-json\/wp\/v2\/categories?post=17503"},{"taxonomy":"post_tag","embeddable":true,"href":"https:\/\/marmarayerelhizmet.com\/index.php\/wp-json\/wp\/v2\/tags?post=17503"}],"curies":[{"name":"wp","href":"https:\/\/api.w.org\/{rel}","templated":true}]}}