{"id":17500,"date":"2023-11-05T15:47:47","date_gmt":"2023-11-05T12:47:47","guid":{"rendered":"https:\/\/marmarayerelhizmet.com\/?p=17500"},"modified":"2023-11-05T15:47:47","modified_gmt":"2023-11-05T12:47:47","slug":"700-hektarlik-alan-zarar-gordu","status":"publish","type":"post","link":"https:\/\/marmarayerelhizmet.com\/index.php\/2023\/11\/05\/700-hektarlik-alan-zarar-gordu\/","title":{"rendered":"700 Hektarl\u0131k Alan Zarar G\u00f6rd\u00fc"},"content":{"rendered":"<p><strong><span style=\"font-family: arial, helvetica, sans-serif; font-size: 14px;\">\u00c7anakkale&#8217;nin Gelibolu il\u00e7esi Ilgardere k\u00f6y\u00fc s\u0131n\u0131rlar\u0131nda d\u00fcn \u00e7\u0131kan yang\u0131n 24 saat sonra kontrol alt\u0131na al\u0131nd\u0131. Yang\u0131nda yakla\u015f\u0131k 700 hektar alan zarar g\u00f6rd\u00fc. Orman Genel M\u00fcd\u00fcr\u00fc Bekir Karacabey, &#8220;T\u00fcrkiye genelinde bug\u00fcn itibar\u0131yla 2 bin 484 orman yang\u0131n\u0131nda 15 bin 111 hektar orman alan\u0131m\u0131z etkilendi&#8221; dedi.<br \/>\n<\/span><\/strong><br \/>\n<span style=\"font-family: arial, helvetica, sans-serif; font-size: 14px;\">Gelibolu&#8217;nun Ilgardere k\u00f6y\u00fc yak\u0131nlar\u0131nda d\u00fcn saat 14.21 s\u0131ralar\u0131nda orman yang\u0131n\u0131 ba\u015flad\u0131. \u00c7anakkale 112 Acil \u00c7a\u011fr\u0131 Merkezi&#8217;nden bildirilen ve \u00c7anakkale Orman B\u00f6lge M\u00fcd\u00fcrl\u00fc\u011f\u00fc Yang\u0131n Y\u00f6netim Merkezi&#8217;ndeki Bakacak tepe mobil kameras\u0131ndan da tespit edilen yang\u0131na 9 hava arac\u0131, 81 araz\u00f6z, 22 ilk m\u00fcdahale arac\u0131, 16 i\u015f makinesi, 40 di\u011fer kurum ara\u00e7lar\u0131 ve 510 personelle havadan ve karadan m\u00fcdahale edildi.<\/span><br \/>\n<span style=\"font-family: arial, helvetica, sans-serif; font-size: 14px;\">Ormanl\u0131k alanda ba\u015flayan yang\u0131n r\u00fczgar\u0131n saatteki 80 kilometre h\u0131z\u0131yla b\u00fcy\u00fcd\u00fc. Ak\u015fam saat 19.00 s\u0131ralar\u0131nda ba\u015flayan sa\u011fanak ya\u011f\u0131\u015fla yang\u0131n 21.30 s\u0131ralar\u0131nda b\u00fcy\u00fck \u00f6l\u00e7\u00fcde kontrol alt\u0131na al\u0131nd\u0131. Pazarl\u0131 k\u00f6y\u00fc tedbir ama\u00e7l\u0131 bo\u015falt\u0131l\u0131rken, Cumal\u0131, Ilgardere, Cevizli k\u00f6ylerinde \u00f6nleyici tedbirler al\u0131nd\u0131. Havan\u0131n ayd\u0131nlanmas\u0131yla birlikte hava ara\u00e7lar\u0131 ve karadan ekipler so\u011futma \u00e7al\u0131\u015fmalar\u0131na devam etti. Orman Genel M\u00fcd\u00fcr\u00fc Bekir Karacabey, \u00c7anakkale Orman B\u00f6lge M\u00fcd\u00fcr\u00fc Enver Demirci ile havadan ve karadan inceleme yapt\u0131, s\u00f6nd\u00fcrme \u00e7al\u0131\u015fmalar\u0131n\u0131 koordine etti.<\/span><br \/>\n<span style=\"font-family: arial, helvetica, sans-serif; font-size: 14px;\">Yang\u0131n 24 saat sonra kontrol alt\u0131na al\u0131nd\u0131. Yang\u0131nda yakla\u015f\u0131k 700 hektar alan zarar g\u00f6rd\u00fc. Orman Genel M\u00fcd\u00fcr\u00fc Karacabey, Yang\u0131n Y\u00f6netim Merkezi&#8217;nde bas\u0131n a\u00e7\u0131klamas\u0131 d\u00fczenledi.<\/span><br \/>\n<span style=\"font-family: arial, helvetica, sans-serif; font-size: 14px;\">\u00c7anakkale&#8217;de yakla\u015f\u0131k 700 hektarl\u0131k bir ormanl\u0131k alan\u0131 etkileyen yang\u0131n\u0131n bug\u00fcn saat 14.00 itibar\u0131yla kontrol alt\u0131na al\u0131nd\u0131\u011f\u0131n\u0131 a\u00e7\u0131klayan Bekir Karacabey, \u201c\u00c7anakkale\u2019de d\u00fcn 3\u2019\u00fc orman yang\u0131n\u0131, 4 de orman d\u0131\u015f\u0131 yang\u0131n olmak \u00fczere 7 yang\u0131n meydana geldi. T\u00fcrkiye genelinde ise 18 orman yang\u0131n\u0131 ve 12 k\u0131rsal alan yang\u0131n\u0131 olmak \u00fczere toplam 30 yang\u0131n meydana geldi. \u00c7anakkale\u2019de y\u0131ll\u0131k toplamda 144 orman yang\u0131n\u0131 ve bunun neredeyse 4 kat\u0131ndan fazla 655 k\u0131rsal alan yang\u0131n\u0131 olmak \u00fczere toplam yakla\u015f\u0131k 800 yang\u0131n meydana geldi. Bu yang\u0131nlarda maalesef 4 bin 966 hektar orman alan\u0131m\u0131z etkilendi, zarar g\u00f6rd\u00fc. T\u00fcrkiye genelinde bug\u00fcn itibar\u0131yla 2 bin 484 orman yang\u0131n\u0131nda 15 bin 111 hektar orman alan\u0131m\u0131z etkilendi. Yang\u0131n ba\u015f\u0131na d\u00fc\u015fen orman alan\u0131na bakt\u0131\u011f\u0131m\u0131zda 6 hektarl\u0131k bir alan\u0131n orman yang\u0131nlar\u0131ndan etkilendi\u011fini g\u00f6r\u00fcyoruz. Bu rakam son 4 y\u0131l\u0131n ortalamas\u0131na bakt\u0131\u011f\u0131m\u0131zda ayn\u0131 g\u00fcn\u00fcn de\u011ferleri a\u00e7\u0131s\u0131ndan en az etkilenen orman alan\u0131 oldu\u011funu bize g\u00f6steriyor. \u00c7anakkale\u2019de 16 Temmuz\u2019da ve 22 A\u011fustos tarihlerinde yang\u0131nlar meydana geldi. 16 Temmuz\u2019daki K\u0131z\u0131lke\u00e7ili yang\u0131n\u0131nda bin 240 hektar, 22 A\u011fustos\u2019taki Damyeri yang\u0131n\u0131nda da 2 bin 650 hektar olmak \u00fczere toplamda 3 bin 890 hektar orman alan\u0131m\u0131z bu yang\u0131nlarda etkilendi. Bu sahalarda Orman B\u00f6lge M\u00fcd\u00fcrl\u00fc\u011f\u00fcm\u00fcze ait personelimizin, arkada\u015flar\u0131m\u0131z\u0131n yo\u011fun \u00e7al\u0131\u015fmalar\u0131yla sahalardaki yanan a\u011fa\u00e7lar\u0131n temizlenme i\u015flemi b\u00fcy\u00fck \u00f6l\u00e7\u00fcde tamamland\u0131. Bu \u00e7al\u0131\u015fmalar devam etmekle birlikte 500 hektarl\u0131k bir alanda tamamen temizlendi. Bunun 250 hektarl\u0131k k\u0131sm\u0131 da \u015fuanda tekrar ormanla\u015ft\u0131r\u0131lmak \u00fczere haz\u0131r hale getirildi. \u0130n\u015fallah 11 Kas\u0131m\u2019da, 11.11\u2019de saat 11.00\u2019de t\u00fcm T\u00fcrkiye genelinde ger\u00e7ekle\u015ftirece\u011fimiz Milli A\u011fa\u00e7land\u0131rma G\u00fcn\u00fc kutlamalar\u0131 \u00e7er\u00e7evesinde Cumhuriyet Orman\u0131 tesisimiz in\u015fallah Radar Tepe mevkiinde ger\u00e7ekle\u015ftirilecek\u201d dedi.<\/span><br \/>\n<span style=\"font-family: arial, helvetica, sans-serif; font-size: 14px;\">Yang\u0131n\u0131n \u00e7\u0131k\u0131\u015f sebebiyle ilgili \u015fu an g\u00fcvenlik kuvvetlerinin \u00e7al\u0131\u015fmalar\u0131n\u0131n devam etti\u011fini belirten Karacabey, \u201cBir tak\u0131m tespitler yap\u0131l\u0131yor. \u0130n\u015fallah onlar belli oldu\u011funda payla\u015faca\u011f\u0131z\u201d diye konu\u015ftu.<\/span><\/p>\n","protected":false},"excerpt":{"rendered":"<p>\u00c7anakkale&#8217;nin Gelibolu il\u00e7esi Ilgardere k\u00f6y\u00fc s\u0131n\u0131rlar\u0131nda d\u00fcn \u00e7\u0131kan yang\u0131n 24 saat sonra kontrol alt\u0131na al\u0131nd\u0131. Yang\u0131nda yakla\u015f\u0131k 700 hektar alan<\/p>\n","protected":false},"author":3,"featured_media":17501,"comment_status":"open","ping_status":"open","sticky":false,"template":"","format":"standard","meta":{"colormag_page_container_layout":"default_layout","colormag_page_sidebar_layout":"default_layout","footnotes":""},"categories":[1,5],"tags":[],"class_list":["post-17500","post","type-post","status-publish","format-standard","has-post-thumbnail","hentry","category-genel","category-gundem"],"_links":{"self":[{"href":"https:\/\/marmarayerelhizmet.com\/index.php\/wp-json\/wp\/v2\/posts\/17500","targetHints":{"allow":["GET"]}}],"collection":[{"href":"https:\/\/marmarayerelhizmet.com\/index.php\/wp-json\/wp\/v2\/posts"}],"about":[{"href":"https:\/\/marmarayerelhizmet.com\/index.php\/wp-json\/wp\/v2\/types\/post"}],"author":[{"embeddable":true,"href":"https:\/\/marmarayerelhizmet.com\/index.php\/wp-json\/wp\/v2\/users\/3"}],"replies":[{"embeddable":true,"href":"https:\/\/marmarayerelhizmet.com\/index.php\/wp-json\/wp\/v2\/comments?post=17500"}],"version-history":[{"count":0,"href":"https:\/\/marmarayerelhizmet.com\/index.php\/wp-json\/wp\/v2\/posts\/17500\/revisions"}],"wp:featuredmedia":[{"embeddable":true,"href":"https:\/\/marmarayerelhizmet.com\/index.php\/wp-json\/wp\/v2\/media\/17501"}],"wp:attachment":[{"href":"https:\/\/marmarayerelhizmet.com\/index.php\/wp-json\/wp\/v2\/media?parent=17500"}],"wp:term":[{"taxonomy":"category","embeddable":true,"href":"https:\/\/marmarayerelhizmet.com\/index.php\/wp-json\/wp\/v2\/categories?post=17500"},{"taxonomy":"post_tag","embeddable":true,"href":"https:\/\/marmarayerelhizmet.com\/index.php\/wp-json\/wp\/v2\/tags?post=17500"}],"curies":[{"name":"wp","href":"https:\/\/api.w.org\/{rel}","templated":true}]}}