{"id":17487,"date":"2023-11-05T15:26:52","date_gmt":"2023-11-05T12:26:52","guid":{"rendered":"https:\/\/marmarayerelhizmet.com\/?p=17487"},"modified":"2023-11-05T15:29:08","modified_gmt":"2023-11-05T12:29:08","slug":"4-aylik-enflasyon-farki-kesinlesti","status":"publish","type":"post","link":"https:\/\/marmarayerelhizmet.com\/index.php\/2023\/11\/05\/4-aylik-enflasyon-farki-kesinlesti\/","title":{"rendered":"4 Ayl\u0131k Enflasyon Fark\u0131 Kesinle\u015fti"},"content":{"rendered":"<p><strong><span style=\"font-family: arial, helvetica, sans-serif; font-size: 14px;\">Ekim ay\u0131 enflasyon rakamlar\u0131 sonras\u0131 refah pay\u0131 hari\u00e7 4 ayl\u0131k emekli ve memur zam oran\u0131 netle\u015fmesiyle Sosyal G\u00fcvenlik Kurumu (SGK) Ba\u015fuzman\u0131 \u0130sa Karaka\u015f, \u201cSSK ve Ba\u011f-Kur emeklileri i\u00e7in y\u0131l sonu itibar\u0131yla y\u00fczde 37,75\u2019lik zam s\u00f6z konusu oldu. Memur ve memur emeklileri i\u00e7inse bu oran 49,96 olarak ger\u00e7ekle\u015fecek\u201d dedi.<br \/>\n<\/span><\/strong><br \/>\n<span style=\"font-family: arial, helvetica, sans-serif; font-size: 14px;\">T\u00fcrkiye \u0130statistik Kurumu (T\u00dc\u0130K), Emekli ve memur maa\u015flar\u0131 ba\u015fta olmak \u00fczere bir\u00e7ok konuda belirleyici olan ekim ay\u0131 enflasyon rakamlar\u0131n\u0131 a\u00e7\u0131klad\u0131. Buna g\u00f6re enflasyon oran\u0131 ekimde ayl\u0131k bazda y\u00fczde 3,43, y\u0131ll\u0131k bazda ise y\u00fczde 61,36 olarak ger\u00e7ekle\u015fti. T\u00dc\u0130K&#8217;in a\u00e7\u0131klad\u0131\u011f\u0131 rakamlara g\u00f6re 4 ayl\u0131k enflasyon rakam\u0131 da y\u00fczde 29,40 olarak kay\u0131tlara ge\u00e7ti. Ekim ay\u0131 enflasyon rakamlar\u0131 sonras\u0131 refah pay\u0131 hari\u00e7 4 ayl\u0131k emekli ve memur zam oran\u0131 da b\u00f6ylece netle\u015fmi\u015f oldu. Buna g\u00f6re 4 ayl\u0131k SSK ve Ba\u011f-Kur emekli zamm\u0131 y\u00fczde 29,40, enflasyon fark\u0131 dahil 4 ayl\u0131k memur zamm\u0131 ise y\u00fczde 40,39 oldu. Sosyal G\u00fcvenlik Kurumu Ba\u015fuzman\u0131 \u0130sa Karaka\u015f, T\u00dc\u0130K\u2019in a\u00e7\u0131klad\u0131\u011f\u0131 enflasyon rakamlar\u0131n\u0131 de\u011ferlendirerek SSK, Ba\u011f-Kur ve memur emeklilerinin alaca\u011f\u0131 zamlar hakk\u0131nda a\u00e7\u0131klamalarda bulundu.<\/span><br \/>\n<span style=\"font-family: arial, helvetica, sans-serif; font-size: 14px;\">Ekim ay\u0131 itibar\u0131yla T\u00dc\u0130K enflasyon oranlar\u0131 a\u00e7\u0131klanmas\u0131yla, emekliler ve memurlar i\u00e7in 4 ayl\u0131k enflasyon toplam\u0131 netle\u015fti\u011fini s\u00f6yleyen Karaka\u015f, \u201cRefah pay\u0131 hari\u00e7 sadece ekim ay\u0131n\u0131 baz ald\u0131\u011f\u0131m\u0131zda k\u00fcm\u00fclatif olarak SSK ve Ba\u011f-Kur emeklilerine y\u00fczde 29,40 oran\u0131nda bir zam gelece\u011fi kesinle\u015fti. Memur ve memur emeklilerine de bakt\u0131\u011f\u0131m\u0131z zaman y\u00fczde 15\u2019lik toplu s\u00f6zle\u015fme oran\u0131 oldu\u011fu i\u00e7in daha y\u00fcksek bir zam gelece\u011fini g\u00f6r\u00fcyoruz. Dolay\u0131s\u0131yla y\u00fczde 40,39\u2019luk zam oran\u0131 \u015fimdiden hem memurlar\u0131n hem de hem de memur emeklilerinin cebinde\u201d ifadelerini kulland\u0131.<\/span><\/p>\n<p><strong><span style=\"font-family: arial, helvetica, sans-serif; font-size: 14px;\">\u201cY\u0131l sonu en y\u00fcksek enflasyon beklentilerine g\u00f6re SSK ve Ba\u011f-Kur emeklilerine 37,75 zam gelecek\u201d<\/span><\/strong><br \/>\n<span style=\"font-family: arial, helvetica, sans-serif; font-size: 14px;\">Karaka\u015f, Orta Vadeli Program\u2019da (OVP) y\u0131l sonu enflasyon hedefi y\u00fczde 65 oldu\u011funu, Merkez Bankas\u0131\u2019n\u0131n da do\u011frultuda en y\u00fcksek beklentiyi y\u00fczde 68, en d\u00fc\u015f\u00fck beklentiyi de y\u00fczde 65 olarak a\u00e7\u0131klad\u0131\u011f\u0131n\u0131 belirtti. Y\u0131l sonu i\u00e7in emeklilere gelecek muhtemel zam oranlar\u0131na enflasyon beklentilerine belirlenece\u011fini hat\u0131rlatan Karaka\u015f, \u201cBu durumda SSK ve Ba\u011f-Kur emeklileri i\u00e7in y\u0131lsonu itibar\u0131yla y\u00fczde 37,75\u2019lik zam s\u00f6z konusu oldu. Memur ve memur emeklileri i\u00e7inse bu oran 49,96 olarak ger\u00e7ekle\u015fecek. E\u011fer Merkez Bankas\u0131n\u0131n beklenti anketlerindeki en y\u00fcksek sonu\u00e7 ger\u00e7ekle\u015firse yani y\u00fczde 68\u2019lik bir enflasyon ger\u00e7ekle\u015firse bu durumda emeklilerin alaca\u011f\u0131 zam daha y\u00fcksek olacak. SSK ve Ba\u011f-Kur emeklileri y\u00fczde 40,30 zam alacak, memur ve memur emeklileri de y\u00fczde 52, 20 oran\u0131nda zam alacak\u201d diye konu\u015ftu.<\/span><br \/>\n<span style=\"font-family: arial, helvetica, sans-serif; font-size: 14px;\">Emeklilerinin zam oranlar\u0131 sadece enflasyon oran\u0131yla belli olmad\u0131\u011f\u0131n\u0131 da s\u00f6zlerine ekleyen Karaka\u015f, enflasyon oranlar\u0131n\u0131n yan\u0131 s\u0131ra refah pay\u0131n\u0131n verilmesinin de s\u00f6z konusu oldu\u011fu s\u00f6yledi. Ge\u00e7en sene ayn\u0131 d\u00f6nemde yap\u0131lan refah pay\u0131n\u0131 hat\u0131rlatan Karaka\u015f, ge\u00e7en y\u0131l aral\u0131k ay\u0131 itibar\u0131yla baz al\u0131nan 6 ayl\u0131k enflasyonun y\u00fczde 15,4 oran\u0131nda ger\u00e7ekle\u015fmesine ra\u011fmen, y\u00fczde 30 oran\u0131nda zam yap\u0131ld\u0131\u011f\u0131n\u0131 ve y\u00fczde 14,6 oran\u0131nda refah pay\u0131n\u0131n verildi\u011fini vurgulad\u0131.<\/span><\/p>\n<p><strong><span style=\"font-family: arial, helvetica, sans-serif; font-size: 14px;\">\u201cEn d\u00fc\u015f\u00fck emekli ayl\u0131\u011f\u0131 50 zam yap\u0131lmas\u0131 halinde en az 11 bin 250 lira olacak\u201d<\/span><\/strong><br \/>\n<span style=\"font-family: arial, helvetica, sans-serif; font-size: 14px;\">Y\u0131l sonunda belirlenecek olan a\u00e7l\u0131k s\u0131n\u0131r\u0131n\u0131n verilecek zamlarda \u00f6nemli bir k\u0131stas oldu\u011funu ve t\u00fcm etkenlerin g\u00f6z \u00f6n\u00fcnde bulundurulmas\u0131 halinde zam oranlar\u0131n\u0131n daha da artaca\u011f\u0131n\u0131 s\u00f6yleyen Karaka\u015f, \u201cSSK ve Ba\u011f-Kur emeklilerinin, y\u00fczde 65\u2019lik y\u0131l sonu enflasyon hedefinin tutturulmas\u0131 halinde y\u00fczde 37,75 yerine en az y\u00fczde 50 zam alaca\u011f\u0131n\u0131 s\u00f6yleyebiliriz. SSK ve Ba\u011f-Kur emeklisinin en d\u00fc\u015f\u00fck emekli ayl\u0131\u011f\u0131 olan 7 bin 500 olan rakam\u0131n da y\u00fczde 50 seyyanen zam yap\u0131lmas\u0131 halinde en az 11 bin 250 lira olmas\u0131 gerekiyor\u201d diye konu\u015ftu.<\/span><\/p>\n<p><strong><span style=\"font-family: arial, helvetica, sans-serif; font-size: 14px;\">\u201cY\u00fczde 65\u2019lik zamla en d\u00fc\u015f\u00fck memur emeklisi ayl\u0131\u011f\u0131 16 bin 295 olacak\u201d<\/span><\/strong><br \/>\n<span style=\"font-family: arial, helvetica, sans-serif; font-size: 14px;\">Memur emeklisinin, \u015fu anki en d\u00fc\u015f\u00fck ayl\u0131\u011f\u0131n\u0131n 9 bin 876 lira oldu\u011funu da kaydeden Karaka\u015f, \u201cMemurlara verilecek seyyanen zamm\u0131n aynen memur emeklilerine de verilece\u011fi de s\u00f6ylenmi\u015fti. Bunu g\u00f6z \u00f6n\u00fcnde bulundurdu\u011fumuz zaman h\u00fck\u00fcmetin refah pay\u0131yla birlikte verilecek zamm\u0131n y\u00fczde 65 oran\u0131nda olaca\u011f\u0131n\u0131 s\u00f6yleyebiliriz. Memurlardan daha y\u00fcksek bir refah pay\u0131n\u0131n memur emeklilerine verilece\u011fi tahmininden hareketle y\u00fczde 65\u2019lik bir zam s\u00f6z konusu olabilir. Bu durumda en d\u00fc\u015f\u00fck memur emeklisi maa\u015f\u0131 16 bin 295 olmas\u0131 s\u00f6z konusu olabilir\u201d diye konu\u015ftu.<\/span><\/p>\n","protected":false},"excerpt":{"rendered":"<p>Ekim ay\u0131 enflasyon rakamlar\u0131 sonras\u0131 refah pay\u0131 hari\u00e7 4 ayl\u0131k emekli ve memur zam oran\u0131 netle\u015fmesiyle Sosyal G\u00fcvenlik Kurumu (SGK)<\/p>\n","protected":false},"author":3,"featured_media":17488,"comment_status":"open","ping_status":"open","sticky":false,"template":"","format":"standard","meta":{"colormag_page_container_layout":"default_layout","colormag_page_sidebar_layout":"default_layout","footnotes":""},"categories":[3,1,5],"tags":[],"class_list":["post-17487","post","type-post","status-publish","format-standard","has-post-thumbnail","hentry","category-ekonomi","category-genel","category-gundem"],"_links":{"self":[{"href":"https:\/\/marmarayerelhizmet.com\/index.php\/wp-json\/wp\/v2\/posts\/17487","targetHints":{"allow":["GET"]}}],"collection":[{"href":"https:\/\/marmarayerelhizmet.com\/index.php\/wp-json\/wp\/v2\/posts"}],"about":[{"href":"https:\/\/marmarayerelhizmet.com\/index.php\/wp-json\/wp\/v2\/types\/post"}],"author":[{"embeddable":true,"href":"https:\/\/marmarayerelhizmet.com\/index.php\/wp-json\/wp\/v2\/users\/3"}],"replies":[{"embeddable":true,"href":"https:\/\/marmarayerelhizmet.com\/index.php\/wp-json\/wp\/v2\/comments?post=17487"}],"version-history":[{"count":0,"href":"https:\/\/marmarayerelhizmet.com\/index.php\/wp-json\/wp\/v2\/posts\/17487\/revisions"}],"wp:featuredmedia":[{"embeddable":true,"href":"https:\/\/marmarayerelhizmet.com\/index.php\/wp-json\/wp\/v2\/media\/17488"}],"wp:attachment":[{"href":"https:\/\/marmarayerelhizmet.com\/index.php\/wp-json\/wp\/v2\/media?parent=17487"}],"wp:term":[{"taxonomy":"category","embeddable":true,"href":"https:\/\/marmarayerelhizmet.com\/index.php\/wp-json\/wp\/v2\/categories?post=17487"},{"taxonomy":"post_tag","embeddable":true,"href":"https:\/\/marmarayerelhizmet.com\/index.php\/wp-json\/wp\/v2\/tags?post=17487"}],"curies":[{"name":"wp","href":"https:\/\/api.w.org\/{rel}","templated":true}]}}