{"id":17477,"date":"2023-11-05T15:16:01","date_gmt":"2023-11-05T12:16:01","guid":{"rendered":"https:\/\/marmarayerelhizmet.com\/?p=17477"},"modified":"2023-11-05T15:16:01","modified_gmt":"2023-11-05T12:16:01","slug":"ozgur-ozel-chp-genel-baskani-secildi","status":"publish","type":"post","link":"https:\/\/marmarayerelhizmet.com\/index.php\/2023\/11\/05\/ozgur-ozel-chp-genel-baskani-secildi\/","title":{"rendered":"\u00d6zg\u00fcr \u00d6zel CHP Genel Ba\u015fkan\u0131 Se\u00e7ildi"},"content":{"rendered":"<p id=\"h1Baslik-Y1WPQ5aDUNWbU9WTI5OPA9G3ExGDYpWr\"><strong><span style=\"font-family: arial, helvetica, sans-serif; font-size: 14px;\">Cumhuriyet Halk Partisi&#8217;nde Genel Ba\u015fkan se\u00e7imini 812 oyla \u00d6zg\u00fcr \u00d6zel kazand\u0131. Kemal K\u0131l\u0131\u00e7daro\u011flu ise 536 oy ald\u0131.<\/span><\/strong><\/p>\n<p><span style=\"font-family: arial, helvetica, sans-serif; font-size: 14px;\">CHP\u2019nin 38. Ola\u011fan Kurultay\u0131nda genel ba\u015fkanl\u0131k se\u00e7imini 812 oyla \u00d6zg\u00fcr \u00d6zel kazand\u0131. Rakibi Kemal K\u0131l\u0131\u00e7daro\u011flu ise 536 oyda kald\u0131. CHP Genel Ba\u015fkan\u0131 \u00d6zg\u00fcr \u00d6zel, sonu\u00e7lar\u0131n\u0131n a\u00e7\u0131klanmas\u0131n\u0131n ard\u0131ndan salonda bir te\u015fekk\u00fcr konu\u015fmas\u0131 yapt\u0131.<\/span><\/p>\n<p><span style=\"font-family: arial, helvetica, sans-serif; font-size: 14px;\"><strong>\u201cBu salondan 130 milletvekilimizde el ele, omuz omuza \u00e7\u0131k\u0131yorum\u201d<\/strong><\/span><br \/>\n<span style=\"font-family: arial, helvetica, sans-serif; font-size: 14px;\">Konu\u015fmas\u0131na K\u0131l\u0131\u00e7daro\u011flu\u2019na te\u015fekk\u00fcr ederek ba\u015flayan \u00d6zel, \u201cB\u00f6yle bir gecede, bu saatte bu b\u00fcy\u00fck onuru benimle birlikte ya\u015fayan t\u00fcm belediyelerimize, t\u00fcm CHP\u2019lilere y\u00fcrekten te\u015fekk\u00fcr ediyorum. Cumhuriyet Halk Partisi&#8217;nin 130 milletvekilinden olu\u015fan harika bir grubu var. \u00c7ok konu\u015fuldu, &#8216;buraya kim ka\u00e7 milletvekilinin deste\u011fiyle geldi&#8217; diye. Bu salondan 130 milletvekilimizle el ele omuz omuza \u00e7\u0131k\u0131yorum. Salona il ba\u015fkanlar\u0131m\u0131za girdik. Bu salondan 81 il ba\u015fkan\u0131m\u0131zla kol kola omuz omuza \u00e7\u0131k\u0131yorum. Ba\u015fkan\u0131m m\u00fcsaade ederse bin 366 delegemizi bana oy vermi\u015f kabul ediyorum\u201d ifadelerini kulland\u0131.<\/span><\/p>\n<p><span style=\"font-family: arial, helvetica, sans-serif; font-size: 14px;\"><strong>&#8220;Sizlere g\u00fcveniyorum&#8221;<\/strong><\/span><br \/>\n<span style=\"font-family: arial, helvetica, sans-serif; font-size: 14px;\">Kurultay sonras\u0131 hi\u00e7bir partiliye k\u0131rg\u0131nl\u0131\u011f\u0131 olmadan salondan ayr\u0131laca\u011f\u0131na s\u00f6z verdi\u011fini belirten \u00d6zel, \u201cBenim s\u00fcre\u00e7 boyunca ve bug\u00fcn istemeden k\u0131rd\u0131klar\u0131m olduysa affola. Grubumuz pazartesi sabah\u0131ndan itibaren Plan ve B\u00fct\u00e7e Komisyonundaki m\u00fccadelesini b\u00fcy\u00fck bir enerjiyle ve tek bir grup olarak devam edecek. Bizler hep birlikte be\u015f ay sonraki yerel se\u00e7im s\u00fcrecine odaklanaca\u011f\u0131z. Buradan bir bu\u00e7uk milyon \u00fcyemize diyorum ki, biz cumhuriyeti y\u00fcz\u00fcnc\u00fc y\u0131l\u0131nda ya\u015fad\u0131\u011f\u0131m\u0131z b\u00fcy\u00fck \u00fcz\u00fcnt\u00fcy\u00fc telafi etmek, y\u00fczleri g\u00fcld\u00fcrmek, ikinci y\u00fczy\u0131la zaferle girmek i\u00e7in \u00f6rg\u00fct\u00fcm\u00fczde yar\u0131ndan ibaret seferberlik ilan ediyorum. Omuz omuza \u00e7al\u0131\u015faca\u011f\u0131z, elimizdeki belediyelerin tamam\u0131n\u0131 yeniden kazanaca\u011f\u0131z, yanlar\u0131na, yenilerini ekleyecek ve hep birlikte bir zaferi kazanaca\u011f\u0131z. Ben buna inan\u0131yorum. Bunun i\u00e7in de sizlere g\u00fcveniyorum\u201d dedi.<\/span><br \/>\n<span style=\"font-family: arial, helvetica, sans-serif; font-size: 14px;\">Deprem b\u00f6lgesindeki illere ve \u00f6zellikle Hatay\u2019\u0131 g\u00fcndemde tutaca\u011f\u0131n\u0131 s\u00f6yleyen \u00d6zel, \u201c\u00d6rg\u00fcte verdi\u011fim b\u00fct\u00fcn s\u00f6zleri tutaca\u011f\u0131m\u201d ifadesini kullanarak, 81 il ba\u015fkan\u0131yla yar\u0131nki parti meclisi s\u00fcrecini g\u00f6r\u00fc\u015fmek \u00fczere toplant\u0131 d\u00fczenleyece\u011fini ve kendilerini davet etti\u011fini duyurdu.<\/span><\/p>\n<p id=\"h1Baslik-Y1WPQ5aDUNWbU9WTI5OPA9G3ExGDYxWT\"><span style=\"font-family: arial, helvetica, sans-serif; font-size: 14px;\"><strong>K\u0131l\u0131\u00e7daro\u011flu&#8217;ndan CHP Genel Ba\u015fkan\u0131 se\u00e7ilen \u00d6zel&#8217;e tebrik<br \/>\n<\/strong>Kemal K\u0131l\u0131\u00e7daro\u011flu, CHP Genel Ba\u015fkanl\u0131\u011f\u0131&#8217;na \u00d6zg\u00fcr \u00d6zel&#8217;in se\u00e7ilmesinin ard\u0131ndan sosyal medya hesab\u0131ndan payla\u015f\u0131m yaparak, &#8220;B\u00fcy\u00fck \u00d6nderimiz Atat\u00fcrk&#8217;\u00fcn emanetini, bug\u00fcne kadar onurla ta\u015f\u0131d\u0131m. Ve bug\u00fcn, kurultay delegelerimizin verdi\u011fi kararla, Genel Ba\u015fkanl\u0131k g\u00f6revine veda ediyorum. Bug\u00fcne kadar m\u00fccadelemize omuz veren herkese te\u015fekk\u00fcr ederim. Genel Ba\u015fkanl\u0131k g\u00f6revine se\u00e7ilen yeni Genel Ba\u015fkan\u0131m\u0131z \u00d6zg\u00fcr \u00d6zel&#8217;i kutluyor, ba\u015far\u0131lar diliyorum&#8221; ifadelerini kulland\u0131.<\/span><\/p>\n","protected":false},"excerpt":{"rendered":"<p>Cumhuriyet Halk Partisi&#8217;nde Genel Ba\u015fkan se\u00e7imini 812 oyla \u00d6zg\u00fcr \u00d6zel kazand\u0131. Kemal K\u0131l\u0131\u00e7daro\u011flu ise 536 oy ald\u0131. CHP\u2019nin 38. Ola\u011fan<\/p>\n","protected":false},"author":3,"featured_media":17478,"comment_status":"open","ping_status":"open","sticky":false,"template":"","format":"standard","meta":{"colormag_page_container_layout":"default_layout","colormag_page_sidebar_layout":"default_layout","footnotes":""},"categories":[1,5,8],"tags":[],"class_list":["post-17477","post","type-post","status-publish","format-standard","has-post-thumbnail","hentry","category-genel","category-gundem","category-siyaset"],"_links":{"self":[{"href":"https:\/\/marmarayerelhizmet.com\/index.php\/wp-json\/wp\/v2\/posts\/17477","targetHints":{"allow":["GET"]}}],"collection":[{"href":"https:\/\/marmarayerelhizmet.com\/index.php\/wp-json\/wp\/v2\/posts"}],"about":[{"href":"https:\/\/marmarayerelhizmet.com\/index.php\/wp-json\/wp\/v2\/types\/post"}],"author":[{"embeddable":true,"href":"https:\/\/marmarayerelhizmet.com\/index.php\/wp-json\/wp\/v2\/users\/3"}],"replies":[{"embeddable":true,"href":"https:\/\/marmarayerelhizmet.com\/index.php\/wp-json\/wp\/v2\/comments?post=17477"}],"version-history":[{"count":0,"href":"https:\/\/marmarayerelhizmet.com\/index.php\/wp-json\/wp\/v2\/posts\/17477\/revisions"}],"wp:featuredmedia":[{"embeddable":true,"href":"https:\/\/marmarayerelhizmet.com\/index.php\/wp-json\/wp\/v2\/media\/17478"}],"wp:attachment":[{"href":"https:\/\/marmarayerelhizmet.com\/index.php\/wp-json\/wp\/v2\/media?parent=17477"}],"wp:term":[{"taxonomy":"category","embeddable":true,"href":"https:\/\/marmarayerelhizmet.com\/index.php\/wp-json\/wp\/v2\/categories?post=17477"},{"taxonomy":"post_tag","embeddable":true,"href":"https:\/\/marmarayerelhizmet.com\/index.php\/wp-json\/wp\/v2\/tags?post=17477"}],"curies":[{"name":"wp","href":"https:\/\/api.w.org\/{rel}","templated":true}]}}