{"id":17473,"date":"2023-11-04T23:54:13","date_gmt":"2023-11-04T20:54:13","guid":{"rendered":"https:\/\/marmarayerelhizmet.com\/?p=17473"},"modified":"2023-11-04T23:54:50","modified_gmt":"2023-11-04T20:54:50","slug":"israilden-pes-pese-2-saldiri","status":"publish","type":"post","link":"https:\/\/marmarayerelhizmet.com\/index.php\/2023\/11\/04\/israilden-pes-pese-2-saldiri\/","title":{"rendered":"\u0130srail&#8217;den Pe\u015f Pe\u015fe 2 Sald\u0131r\u0131"},"content":{"rendered":"<p><span style=\"font-family: arial, helvetica, sans-serif;\"><strong>\u0130srail\u2019in d\u00fcn Gazze \u015eeridi\u2019ndeki \u015eifa Hastanesi\u2019nin \u00f6n\u00fcnde bulunan ambulans konvoyuna ger\u00e7ekle\u015ftirdi\u011fi hava sald\u0131r\u0131s\u0131nda 15, BM Filistinli M\u00fcltecilere Yard\u0131m Ajans\u0131na (UNRWA) ba\u011fl\u0131 bir okulu hedef ald\u0131\u011f\u0131 sald\u0131r\u0131da ise 20 ki\u015finin hayat\u0131n\u0131 kaybetti\u011fi a\u00e7\u0131kland\u0131.<\/strong><\/span><\/p>\n<p><span style=\"font-family: arial, helvetica, sans-serif;\">\u0130srail\u2019in Gazze \u015eeridi\u2019ni ayr\u0131m g\u00f6zetmeksizin vuruyor. \u0130srail ordusunun d\u00fcn Gazze \u015eeridi&#8217;nde bir ambulans konvoyunu ve okulu hedef ald\u0131\u011f\u0131 sald\u0131r\u0131lar\u0131n bilan\u00e7osu belli oldu. Filistin Sa\u011fl\u0131k Bakanl\u0131\u011f\u0131ndan yap\u0131lan a\u00e7\u0131klamada, \u0130srail\u2019in Gazze \u015eeridi\u2019nin en b\u00fcy\u00fck ve merkez hastanesi olan \u015eifa Hastanesi\u2019nin bah\u00e7esindeki ambulans konvoyuna ger\u00e7ekle\u015ftirdi\u011fi sald\u0131r\u0131da 15 ki\u015finin hayat\u0131n\u0131 kaybetti\u011fi belirtildi. A\u00e7\u0131klamada, \u201cSaat 16.05 civar\u0131nda bir ambulans konvoyu Filistin Sa\u011fl\u0131k Bakanl\u0131\u011f\u0131 ile koordineli olarak al\u0131nan bir kararla \u015eifa Hastanesi&#8217;nden ayr\u0131ld\u0131. Refah S\u0131n\u0131r Kap\u0131s\u0131\u2019na do\u011fru ilerleyen konvoyda 4\u2019\u00fc Sa\u011fl\u0131k Bakanl\u0131\u011f\u0131na, biri Filistin K\u0131z\u0131lay\u2019\u0131na ait olmak \u00fczere 5 ambulans vard\u0131. Konvoy, hastaneden El Ra\u015fid sahil yoluna kadar yakla\u015f\u0131k 4 kilometre yol kat etti, ancak b\u00f6lgedeki molozlar ve yo\u011fun bombard\u0131man nedeniyle ilerleyemedi. Ambulanslar \u015eifa Hastanesi&#8217;ne d\u00f6nd\u00fc. Hastaneye 1 kilometre kadar yakla\u015f\u0131ld\u0131\u011f\u0131nda konvoyun ba\u015f\u0131ndaki Sa\u011fl\u0131k Bakanl\u0131\u011f\u0131&#8217;na ait ilk ambulans do\u011frudan vuruldu. Di\u011fer ambulanslar hastaneye do\u011fru ilerlemeye devam etti. \u0130lk ambulans\u0131n \u015eifa Hastanesi kap\u0131s\u0131na ula\u015f\u0131r ula\u015fmaz \u00f6n k\u0131sm\u0131 vuruldu. Bu sald\u0131r\u0131da 15 ki\u015fi \u00f6ld\u00fc, onlarca ki\u015fi yaraland\u0131\u201d ifadeleri kullan\u0131ld\u0131. \u0130srail ordusu da sald\u0131r\u0131da bir ambulans\u0131 hedef ald\u0131\u011f\u0131n\u0131 do\u011frulad\u0131.<\/span><\/p>\n<p><span style=\"font-family: arial, helvetica, sans-serif;\"><strong>Guterres: \u201cDeh\u015fete d\u00fc\u015ft\u00fcm\u201d<\/strong><\/span><br \/>\n<span style=\"font-family: arial, helvetica, sans-serif;\">BM Genel Sekreteri Antonio Guterres ambulans konvoyuna ger\u00e7ekle\u015ftirilen sald\u0131r\u0131ya ili\u015fkin yapt\u0131\u011f\u0131 a\u00e7\u0131klamada, &#8220;Gazze&#8217;de \u015eifa Hastanesi&#8217;nin \u00f6n\u00fcnde bir ambulans konvoyuna d\u00fczenlenen sald\u0131r\u0131, beni deh\u015fete d\u00fc\u015f\u00fcrd\u00fc. Hastanenin d\u0131\u015f\u0131ndaki soka\u011fa sa\u00e7\u0131lan ceset g\u00f6r\u00fcnt\u00fcleri \u00e7ok \u00fcz\u00fcc\u00fc\u201d ifadelerini kullanarak sald\u0131r\u0131lar\u0131n durmas\u0131 gerekti\u011fini vurgulad\u0131.<\/span><\/p>\n<p><span style=\"font-family: arial, helvetica, sans-serif;\"><strong>DS\u00d6\u2019den ate\u015fkes \u00e7a\u011fr\u0131s\u0131<\/strong><\/span><br \/>\n<span style=\"font-family: arial, helvetica, sans-serif;\">D\u00fcnya Sa\u011fl\u0131k \u00d6rg\u00fct\u00fc (DS\u00d6) Genel Sekreteri Tedros Adhanom Ghebreyesus ise a\u00e7\u0131klamas\u0131nda, \u201cGazze&#8217;deki \u015eifa Hastanesinde hastalar\u0131 tahliye eden ambulanslara d\u00fczenlenen sald\u0131r\u0131larda meydana gelen \u00f6l\u00fcm, yaralanma ve hasar haberinin kar\u015f\u0131s\u0131nda \u015foke oldum. Hastalar, sa\u011fl\u0131k \u00e7al\u0131\u015fanlar\u0131, hastaneler ve ambulanslar\u0131n her zaman korunmas\u0131 gerekti\u011fini tekrarl\u0131yorum\u201d diyerek ate\u015fkes \u00e7a\u011fr\u0131s\u0131nda bulundu.<\/span><\/p>\n<p><span style=\"font-family: arial, helvetica, sans-serif;\"><strong>Okul sald\u0131r\u0131s\u0131nda 20 can kayb\u0131<\/strong><\/span><br \/>\n<span style=\"font-family: arial, helvetica, sans-serif;\">\u0130srail\u2019in Gazze \u015eeridi&#8217;nin kuzeyindeki Saftavi b\u00f6lgesinde binlerce Filistinlinin s\u0131\u011f\u0131nd\u0131\u011f\u0131 BM Filistinli M\u00fcltecilere Yard\u0131m Ajans\u0131na (UNRWA) ba\u011fl\u0131 Usame Bin Zaid Okulu&#8217;nu hedef ald\u0131\u011f\u0131 sald\u0131r\u0131da ise 20 ki\u015finin ya\u015fam\u0131n\u0131 yitirdi\u011fi aktar\u0131ld\u0131.<\/span><\/p>\n<p><span style=\"font-family: arial, helvetica, sans-serif;\"><strong>\u0130srail\u2019in sald\u0131r\u0131lar\u0131nda son durum<\/strong><\/span><br \/>\n<span style=\"font-family: arial, helvetica, sans-serif;\">\u0130srail&#8217;in Gazze \u015eeridi\u2019ne hava sald\u0131r\u0131lar\u0131 gece boyunca devam etti. Yerel kaynaklara g\u00f6re, \u0130srail Gazze&#8217;nin bat\u0131s\u0131ndaki Nas\u0131r, Cibaliye, Beyt Hanun, Atatra, Sudaniya ve kuzeydeki Beyt Lahya ile Gazze \u015fehrinin Tuffah mahallesini vurdu. \u0130srail ayr\u0131ca Endonezya Hastanesi civar\u0131n\u0131n yan\u0131 s\u0131ra Nuseyrat ve Bureij kamplar\u0131ndaki evlere bir kez daha sald\u0131r\u0131 ger\u00e7ekle\u015ftirdi. Gazze \u015eeridi&#8217;nin g\u00fcneyindeki Han Yunus\u2019tan da sald\u0131r\u0131 nedeniyle dumanlar y\u00fckseldi. Sald\u0131r\u0131larda aralar\u0131nda \u00e7ocuklar\u0131n da bulundu\u011fu \u00e7ok say\u0131da ki\u015finin hayat\u0131n\u0131 kaybetti\u011fi belirtildi.<\/span><\/p>\n<p>&nbsp;<\/p>\n<p>&nbsp;<\/p>\n<p>&nbsp;<\/p>\n","protected":false},"excerpt":{"rendered":"<p>\u0130srail\u2019in d\u00fcn Gazze \u015eeridi\u2019ndeki \u015eifa Hastanesi\u2019nin \u00f6n\u00fcnde bulunan ambulans konvoyuna ger\u00e7ekle\u015ftirdi\u011fi hava sald\u0131r\u0131s\u0131nda 15, BM Filistinli M\u00fcltecilere Yard\u0131m Ajans\u0131na (UNRWA)<\/p>\n","protected":false},"author":3,"featured_media":17474,"comment_status":"open","ping_status":"open","sticky":false,"template":"","format":"standard","meta":{"colormag_page_container_layout":"default_layout","colormag_page_sidebar_layout":"default_layout","footnotes":""},"categories":[1,5],"tags":[],"class_list":["post-17473","post","type-post","status-publish","format-standard","has-post-thumbnail","hentry","category-genel","category-gundem"],"_links":{"self":[{"href":"https:\/\/marmarayerelhizmet.com\/index.php\/wp-json\/wp\/v2\/posts\/17473","targetHints":{"allow":["GET"]}}],"collection":[{"href":"https:\/\/marmarayerelhizmet.com\/index.php\/wp-json\/wp\/v2\/posts"}],"about":[{"href":"https:\/\/marmarayerelhizmet.com\/index.php\/wp-json\/wp\/v2\/types\/post"}],"author":[{"embeddable":true,"href":"https:\/\/marmarayerelhizmet.com\/index.php\/wp-json\/wp\/v2\/users\/3"}],"replies":[{"embeddable":true,"href":"https:\/\/marmarayerelhizmet.com\/index.php\/wp-json\/wp\/v2\/comments?post=17473"}],"version-history":[{"count":0,"href":"https:\/\/marmarayerelhizmet.com\/index.php\/wp-json\/wp\/v2\/posts\/17473\/revisions"}],"wp:featuredmedia":[{"embeddable":true,"href":"https:\/\/marmarayerelhizmet.com\/index.php\/wp-json\/wp\/v2\/media\/17474"}],"wp:attachment":[{"href":"https:\/\/marmarayerelhizmet.com\/index.php\/wp-json\/wp\/v2\/media?parent=17473"}],"wp:term":[{"taxonomy":"category","embeddable":true,"href":"https:\/\/marmarayerelhizmet.com\/index.php\/wp-json\/wp\/v2\/categories?post=17473"},{"taxonomy":"post_tag","embeddable":true,"href":"https:\/\/marmarayerelhizmet.com\/index.php\/wp-json\/wp\/v2\/tags?post=17473"}],"curies":[{"name":"wp","href":"https:\/\/api.w.org\/{rel}","templated":true}]}}