{"id":17458,"date":"2023-11-04T20:51:58","date_gmt":"2023-11-04T17:51:58","guid":{"rendered":"https:\/\/marmarayerelhizmet.com\/?p=17458"},"modified":"2023-11-04T20:51:58","modified_gmt":"2023-11-04T17:51:58","slug":"musabakalara-balikesir-ev-sahipligi-yapiyor","status":"publish","type":"post","link":"https:\/\/marmarayerelhizmet.com\/index.php\/2023\/11\/04\/musabakalara-balikesir-ev-sahipligi-yapiyor\/","title":{"rendered":"M\u00fcsabakalara Bal\u0131kesir Ev Sahipli\u011fi Yap\u0131yor"},"content":{"rendered":"<p><strong><span style=\"font-family: arial, helvetica, sans-serif; font-size: 14px;\">Karate Milli Tak\u0131m\u0131na se\u00e7ilmek i\u00e7in gen\u00e7 sporcular Tatami minderine \u00e7\u0131kt\u0131. M\u00fcsabakalara Bal\u0131kesir ev sahipli\u011fi yap\u0131yor.<br \/>\n<\/span><\/strong><br \/>\n<span style=\"font-family: arial, helvetica, sans-serif; font-size: 14px;\">Bal\u0131kesir \u015eehit Turgut Solak Spor Salonu&#8217;nda d\u00fczenlenen, T\u00fcrkiye \u00dcmit Gen\u00e7 ve U21 Karate \u015eampiyonas\u0131 ve Avrupa \u015eampiyonas\u0131 Milli Tak\u0131m Se\u00e7meleri a\u00e7\u0131l\u0131\u015f seremonisi ger\u00e7ekle\u015ftirildi.<\/span><br \/>\n<span style=\"font-family: arial, helvetica, sans-serif; font-size: 14px;\">A\u00e7\u0131l\u0131\u015f t\u00f6reninde konu\u015fan Vali \u0130smail Ustao\u011flu, \u201dBal\u0131kesir&#8217;imiz, sporuyla, kadim ge\u00e7mi\u015fiyle, tarihiyle, k\u00fclt\u00fcrel miras\u0131yla en \u00f6nemli \u015fehirlerden bir tanesi. Bug\u00fcn Bal\u0131kesir\u2019de \u00fclkemizin 55 farkl\u0131 ilinden bin 800\u2019\u00fcn \u00fczerinde sporcumuzu ve ailelerini a\u011f\u0131rlamaktan gurur duyuyoruz. \u0130nan\u0131yoruz ki gen\u00e7lerimiz bu t\u00fcr organizasyonlarda oldu\u011fu gibi, Uluslararas\u0131 \u015eampiyonalarda, D\u00fcnya \u015eampiyonalar\u0131nda \u00fclkemizi ba\u015far\u0131yla temsil edecek \u0130stiklal Mar\u015f\u0131m\u0131z\u0131n t\u00fcm d\u00fcnyan\u0131n dinlemesine vesile olacak ve bayra\u011f\u0131m\u0131z\u0131 gururla dalgaland\u0131racak. Karate T\u00fcrkiye \u015eampiyonas\u0131nda, \u00fclkemizin en ba\u015far\u0131l\u0131 spor dallar\u0131ndan biri olan karatede ku\u015fak ba\u011flayan sporcular\u0131m\u0131za ba\u015far\u0131lar diliyorum. Bu organizasyonda eme\u011fi ge\u00e7enlere te\u015fekk\u00fcr ediyorum. \u201c dedi.<\/span><br \/>\n<span style=\"font-family: arial, helvetica, sans-serif; font-size: 14px;\">T\u00fcrkiye Karate Federasyonu Ba\u015fkan\u0131 Aslan Abid U\u011fuz; \u201dBal\u0131kesir\u2019de daha \u00f6nce ger\u00e7ekle\u015ftirdi\u011fimiz \u015fampiyonada duydu\u011fumuz memnuniyeti bu y\u0131lda ayn\u0131 \u015fekilde duyuyoruz. Bug\u00fcn burada bin 800 sporcumuz yar\u0131\u015f\u0131yor ve ben hepsinin heyecan\u0131n\u0131 ya\u015f\u0131yor onlarla gurur duyuyorum. Sporcular\u0131m\u0131z T\u00fcrkiye \u015eampiyonas\u0131 ve ayn\u0131 zamanda Avrupa \u015eampiyonas\u0131 Milli Tak\u0131m Se\u00e7meleri i\u00e7in m\u00fccadele veriyor. Her bir sporcumuzu milli tak\u0131mda g\u00f6rmek istiyoruz. Bir\u00e7ok uluslararas\u0131 \u015fampiyonada oldu\u011fu gibi sporcular\u0131m\u0131z\u0131n sonuna kadar m\u00fccadele ederek g\u00fczel sonu\u00e7larla \u00fclkemizi en iyi \u015fekilde temsil edeceklerine inan\u0131yoruz. Bizleri evimizde hissettiren Bal\u0131kesir\u2019e ve organizasyonda eme\u011fi ge\u00e7en herkese te\u015fekk\u00fcr ediyorum\u201d dedi.<\/span><br \/>\n<span style=\"font-family: arial, helvetica, sans-serif; font-size: 14px;\">Bal\u0131kesir Gen\u00e7lik ve Spor \u0130l M\u00fcd\u00fcr\u00fc Adem \u00d6zalp, \u201cCumhuriyetimizin 100. Y\u0131l\u0131n\u0131 kutlad\u0131\u011f\u0131m\u0131z \u201cT\u00fcrkiye Y\u00fczy\u0131l\u0131nda\u201d 55 farkl\u0131 ilden yakla\u015f\u0131k bin 800 kat\u0131l\u0131mc\u0131y\u0131 a\u011f\u0131rlad\u0131\u011f\u0131m\u0131z Karate Federasyonunun ulusal d\u00fczeydeki bu en b\u00fcy\u00fck organizasyonuna, Bal\u0131kesir olarak ev sahipli\u011fi yapmaktan gurur ve mutluluk duydu\u011fumuzu belirtirken, T\u00fcrkiye Karate Federasyonu Ba\u015fkan\u0131m\u0131za ve ekibine de organizasyon i\u00e7in Bal\u0131kesir&#8217;imizi tercihlerinden dolay\u0131 te\u015fekk\u00fcr ediyorum.<\/span><br \/>\n<span style=\"font-family: arial, helvetica, sans-serif; font-size: 14px;\">Spor organizasyonlar\u0131n\u0131n sadece sahada, tesislerimizde yap\u0131lan faaliyetler ile s\u0131n\u0131rl\u0131 olmad\u0131\u011f\u0131; d\u00fczenlendi\u011fi \u00fclkeye, kente kazand\u0131rd\u0131\u011f\u0131 spor k\u00fclt\u00fcr\u00fcn\u00fcn yan\u0131 s\u0131ra sa\u011flad\u0131\u011f\u0131 katma de\u011ferlerle de an\u0131ld\u0131\u011f\u0131 bir d\u00f6nemde, bu kadar fazla say\u0131da spor organizasyonunun isminin Bal\u0131kesir&#8217;imizle birlikte an\u0131lmas\u0131na katk\u0131 sa\u011flayan ba\u015fta Say\u0131n Valimiz \u0130smail Ustao\u011flu\u2019na ve Valili\u011fimize, \u00e7al\u0131\u015fma arkada\u015flar\u0131ma ve di\u011fer t\u00fcm payda\u015f kurumlara \u015fahs\u0131m ve kurumum ad\u0131na te\u015fekk\u00fcr ediyor, t\u00fcm kat\u0131l\u0131mc\u0131lara, sporculara ba\u015far\u0131lar diliyorum\u201d dedi.<\/span><\/p>\n","protected":false},"excerpt":{"rendered":"<p>Karate Milli Tak\u0131m\u0131na se\u00e7ilmek i\u00e7in gen\u00e7 sporcular Tatami minderine \u00e7\u0131kt\u0131. M\u00fcsabakalara Bal\u0131kesir ev sahipli\u011fi yap\u0131yor. Bal\u0131kesir \u015eehit Turgut Solak Spor<\/p>\n","protected":false},"author":3,"featured_media":17459,"comment_status":"open","ping_status":"open","sticky":false,"template":"","format":"standard","meta":{"colormag_page_container_layout":"default_layout","colormag_page_sidebar_layout":"default_layout","footnotes":""},"categories":[1,5,9],"tags":[],"class_list":["post-17458","post","type-post","status-publish","format-standard","has-post-thumbnail","hentry","category-genel","category-gundem","category-spor"],"_links":{"self":[{"href":"https:\/\/marmarayerelhizmet.com\/index.php\/wp-json\/wp\/v2\/posts\/17458","targetHints":{"allow":["GET"]}}],"collection":[{"href":"https:\/\/marmarayerelhizmet.com\/index.php\/wp-json\/wp\/v2\/posts"}],"about":[{"href":"https:\/\/marmarayerelhizmet.com\/index.php\/wp-json\/wp\/v2\/types\/post"}],"author":[{"embeddable":true,"href":"https:\/\/marmarayerelhizmet.com\/index.php\/wp-json\/wp\/v2\/users\/3"}],"replies":[{"embeddable":true,"href":"https:\/\/marmarayerelhizmet.com\/index.php\/wp-json\/wp\/v2\/comments?post=17458"}],"version-history":[{"count":0,"href":"https:\/\/marmarayerelhizmet.com\/index.php\/wp-json\/wp\/v2\/posts\/17458\/revisions"}],"wp:featuredmedia":[{"embeddable":true,"href":"https:\/\/marmarayerelhizmet.com\/index.php\/wp-json\/wp\/v2\/media\/17459"}],"wp:attachment":[{"href":"https:\/\/marmarayerelhizmet.com\/index.php\/wp-json\/wp\/v2\/media?parent=17458"}],"wp:term":[{"taxonomy":"category","embeddable":true,"href":"https:\/\/marmarayerelhizmet.com\/index.php\/wp-json\/wp\/v2\/categories?post=17458"},{"taxonomy":"post_tag","embeddable":true,"href":"https:\/\/marmarayerelhizmet.com\/index.php\/wp-json\/wp\/v2\/tags?post=17458"}],"curies":[{"name":"wp","href":"https:\/\/api.w.org\/{rel}","templated":true}]}}