{"id":17452,"date":"2023-11-04T20:47:20","date_gmt":"2023-11-04T17:47:20","guid":{"rendered":"https:\/\/marmarayerelhizmet.com\/?p=17452"},"modified":"2023-11-04T20:47:20","modified_gmt":"2023-11-04T17:47:20","slug":"esenler-belediyesi-istanbul-fuarinda","status":"publish","type":"post","link":"https:\/\/marmarayerelhizmet.com\/index.php\/2023\/11\/04\/esenler-belediyesi-istanbul-fuarinda\/","title":{"rendered":"Esenler Belediyesi \u0130stanbul Fuar\u0131nda"},"content":{"rendered":"<p><strong><span style=\"font-family: arial, helvetica, sans-serif; font-size: 14px;\">T\u00fcm yay\u0131nlar\u0131yla 40. Uluslararas\u0131 \u0130stanbul Kitap Fuar\u0131na kat\u0131lan Esenler Belediyesi, &#8220;\u0130stanbul&#8217;un M\u00fczik K\u00fclt\u00fcr\u00fc&#8221; ba\u015fl\u0131kl\u0131 panel kapsam\u0131nda kitapseverlerle bir araya geldi.<br \/>\n<\/span><\/strong><br \/>\n<span style=\"font-family: arial, helvetica, sans-serif; font-size: 14px;\">40. Uluslararas\u0131 \u0130stanbul Kitap Fuar\u0131&#8217;na k\u00fclt\u00fcr yay\u0131nlar\u0131n\u0131n yer ald\u0131\u011f\u0131 stantla kat\u0131lan Esenler Belediyesi, \u0130stanbul&#8217;un M\u00fczik K\u00fclt\u00fcr\u00fc ba\u015fl\u0131kl\u0131 panele ev sahipli\u011fi yapt\u0131. Esenler Belediyesi taraf\u0131ndan yay\u0131n hayat\u0131na kazand\u0131r\u0131lan &#8220;M\u00fczik \u0130stanbul&#8221; eserindeki makaleleri kaleme alan Prof. Dr. Okan Murat \u00d6zt\u00fcrk, Prof. Dr. U\u011fur Zeynep G\u00fcven \u00c7etin, H\u00fcseyin Irmak\u2019\u0131n konu\u015fmac\u0131 olarak kat\u0131ld\u0131\u011f\u0131 panelde \u0130stanbul&#8217;un m\u00fczik k\u00fclt\u00fcr\u00fc hakk\u0131nda kat\u0131l\u0131mc\u0131lar\u0131 bilgilendirdi.<br \/>\n<\/span><br \/>\n<strong><span style=\"font-family: arial, helvetica, sans-serif; font-size: 14px;\">\u201c\u0130stanbul ile ilgili olarak \u00e7ok de\u011ferli bir eser ortaya koydu\u011fumuza inan\u0131yorum\u201d<\/span><\/strong><br \/>\n<span style=\"font-family: arial, helvetica, sans-serif; font-size: 14px;\">Program hakk\u0131nda konu\u015fan M\u00fczik \u0130stanbul eserini haz\u0131rlayan ses ve tambur sanat\u00e7\u0131s\u0131 Hakan Dedeler, \u201cBug\u00fcn M\u00fczik \u0130stanbul kitab\u0131m\u0131z ile ilgili olarak \u0130stanbul\u2019un m\u00fczik k\u00fclt\u00fcr\u00fcn\u00fc de\u011ferli yazarlar\u0131m\u0131zla konu\u015ftuk. Bug\u00fcnk\u00fc panelimizin kat\u0131l\u0131mc\u0131lar\u0131, Prof. Dr. Okan Murat \u00d6zt\u00fcrk, Prof. Dr. U\u011fur Zeynep G\u00fcven \u00c7etin ve Ara\u015ft\u0131rmac\u0131 Yazar H\u00fcseyin Irmak konuk oldular. Hem kent ve m\u00fczik ili\u015fkisini konu\u015ftuk hem de bu ba\u011flamda \u0130stanbul\u2019un m\u00fczik k\u00fclt\u00fcr\u00fcn\u00fc konu\u015ftuk. \u00c7ok g\u00fczel bilgiler verdi hocalar\u0131m\u0131. Kendilerine \u00e7ok te\u015fekk\u00fcr ediyorum. M\u00fczik \u0130stanbul kitab\u0131 Esenler Belediyesi taraf\u0131ndan yay\u0131nland\u0131. M\u00fczik \u0130stanbul kitab\u0131 35 makaleden olu\u015fuyor, \u00e7ok de\u011ferli profes\u00f6rler, do\u00e7entler, \u00e7ok de\u011ferli ara\u015ft\u0131rmac\u0131 yazarlar, sanatkarlar makalelere imza att\u0131. \u0130stanbul ile ilgili olarak \u00e7ok de\u011ferli bir eser ortaya koydu\u011fumuza inan\u0131yorum. \u0130stanbul severlere ve m\u00fczik severlere M\u00fczik \u0130stanbul kitab\u0131n\u0131 tavsiye ediyorum. Desteklerinden dolay\u0131 Esenler Belediyesi Ba\u015fkan\u0131 Mehmet Tevfik G\u00f6ksu\u2019ya te\u015fekk\u00fcr ediyorum&#8221; dedi.<\/span><\/p>\n","protected":false},"excerpt":{"rendered":"<p>T\u00fcm yay\u0131nlar\u0131yla 40. Uluslararas\u0131 \u0130stanbul Kitap Fuar\u0131na kat\u0131lan Esenler Belediyesi, &#8220;\u0130stanbul&#8217;un M\u00fczik K\u00fclt\u00fcr\u00fc&#8221; ba\u015fl\u0131kl\u0131 panel kapsam\u0131nda kitapseverlerle bir araya geldi.<\/p>\n","protected":false},"author":3,"featured_media":17453,"comment_status":"open","ping_status":"open","sticky":false,"template":"","format":"standard","meta":{"colormag_page_container_layout":"default_layout","colormag_page_sidebar_layout":"default_layout","footnotes":""},"categories":[1,5,6,8],"tags":[],"class_list":["post-17452","post","type-post","status-publish","format-standard","has-post-thumbnail","hentry","category-genel","category-gundem","category-kultur-sanat","category-siyaset"],"_links":{"self":[{"href":"https:\/\/marmarayerelhizmet.com\/index.php\/wp-json\/wp\/v2\/posts\/17452","targetHints":{"allow":["GET"]}}],"collection":[{"href":"https:\/\/marmarayerelhizmet.com\/index.php\/wp-json\/wp\/v2\/posts"}],"about":[{"href":"https:\/\/marmarayerelhizmet.com\/index.php\/wp-json\/wp\/v2\/types\/post"}],"author":[{"embeddable":true,"href":"https:\/\/marmarayerelhizmet.com\/index.php\/wp-json\/wp\/v2\/users\/3"}],"replies":[{"embeddable":true,"href":"https:\/\/marmarayerelhizmet.com\/index.php\/wp-json\/wp\/v2\/comments?post=17452"}],"version-history":[{"count":0,"href":"https:\/\/marmarayerelhizmet.com\/index.php\/wp-json\/wp\/v2\/posts\/17452\/revisions"}],"wp:featuredmedia":[{"embeddable":true,"href":"https:\/\/marmarayerelhizmet.com\/index.php\/wp-json\/wp\/v2\/media\/17453"}],"wp:attachment":[{"href":"https:\/\/marmarayerelhizmet.com\/index.php\/wp-json\/wp\/v2\/media?parent=17452"}],"wp:term":[{"taxonomy":"category","embeddable":true,"href":"https:\/\/marmarayerelhizmet.com\/index.php\/wp-json\/wp\/v2\/categories?post=17452"},{"taxonomy":"post_tag","embeddable":true,"href":"https:\/\/marmarayerelhizmet.com\/index.php\/wp-json\/wp\/v2\/tags?post=17452"}],"curies":[{"name":"wp","href":"https:\/\/api.w.org\/{rel}","templated":true}]}}