{"id":17449,"date":"2023-11-04T10:27:16","date_gmt":"2023-11-04T07:27:16","guid":{"rendered":"https:\/\/marmarayerelhizmet.com\/?p=17449"},"modified":"2023-11-04T12:29:13","modified_gmt":"2023-11-04T09:29:13","slug":"kodlama-haftasi-etkinlikleri","status":"publish","type":"post","link":"https:\/\/marmarayerelhizmet.com\/index.php\/2023\/11\/04\/kodlama-haftasi-etkinlikleri\/","title":{"rendered":"Kodlama Haftas\u0131 Etkinlikleri"},"content":{"rendered":"<p><strong><span style=\"font-family: arial, helvetica, sans-serif; font-size: 14px;\">Bal\u0131kesir \u0130l Mill\u00ee E\u011fitim M\u00fcd\u00fcrl\u00fc\u011f\u00fc koordinesinde ger\u00e7ekle\u015fen Kodlama Haftas\u0131 Kutlamalar\u0131, \u00f6\u011fretmen ve \u00f6\u011frencilerin yo\u011fun kat\u0131l\u0131m\u0131yla devam ediyor.<br \/>\n<\/span><\/strong><br \/>\n<span style=\"font-family: arial, helvetica, sans-serif; font-size: 14px;\">\u00c7ocuklar\u0131n kodlama becerisini desteklemek i\u00e7in Avrupa \u00e7ap\u0131nda Avrupa Okul A\u011f\u0131 taraf\u0131ndan y\u00fcr\u00fct\u00fclen Code Week- Kod Haftas\u0131 etkinli\u011fi, T\u00fcrkiye d\u00e2hil 70&#8217;in \u00fczerinde \u00fclkede aktif olarak uygulanmakta. Bal\u0131kesir genelinde 157 farkl\u0131 etkinlik ger\u00e7ekle\u015ftiren \u0130l Milli E\u011fitim M\u00fcd\u00fcrl\u00fc\u011f\u00fc, en \u00e7ok etkinlik d\u00fczenleyen iller aras\u0131nda yer ald\u0131.<\/span><br \/>\n<span style=\"font-family: arial, helvetica, sans-serif; font-size: 14px;\">E\u011fitimde yenilik\u00e7i uygulamalar\u0131 destekleyen ve kodlama e\u011fitiminin \u00f6nemine inanan \u00f6\u011fretmenlerin rehberli\u011finde ger\u00e7ekle\u015ftirilen faaliyetlere; okul \u00f6ncesi, ilk\u00f6\u011fretim ve orta\u00f6\u011fretim olmak \u00fczere her kademeden \u00f6\u011frenciler yer al\u0131yor. Y\u00fcz y\u00fcze ve \u00e7evrim i\u00e7i d\u00fczenlenen etkinliklere, robot teknolojiler, 3D Yaz\u0131c\u0131, Yapay Zeka, Art\u0131r\u0131lm\u0131\u015f ger\u00e7eklik gibi birbirinden farkl\u0131 19 tema yer al\u0131yor. Bu sayede \u00f6\u011frenciler kodlama ile tan\u0131\u015f\u0131yor ve kodlama becerilerini geli\u015ftiriyor.<\/span><br \/>\n<span style=\"font-family: arial, helvetica, sans-serif; font-size: 14px;\">Farkl\u0131 bran\u015flardan \u00f6\u011fretmenlerinde kat\u0131labildi\u011fi etkinliklerde, her ya\u015f grubundan \u00f6\u011frenci i\u00e7in bir\u00e7ok etkinlik yap\u0131l\u0131rken, Bal\u0131kesir genelindeki 2023 y\u0131l\u0131n\u0131n temas\u0131 &#8220;Cumhuriyetimizin 100. Y\u0131l\u0131nda Kodlayal\u0131m&#8221; olarak belirlendi. \u0130l genelinde ger\u00e7ekle\u015ftirilen etkinliklerde \u201cbalikesirmem\u201d m\u00fckemmeliyet\u00e7ilik koduyla 157 etkinlik ger\u00e7ekle\u015ftirilirken, kodlama ile \u00f6\u011frenciler i\u00e7in analitik d\u00fc\u015f\u00fcnme, sistematik d\u00fc\u015f\u00fcnebilme ve problem \u00e7\u00f6zme gibi bir\u00e7ok beceriyi \u00f6\u011frencilerle bulu\u015fturuyor.<\/span><br \/>\n<span style=\"font-family: arial, helvetica, sans-serif; font-size: 14px;\">\u00d6\u011frencilerinin kodlama becerilerini geli\u015ftirmek, fark\u0131ndal\u0131\u011f\u0131 art\u0131rmak, birlikte \u00e7al\u0131\u015fmay\u0131 te\u015fvik etmek ve kodlama k\u00fclt\u00fcr\u00fcn\u00fc yayg\u0131nla\u015ft\u0131rmak amac\u0131yla etkinlik \u00fcreten \u00f6\u011fretmenlerimiz, sadece kendi okullar\u0131 ve \u00f6\u011frencileriyle de\u011fil; Kod Haftas\u0131&#8217;na d\u00e2hil olan her kat\u0131l\u0131mc\u0131yla etkinlik geli\u015ftirerek hem T\u00fcrkiye genelinde hem de Avrupa ba\u015fta olmak \u00fczere yurt d\u0131\u015f\u0131ndaki kat\u0131l\u0131mc\u0131larla da etkile\u015fim kurabiliyor.<\/span><\/p>\n","protected":false},"excerpt":{"rendered":"<p>Bal\u0131kesir \u0130l Mill\u00ee E\u011fitim M\u00fcd\u00fcrl\u00fc\u011f\u00fc koordinesinde ger\u00e7ekle\u015fen Kodlama Haftas\u0131 Kutlamalar\u0131, \u00f6\u011fretmen ve \u00f6\u011frencilerin yo\u011fun kat\u0131l\u0131m\u0131yla devam ediyor. \u00c7ocuklar\u0131n kodlama becerisini<\/p>\n","protected":false},"author":3,"featured_media":17450,"comment_status":"open","ping_status":"open","sticky":false,"template":"","format":"standard","meta":{"colormag_page_container_layout":"default_layout","colormag_page_sidebar_layout":"default_layout","footnotes":""},"categories":[1,45,5],"tags":[],"class_list":["post-17449","post","type-post","status-publish","format-standard","has-post-thumbnail","hentry","category-genel","category-egitim","category-gundem"],"_links":{"self":[{"href":"https:\/\/marmarayerelhizmet.com\/index.php\/wp-json\/wp\/v2\/posts\/17449","targetHints":{"allow":["GET"]}}],"collection":[{"href":"https:\/\/marmarayerelhizmet.com\/index.php\/wp-json\/wp\/v2\/posts"}],"about":[{"href":"https:\/\/marmarayerelhizmet.com\/index.php\/wp-json\/wp\/v2\/types\/post"}],"author":[{"embeddable":true,"href":"https:\/\/marmarayerelhizmet.com\/index.php\/wp-json\/wp\/v2\/users\/3"}],"replies":[{"embeddable":true,"href":"https:\/\/marmarayerelhizmet.com\/index.php\/wp-json\/wp\/v2\/comments?post=17449"}],"version-history":[{"count":0,"href":"https:\/\/marmarayerelhizmet.com\/index.php\/wp-json\/wp\/v2\/posts\/17449\/revisions"}],"wp:featuredmedia":[{"embeddable":true,"href":"https:\/\/marmarayerelhizmet.com\/index.php\/wp-json\/wp\/v2\/media\/17450"}],"wp:attachment":[{"href":"https:\/\/marmarayerelhizmet.com\/index.php\/wp-json\/wp\/v2\/media?parent=17449"}],"wp:term":[{"taxonomy":"category","embeddable":true,"href":"https:\/\/marmarayerelhizmet.com\/index.php\/wp-json\/wp\/v2\/categories?post=17449"},{"taxonomy":"post_tag","embeddable":true,"href":"https:\/\/marmarayerelhizmet.com\/index.php\/wp-json\/wp\/v2\/tags?post=17449"}],"curies":[{"name":"wp","href":"https:\/\/api.w.org\/{rel}","templated":true}]}}