{"id":17309,"date":"2023-10-31T14:18:10","date_gmt":"2023-10-31T11:18:10","guid":{"rendered":"https:\/\/marmarayerelhizmet.com\/?p=17309"},"modified":"2023-10-31T14:18:10","modified_gmt":"2023-10-31T11:18:10","slug":"insani-lojistik-depomuz-bombalandi","status":"publish","type":"post","link":"https:\/\/marmarayerelhizmet.com\/index.php\/2023\/10\/31\/insani-lojistik-depomuz-bombalandi\/","title":{"rendered":"&#8216;\u0130nsani Lojistik Depomuz Bombaland\u0131&#8217;"},"content":{"rendered":"<p><span style=\"font-size: 14px;\"><strong><span style=\"font-family: arial, helvetica, sans-serif;\">T\u00fcrk K\u0131z\u0131lay Derne\u011fi Genel Ba\u015fkan\u0131 Fatma Meri\u00e7 Y\u0131lmaz, \u201cFilistin K\u0131z\u0131lay\u2019\u0131na yard\u0131m ederek d\u00f6rt senede in\u015fa etti\u011fimiz insani lojistik deposu olarak kullan\u0131lan depo bombaland\u0131 ve ciddi hasar g\u00f6rd\u00fc\u201d dedi.<br \/>\n<\/span><\/strong><\/span><br \/>\n<span style=\"font-family: arial, helvetica, sans-serif; font-size: 14px;\">K\u0131z\u0131lay\u2019\u0131n Ankara\u2019n\u0131n Etimesgut Yerle\u015fkesinde, 29 Ekim ile 4 Kas\u0131m tarihleri aras\u0131n\u0131 kapsayan K\u0131z\u0131lay Haftas\u0131 kutland\u0131. K\u0131z\u0131lay\u2019\u0131n faaliyetlerinin uygulamalar\u0131 olarak \u00e7ocuklara g\u00f6sterildi\u011fi etkinlikte, kan ba\u011f\u0131\u015f\u0131, afet ve afetle m\u00fccadele, yard\u0131m kolileri haz\u0131rlama, ilk yard\u0131m m\u00fcdahaleleri gibi hususlarda e\u011fitimler verildi. Binlerce ilk ve ortaokul \u00f6\u011frencisinin kat\u0131ld\u0131\u011f\u0131 etkinlikte, K\u0131z\u0131lay ba\u015fkan\u0131 Y\u0131lmaz ise g\u00fcndeme ili\u015fkin sorular\u0131 yan\u0131tlad\u0131.<\/span><br \/>\n<span style=\"font-family: arial, helvetica, sans-serif; font-size: 14px;\">Y\u0131lmaz, burada yapt\u0131\u011f\u0131 konu\u015fmada, ge\u00e7en hafta Afet ve Acil Durum Y\u00f6netimi Ba\u015fkanl\u0131\u011f\u0131 (AFAD) Ba\u015fkan\u0131 ile M\u0131s\u0131r\u2019da bir dizi temaslarda bulundu\u011funu s\u00f6yledi.<\/span><\/p>\n<p><strong><span style=\"font-family: arial, helvetica, sans-serif; font-size: 14px;\">\u201cRefah Kap\u0131s\u0131ndan g\u00fcnde minimum 100 insani t\u0131r ge\u00e7meli\u201d<\/span><\/strong><br \/>\n<span style=\"font-family: arial, helvetica, sans-serif; font-size: 14px;\">G\u00f6r\u00fc\u015fmelerin sonucunda herkesin Gazze\u2019ye yard\u0131ma g\u00f6t\u00fcrme noktas\u0131nda hem fikir oldu\u011fu belirten Y\u0131lmaz, \u201cRefah kap\u0131s\u0131ndan giren t\u0131r say\u0131s\u0131 g\u00fcnde en fazla 20\u2019yi buluyor. G\u00fcnde 8 ile 20 aras\u0131 ki bu olay ya\u015fanmadan \u00f6nce normalde ticari t\u0131rlarla beraber sayd\u0131\u011f\u0131m\u0131zda 400, insani malzemeler a\u00e7\u0131s\u0131ndan 100 t\u0131r\u0131n minimum gerekli oldu\u011funu bizler biliyoruz\u201d diye konu\u015ftu.<\/span><\/p>\n<p><strong><span style=\"font-family: arial, helvetica, sans-serif; font-size: 14px;\">\u201c\u0130n\u015fa etti\u011fimiz insani lojistik deposu bombaland\u0131\u201d<\/span><\/strong><br \/>\n<span style=\"font-family: arial, helvetica, sans-serif; font-size: 14px;\">Filistin K\u0131z\u0131lay\u2019\u0131 ile temasta olduklar\u0131n\u0131 dile getiren Y\u0131lmaz, insani koridorun yeterli b\u00fcy\u00fckl\u00fckte olmas\u0131 gerekti\u011fine dikkati \u00e7ekerek, \u201cDamla damla g\u00f6nderilen yard\u0131mlar\u0131n oraya yeterli gelmedi\u011fini biliyoruz. \u0130nsani yard\u0131m alanlar\u0131n\u0131n bombalanmamas\u0131 ki biliyorsunuz daha ge\u00e7en g\u00fcn Filistin K\u0131z\u0131lay\u2019\u0131na yard\u0131m ederek d\u00f6rt senede in\u015fa etti\u011fimiz insani lojistik deposu olarak kullan\u0131lan depo bombaland\u0131 ve ciddi hasar g\u00f6rd\u00fc\u201d ifadelerine yer verdi.<\/span><br \/>\n<span style=\"font-family: arial, helvetica, sans-serif; font-size: 14px;\">\u00d6te yandan Y\u0131lmaz, Birle\u015fmi\u015f Milletler (BM) g\u00fcvenlik konseyi daimi \u00fcyelerine de bir mektup yazd\u0131\u011f\u0131n\u0131 anlatt\u0131. Mektupta insani hukukun ve insan onurunun korunmas\u0131nda tarihi bir y\u00fck\u00fcn omuzlar\u0131nda oldu\u011funu vurgulayan Y\u0131lmaz, sivillerin \u00f6ld\u00fcr\u00fclmemesi noktas\u0131nda bir karar al\u0131nmas\u0131 gerekti\u011fini aktard\u0131. Y\u0131lmaz, b\u00fct\u00fcn d\u00fcnyay\u0131 tek ses olmaya \u00e7a\u011f\u0131rd\u0131klar\u0131n\u0131 belirterek, s\u00f6z konusu bombard\u0131manlar\u0131n durdurulmas\u0131 konusunda da \u00e7a\u011fr\u0131 yapt\u0131.<\/span><\/p>\n","protected":false},"excerpt":{"rendered":"<p>T\u00fcrk K\u0131z\u0131lay Derne\u011fi Genel Ba\u015fkan\u0131 Fatma Meri\u00e7 Y\u0131lmaz, \u201cFilistin K\u0131z\u0131lay\u2019\u0131na yard\u0131m ederek d\u00f6rt senede in\u015fa etti\u011fimiz insani lojistik deposu olarak<\/p>\n","protected":false},"author":3,"featured_media":17310,"comment_status":"open","ping_status":"open","sticky":false,"template":"","format":"standard","meta":{"colormag_page_container_layout":"default_layout","colormag_page_sidebar_layout":"default_layout","footnotes":""},"categories":[1,5],"tags":[],"class_list":["post-17309","post","type-post","status-publish","format-standard","has-post-thumbnail","hentry","category-genel","category-gundem"],"_links":{"self":[{"href":"https:\/\/marmarayerelhizmet.com\/index.php\/wp-json\/wp\/v2\/posts\/17309","targetHints":{"allow":["GET"]}}],"collection":[{"href":"https:\/\/marmarayerelhizmet.com\/index.php\/wp-json\/wp\/v2\/posts"}],"about":[{"href":"https:\/\/marmarayerelhizmet.com\/index.php\/wp-json\/wp\/v2\/types\/post"}],"author":[{"embeddable":true,"href":"https:\/\/marmarayerelhizmet.com\/index.php\/wp-json\/wp\/v2\/users\/3"}],"replies":[{"embeddable":true,"href":"https:\/\/marmarayerelhizmet.com\/index.php\/wp-json\/wp\/v2\/comments?post=17309"}],"version-history":[{"count":0,"href":"https:\/\/marmarayerelhizmet.com\/index.php\/wp-json\/wp\/v2\/posts\/17309\/revisions"}],"wp:featuredmedia":[{"embeddable":true,"href":"https:\/\/marmarayerelhizmet.com\/index.php\/wp-json\/wp\/v2\/media\/17310"}],"wp:attachment":[{"href":"https:\/\/marmarayerelhizmet.com\/index.php\/wp-json\/wp\/v2\/media?parent=17309"}],"wp:term":[{"taxonomy":"category","embeddable":true,"href":"https:\/\/marmarayerelhizmet.com\/index.php\/wp-json\/wp\/v2\/categories?post=17309"},{"taxonomy":"post_tag","embeddable":true,"href":"https:\/\/marmarayerelhizmet.com\/index.php\/wp-json\/wp\/v2\/tags?post=17309"}],"curies":[{"name":"wp","href":"https:\/\/api.w.org\/{rel}","templated":true}]}}