{"id":17302,"date":"2023-10-31T12:38:13","date_gmt":"2023-10-31T09:38:13","guid":{"rendered":"https:\/\/marmarayerelhizmet.com\/?p=17302"},"modified":"2023-10-31T12:38:13","modified_gmt":"2023-10-31T09:38:13","slug":"isbirligi-protokolu-imzalandi","status":"publish","type":"post","link":"https:\/\/marmarayerelhizmet.com\/index.php\/2023\/10\/31\/isbirligi-protokolu-imzalandi\/","title":{"rendered":"\u0130\u015fbirli\u011fi Protokol\u00fc \u0130mzaland\u0131"},"content":{"rendered":"<p><strong><span style=\"font-family: arial, helvetica, sans-serif; font-size: 14px;\">Edremit Belediyesi, kendi bah\u00e7elerinden hasat edilen zeytinleri Bal\u0131kesir \u00dcniversitesi Edremit Meslek Y\u00fcksekokulu Zeytincilik ve Zeytin \u0130\u015fleme Teknolojisi B\u00f6l\u00fcm\u00fc&#8217;ne ait tesiste s\u0131karak zeytinya\u011f\u0131 elde edecek.<br \/>\n<\/span><\/strong><br \/>\n<span style=\"font-family: arial, helvetica, sans-serif; font-size: 14px;\">Bal\u0131kesir \u00dcniversitesi Rekt\u00f6r\u00fc Prof. Dr. Y\u00fccel O\u011furlu ve Belediye Ba\u015fkan\u0131 Selman Hasan Arslan, okulda ger\u00e7ekle\u015ftirilen t\u00f6renle i\u015f birli\u011fi protokol\u00fcn\u00fc imzalad\u0131. \u0130mza t\u00f6reninin sonras\u0131nda \u00fcniversitenin zeytinya\u011f\u0131 s\u0131k\u0131m tesisi kat\u0131l\u0131mc\u0131lar taraf\u0131ndan gezildi.<\/span><br \/>\n<span style=\"font-family: arial, helvetica, sans-serif; font-size: 14px;\">\u0130mza t\u00f6reni sonras\u0131nda belediyeye ait ilk zeytinlerin s\u0131k\u0131m\u0131 ger\u00e7ekle\u015ftirildi. \u00dcniversitede elde edilen zeytinya\u011f\u0131ndan tad\u0131m yap\u0131ld\u0131.<\/span><br \/>\n<span style=\"font-family: arial, helvetica, sans-serif; font-size: 14px;\">Bal\u0131kesir \u00dcniversitesi Rekt\u00f6r\u00fc U\u011furlu, \u201c\u00d6\u011frencilerimiz teoriyi burada \u00f6\u011freniyorlar. Buradaki k\u00fc\u00e7\u00fck \u00e7apl\u0131 da olsa tesislerimizde uygulamay\u0131 g\u00f6r\u00fcyorlar zeytincilikle ilgili. B\u00f6lge i\u00e7in zeytincili\u011fi ne kadar de\u011ferli oldu\u011funu hepimiz biliyoruz. Zeytincik Ara\u015ft\u0131rma Enstit\u00fcm\u00fcz ve Edremit Meslek Y\u00fcksek Okulumuz buraya art\u0131k eskisinden daha fazla de\u011fer vererek. Durumun ciddiyetinin fark\u0131nday\u0131z d\u00fcnya \u00e7ap\u0131nda zeytincili\u011fin geldi\u011fi noktan\u0131n fark\u0131nday\u0131z. Bu konuda bizim \u00f6\u011frencilerimize e\u011fitim anlam\u0131nda da \u00e7ok de\u011ferli olan bir deste\u011fi hammadde deste\u011fini kar\u015f\u0131l\u0131kl\u0131 protokol \u00e7er\u00e7evesinde Edremit Belediyemizden kar\u015f\u0131lam\u0131\u015f olaca\u011f\u0131z.\u201d dedi.<\/span><br \/>\n<span style=\"font-family: arial, helvetica, sans-serif; font-size: 14px;\">Belediye Ba\u015fkan\u0131 Arslan ise \u201cZeytincilik ve ara\u015ft\u0131rma enstit\u00fcm\u00fcz var burada. Zeytincilik ve zeytinya\u011f\u0131 konusunda e\u011fitim veren bir kurumumuz dolay\u0131s\u0131 bunun prati\u011fine ihtiya\u00e7 var. Her zaman \u00f6\u011frencilerin e\u011fitiminde prati\u011fe ihtiya\u00e7 var. Bu y\u0131l da olduk\u00e7a hammadde s\u0131k\u0131nt\u0131s\u0131 \u00e7ekiyor \u00fcniversitemiz, biz de bu konuda bu s\u0131k\u0131nt\u0131y\u0131 gidermek ad\u0131na hammaddeyi temin etmek, onlarda bunu i\u015flemek hem \u00f6\u011frencilerle birlikte prati\u011fini uygulamak ve e\u011fitimini vermek amac\u0131yla b\u00f6yle bir i\u015fbirli\u011fi protokol\u00fc imzalad\u0131k. Son derece hijyenik son derece teknolojik m\u00fckemmel ak\u0131lc\u0131 bilimsel bir \u00fcretim ger\u00e7ekle\u015fiyor. Belli bir miktarda belediyemizin kendi zeytinliklerinden \u00fcretti\u011fimiz zeytinlerden ya\u011f elde etmemizi ve dolay\u0131s\u0131yla bunlar\u0131 dinlendirip sonra filtreleyip paketlenmesini sa\u011flayacaklar. Bu i\u015fbirli\u011fin \u00e7ok g\u00fczel bir i\u015fbirli\u011fi oldu\u011funu d\u00fc\u015f\u00fcn\u00fcyorum hay\u0131rl\u0131 u\u011furlu olsun.\u201ddedi.<\/span><\/p>\n","protected":false},"excerpt":{"rendered":"<p>Edremit Belediyesi, kendi bah\u00e7elerinden hasat edilen zeytinleri Bal\u0131kesir \u00dcniversitesi Edremit Meslek Y\u00fcksekokulu Zeytincilik ve Zeytin \u0130\u015fleme Teknolojisi B\u00f6l\u00fcm\u00fc&#8217;ne ait tesiste<\/p>\n","protected":false},"author":3,"featured_media":17303,"comment_status":"open","ping_status":"open","sticky":false,"template":"","format":"standard","meta":{"colormag_page_container_layout":"default_layout","colormag_page_sidebar_layout":"default_layout","footnotes":""},"categories":[1,45,5,8],"tags":[],"class_list":["post-17302","post","type-post","status-publish","format-standard","has-post-thumbnail","hentry","category-genel","category-egitim","category-gundem","category-siyaset"],"_links":{"self":[{"href":"https:\/\/marmarayerelhizmet.com\/index.php\/wp-json\/wp\/v2\/posts\/17302","targetHints":{"allow":["GET"]}}],"collection":[{"href":"https:\/\/marmarayerelhizmet.com\/index.php\/wp-json\/wp\/v2\/posts"}],"about":[{"href":"https:\/\/marmarayerelhizmet.com\/index.php\/wp-json\/wp\/v2\/types\/post"}],"author":[{"embeddable":true,"href":"https:\/\/marmarayerelhizmet.com\/index.php\/wp-json\/wp\/v2\/users\/3"}],"replies":[{"embeddable":true,"href":"https:\/\/marmarayerelhizmet.com\/index.php\/wp-json\/wp\/v2\/comments?post=17302"}],"version-history":[{"count":0,"href":"https:\/\/marmarayerelhizmet.com\/index.php\/wp-json\/wp\/v2\/posts\/17302\/revisions"}],"wp:featuredmedia":[{"embeddable":true,"href":"https:\/\/marmarayerelhizmet.com\/index.php\/wp-json\/wp\/v2\/media\/17303"}],"wp:attachment":[{"href":"https:\/\/marmarayerelhizmet.com\/index.php\/wp-json\/wp\/v2\/media?parent=17302"}],"wp:term":[{"taxonomy":"category","embeddable":true,"href":"https:\/\/marmarayerelhizmet.com\/index.php\/wp-json\/wp\/v2\/categories?post=17302"},{"taxonomy":"post_tag","embeddable":true,"href":"https:\/\/marmarayerelhizmet.com\/index.php\/wp-json\/wp\/v2\/tags?post=17302"}],"curies":[{"name":"wp","href":"https:\/\/api.w.org\/{rel}","templated":true}]}}