{"id":17290,"date":"2023-10-30T18:27:03","date_gmt":"2023-10-30T15:27:03","guid":{"rendered":"https:\/\/marmarayerelhizmet.com\/?p=17290"},"modified":"2023-10-30T18:27:03","modified_gmt":"2023-10-30T15:27:03","slug":"vali-ustaoglu-manyasta","status":"publish","type":"post","link":"https:\/\/marmarayerelhizmet.com\/index.php\/2023\/10\/30\/vali-ustaoglu-manyasta\/","title":{"rendered":"Vali Ustao\u011flu Manyas&#8217;ta"},"content":{"rendered":"<p><strong><span style=\"font-family: arial, helvetica, sans-serif; font-size: 14px;\">Bal\u0131kesir Valisi \u0130smail Ustao\u011flu, Manyas il\u00e7esinde bir tak\u0131m ziyaret ve a\u00e7\u0131l\u0131\u015flar ger\u00e7ekle\u015ftirdi.<br \/>\n<\/span><\/strong><br \/>\n<span style=\"font-family: arial, helvetica, sans-serif; font-size: 14px;\">Bal\u0131kesir Valisi \u0130smail Ustao\u011flu, Manyas il\u00e7esinde Kaymakam Emre Ye\u015fil taraf\u0131ndan kar\u015f\u0131land\u0131. Bir s\u00fcre Kaymakam Ye\u015fil&#8217;den il\u00e7eyle ilgili bilgilendirme alan Vali Ustao\u011flu, sonras\u0131nda Manyas \u00d6\u011fretmenevinde il\u00e7e \u015fube m\u00fcd\u00fcrleri ile bir toplant\u0131 yapt\u0131. Vali \u0130smail Ustao\u011flu il\u00e7ede s\u00fct \u00fcr\u00fcnleri \u00fcretimi yapan bir i\u015fletmenin te\u015fhir ve sat\u0131\u015f d\u00fckkan\u0131n\u0131n a\u00e7\u0131l\u0131\u015f\u0131n\u0131 yapt\u0131.<\/span><br \/>\n<span style=\"font-family: arial, helvetica, sans-serif; font-size: 14px;\">A\u00e7\u0131l\u0131\u015fta k\u0131sa bir konu\u015fma yapan Vali Ustao\u011flu, &#8220;Cumhuriyetimizin ikinci y\u00fczy\u0131l\u0131na ad\u0131m att\u0131\u011f\u0131m\u0131z bug\u00fcnde in\u015fallah Rabbim memleketimizi, milletimizi payidar eyler, bug\u00fcn de Manyas il\u00e7emizde arkada\u015flar\u0131m\u0131z bahsettiler, il\u00e7emiz i\u00e7in \u00e7ok anlaml\u0131 olan, il\u00e7emizin istihdam\u0131na, \u00fcretimine ciddi katk\u0131s\u0131 olan k\u0131ymetli bir ailemizin b\u00f6yle bir i\u015f yerinin a\u00e7\u0131l\u0131\u015f\u0131ndan bahsettiler. Biz de gidelim, bismillah deyip birlikte kurdeleyi keselim dedik. Ben bu i\u015f yerinin kesinlikle ihracat yapacak durumda olacaklar\u0131na inan\u0131yorum. Tekrar hay\u0131rl\u0131, u\u011furlu olsun&#8221; dedi.<\/span><\/p>\n","protected":false},"excerpt":{"rendered":"<p>Bal\u0131kesir Valisi \u0130smail Ustao\u011flu, Manyas il\u00e7esinde bir tak\u0131m ziyaret ve a\u00e7\u0131l\u0131\u015flar ger\u00e7ekle\u015ftirdi. Bal\u0131kesir Valisi \u0130smail Ustao\u011flu, Manyas il\u00e7esinde Kaymakam Emre<\/p>\n","protected":false},"author":3,"featured_media":17291,"comment_status":"open","ping_status":"open","sticky":false,"template":"","format":"standard","meta":{"colormag_page_container_layout":"default_layout","colormag_page_sidebar_layout":"default_layout","footnotes":""},"categories":[1,5,8],"tags":[],"class_list":["post-17290","post","type-post","status-publish","format-standard","has-post-thumbnail","hentry","category-genel","category-gundem","category-siyaset"],"_links":{"self":[{"href":"https:\/\/marmarayerelhizmet.com\/index.php\/wp-json\/wp\/v2\/posts\/17290","targetHints":{"allow":["GET"]}}],"collection":[{"href":"https:\/\/marmarayerelhizmet.com\/index.php\/wp-json\/wp\/v2\/posts"}],"about":[{"href":"https:\/\/marmarayerelhizmet.com\/index.php\/wp-json\/wp\/v2\/types\/post"}],"author":[{"embeddable":true,"href":"https:\/\/marmarayerelhizmet.com\/index.php\/wp-json\/wp\/v2\/users\/3"}],"replies":[{"embeddable":true,"href":"https:\/\/marmarayerelhizmet.com\/index.php\/wp-json\/wp\/v2\/comments?post=17290"}],"version-history":[{"count":0,"href":"https:\/\/marmarayerelhizmet.com\/index.php\/wp-json\/wp\/v2\/posts\/17290\/revisions"}],"wp:featuredmedia":[{"embeddable":true,"href":"https:\/\/marmarayerelhizmet.com\/index.php\/wp-json\/wp\/v2\/media\/17291"}],"wp:attachment":[{"href":"https:\/\/marmarayerelhizmet.com\/index.php\/wp-json\/wp\/v2\/media?parent=17290"}],"wp:term":[{"taxonomy":"category","embeddable":true,"href":"https:\/\/marmarayerelhizmet.com\/index.php\/wp-json\/wp\/v2\/categories?post=17290"},{"taxonomy":"post_tag","embeddable":true,"href":"https:\/\/marmarayerelhizmet.com\/index.php\/wp-json\/wp\/v2\/tags?post=17290"}],"curies":[{"name":"wp","href":"https:\/\/api.w.org\/{rel}","templated":true}]}}