{"id":17287,"date":"2023-10-30T18:25:23","date_gmt":"2023-10-30T15:25:23","guid":{"rendered":"https:\/\/marmarayerelhizmet.com\/?p=17287"},"modified":"2023-10-30T18:25:23","modified_gmt":"2023-10-30T15:25:23","slug":"baunun-konugu-saffet-sancakli","status":"publish","type":"post","link":"https:\/\/marmarayerelhizmet.com\/index.php\/2023\/10\/30\/baunun-konugu-saffet-sancakli\/","title":{"rendered":"BA\u00dcN&#8217;\u00fcn Konu\u011fu Saffet Sancakl\u0131"},"content":{"rendered":"<p><strong><span style=\"font-family: arial, helvetica, sans-serif; font-size: 14px;\">Bal\u0131kesir \u00dcniversitesinde (BA\u00dcN) Milli Sporcu ve Milletvekili Saffet Sancakl\u0131\u2019n\u0131n konuk oldu\u011fu, \u201cCumhuriyetin 100. Y\u0131l\u0131nda T\u00fcrk Sporu; Cumhuriyetimizin 100. Y\u0131l D\u00f6n\u00fcm\u00fcnde Sporun D\u00fcn\u00fc, Bug\u00fcn\u00fc, Yar\u0131n\u0131\u201d ba\u015fl\u0131kl\u0131 konferans ve s\u00f6yle\u015fi etkinli\u011fi ger\u00e7ekle\u015ftirildi.<\/span><\/strong><\/p>\n<p><span style=\"font-family: arial, helvetica, sans-serif; font-size: 14px;\">BA\u00dcN Atat\u00fcrk Kongre ve K\u00fclt\u00fcr Merkezi \u015eehit Fethi Sekin Konferans Salonu\u2019nda d\u00fczenlenen program, sayg\u0131 duru\u015fu ve \u0130stiklal Mar\u015f\u0131\u2019n\u0131n okunmas\u0131n\u0131n ard\u0131ndan BA\u00dcN Rekt\u00f6r\u00fc Prof. Dr. Y\u00fccel O\u011furlu\u2019nun a\u00e7\u0131l\u0131\u015f konu\u015fmas\u0131yla ba\u015flad\u0131.<\/span><\/p>\n<p><span style=\"font-family: arial, helvetica, sans-serif; font-size: 14px;\">Rekt\u00f6r Prof. Dr. Y\u00fccel O\u011furlu programda yapt\u0131\u011f\u0131 konu\u015fmada, T\u00fcrk toplumunun tarihi k\u00f6kleri itibar\u0131 ile spor k\u00fclt\u00fcr\u00fc olan bir ge\u00e7mi\u015fe sahip oldu\u011funu belirtirken, sporun ayr\u0131ca milli bir kimlik ile birle\u015ftirici g\u00fcc\u00fc oldu\u011funa de\u011findi. Rekt\u00f6r O\u011furlu, programa kat\u0131l\u0131mlar\u0131 dolay\u0131s\u0131yla Milli Sporcu ve Milletvekili Saffet Sancakl\u0131 ile konuklara te\u015fekk\u00fcr etti.<\/span><\/p>\n<p><span style=\"font-family: arial, helvetica, sans-serif; font-size: 14px;\">Spor Bilimleri Fak\u00fcltesi \u00d6\u011fretim \u00dcyesi Prof. Dr. Numan Alpay da programda \u201cSporda Tesisle\u015fme, Sportif Ba\u015far\u0131lar\u0131m\u0131z ve Spor Bilimlerinin Geli\u015fimi\u201d ba\u015fl\u0131kl\u0131 bir sunum ger\u00e7ekle\u015ftirirken, Cumhuriyetin 100. y\u0131ll\u0131k tarihine spor \u00e7er\u00e7evesinden ve T\u00fcrk Sporunun \u00f6nemi ba\u011flam\u0131nda \u0131\u015f\u0131k tuttu.<\/span><\/p>\n<p><span style=\"font-family: arial, helvetica, sans-serif; font-size: 14px;\">Programa kat\u0131lan Milli Sporcu ve Kocaeli Milletvekili Saffet Sancakl\u0131 da yapt\u0131\u011f\u0131 konu\u015fmada, Cumhuriyetin 100. y\u0131l\u0131n\u0131 ya\u015fad\u0131\u011f\u0131 i\u00e7in mutlu oldu\u011funu s\u00f6yledi. Mustafa Kemal Atat\u00fcrk\u2019\u00fcn Cumhuriyeti \u00e7ok zor \u015fartlar alt\u0131nda kurdu\u011funu vurgulayan Sancakl\u0131, \u201cBa\u015fta Mustafa Kemal Atat\u00fcrk olmak \u00fczere \u015fehit olan, gazi olan ve eme\u011fi ge\u00e7en kim varsa herkesin \u00f6n\u00fcnde sayg\u0131yla e\u011filiyorum. Atat\u00fcrk\u2019\u00fcn 100. y\u0131lda ismini anmayanlar\u0131 da protesto ediyorum\u201d diye konu\u015ftu.<\/span><\/p>\n<p><span style=\"font-family: arial, helvetica, sans-serif; font-size: 14px;\">T\u00fcrk futbolunda altyap\u0131 sorunu oldu\u011funu dile getiren Sancakl\u0131, \u015funlar\u0131 kaydetti:<\/span><\/p>\n<p><span style=\"font-family: arial, helvetica, sans-serif; font-size: 14px;\">\u201cBizim spor k\u00fclt\u00fcr\u00fc a\u00e7\u0131s\u0131ndan bir problemimiz var, yerle\u015fmi\u015f bir spor k\u00fclt\u00fcr\u00fcm\u00fcz yok. T\u00fcrk genci d\u00fcnyada hi\u00e7bir \u00fclkenin gencinden daha az yetenekli de\u011fildir, bilakis daha yeteneklidir. 18 ya\u015f gruplar\u0131na kadar T\u00fcrkiye hep derece al\u0131yor fakat daha sonra b\u00fcy\u00fckler kategorisinde lasti\u011fimiz patl\u0131yor \u00e7\u00fcnk\u00fc altyap\u0131 e\u011fitimini eksik al\u0131yoruz. Sistemimiz yok, A tak\u0131m seviyesine \u00e7\u0131kt\u0131\u011f\u0131m\u0131zda bunlar\u0131n eksikli\u011fiyle birlikte geri d\u00fc\u015f\u00fcyoruz. Bu sene bir \u00e7al\u0131\u015fma yap\u0131yoruz, altyap\u0131yla ilgili kul\u00fcpleri biraz zorlayaca\u011f\u0131z. Hem tesisle\u015fme hem hoca hem de idari manada altyap\u0131lar\u0131 olu\u015fturmaya \u00e7al\u0131\u015faca\u011f\u0131z. Ba\u015fka kurtulu\u015fumuz yok, voleyboldaki ba\u015far\u0131 tesad\u00fcf de\u011fildir. \u00d6n\u00fcm\u00fczdeki \u00e7ok uzun y\u0131llar daha voleybol ba\u015far\u0131lar\u0131n\u0131n devam\u0131 gelecek \u00e7\u00fcnk\u00fc bu temeller 20 y\u0131l \u00f6nce at\u0131ld\u0131.\u201d Sancakl\u0131, gen\u00e7lere Atat\u00fcrk\u2019\u00fcn izinden gitmeleri gerekti\u011fini de s\u00f6zlerine ekledi.<\/span><\/p>\n<p><span style=\"font-family: arial, helvetica, sans-serif; font-size: 14px;\">Bal\u0131kesir Milletvekili Ekrem G\u00f6kay Y\u00fcksel, Bal\u0131kesir \u00dcniversitesi Rekt\u00f6r\u00fc Prof. Dr. Y\u00fccel O\u011furlu, Alt\u0131eyl\u00fcl Kaymakam\u0131 Turgay Hakan Bilgin, Karesi Kaymakam\u0131 Metin Arslanba\u015f, Rekt\u00f6r Yard\u0131mc\u0131lar\u0131 Prof. Dr. Cevdet Avc\u0131kurt ve Prof. Dr. Murat Do\u011fdubay, senato \u00fcyeleri, akademisyenler, \u00f6\u011frencilerin yan\u0131 s\u0131ra ve vatanda\u015flar\u0131n da kat\u0131ld\u0131\u011f\u0131 program, hat\u0131ra foto\u011fraf\u0131 \u00e7ekiminin ard\u0131ndan sona erdi.<\/span><\/p>\n<p>&nbsp;<\/p>\n","protected":false},"excerpt":{"rendered":"<p>Bal\u0131kesir \u00dcniversitesinde (BA\u00dcN) Milli Sporcu ve Milletvekili Saffet Sancakl\u0131\u2019n\u0131n konuk oldu\u011fu, \u201cCumhuriyetin 100. Y\u0131l\u0131nda T\u00fcrk Sporu; Cumhuriyetimizin 100. Y\u0131l D\u00f6n\u00fcm\u00fcnde<\/p>\n","protected":false},"author":3,"featured_media":17288,"comment_status":"open","ping_status":"open","sticky":false,"template":"","format":"standard","meta":{"colormag_page_container_layout":"default_layout","colormag_page_sidebar_layout":"default_layout","footnotes":""},"categories":[45,1,5,9],"tags":[],"class_list":["post-17287","post","type-post","status-publish","format-standard","has-post-thumbnail","hentry","category-egitim","category-genel","category-gundem","category-spor"],"_links":{"self":[{"href":"https:\/\/marmarayerelhizmet.com\/index.php\/wp-json\/wp\/v2\/posts\/17287","targetHints":{"allow":["GET"]}}],"collection":[{"href":"https:\/\/marmarayerelhizmet.com\/index.php\/wp-json\/wp\/v2\/posts"}],"about":[{"href":"https:\/\/marmarayerelhizmet.com\/index.php\/wp-json\/wp\/v2\/types\/post"}],"author":[{"embeddable":true,"href":"https:\/\/marmarayerelhizmet.com\/index.php\/wp-json\/wp\/v2\/users\/3"}],"replies":[{"embeddable":true,"href":"https:\/\/marmarayerelhizmet.com\/index.php\/wp-json\/wp\/v2\/comments?post=17287"}],"version-history":[{"count":0,"href":"https:\/\/marmarayerelhizmet.com\/index.php\/wp-json\/wp\/v2\/posts\/17287\/revisions"}],"wp:featuredmedia":[{"embeddable":true,"href":"https:\/\/marmarayerelhizmet.com\/index.php\/wp-json\/wp\/v2\/media\/17288"}],"wp:attachment":[{"href":"https:\/\/marmarayerelhizmet.com\/index.php\/wp-json\/wp\/v2\/media?parent=17287"}],"wp:term":[{"taxonomy":"category","embeddable":true,"href":"https:\/\/marmarayerelhizmet.com\/index.php\/wp-json\/wp\/v2\/categories?post=17287"},{"taxonomy":"post_tag","embeddable":true,"href":"https:\/\/marmarayerelhizmet.com\/index.php\/wp-json\/wp\/v2\/tags?post=17287"}],"curies":[{"name":"wp","href":"https:\/\/api.w.org\/{rel}","templated":true}]}}