{"id":17283,"date":"2023-10-30T14:55:37","date_gmt":"2023-10-30T11:55:37","guid":{"rendered":"https:\/\/marmarayerelhizmet.com\/?p=17283"},"modified":"2023-10-30T14:57:03","modified_gmt":"2023-10-30T11:57:03","slug":"eyupsultanda-100-yil-coskusu","status":"publish","type":"post","link":"https:\/\/marmarayerelhizmet.com\/index.php\/2023\/10\/30\/eyupsultanda-100-yil-coskusu\/","title":{"rendered":"Ey\u00fcpsultan&#8217;da 100. Y\u0131l Co\u015fkusu"},"content":{"rendered":"<p><strong><span style=\"font-family: arial, helvetica, sans-serif; font-size: 14px;\">Ey\u00fcpsultan Belediyesi bu y\u0131l b\u00fcy\u00fck bir co\u015fkuyla kar\u015f\u0131lanan Cumhuriyetin 100\u2019\u00fcnc\u00fc y\u0131l\u0131n\u0131 bir dizi etkinlikle kutlad\u0131. Ba\u015fkan Deniz K\u00f6ken&#8217;in kat\u0131l\u0131m\u0131yla d\u00fczenlenen y\u00fcr\u00fcy\u00fc\u015f, fener alay\u0131 ve etkinliklere il\u00e7e sakinleri yo\u011fun kat\u0131l\u0131m g\u00f6sterdi.<br \/>\n<\/span><\/strong><br \/>\n<span style=\"font-family: arial, helvetica, sans-serif; font-size: 14px;\">Cumhuriyet&#8217;in ilan\u0131n\u0131n 100. y\u0131l\u0131 Ey\u00fcpsultan&#8217;da d\u00fczenlenen etkinliklerle b\u00fcy\u00fck bir co\u015fkuyla kutland\u0131. Ey\u00fcpsultan Belediyesi taraf\u0131ndan d\u00fczenlenen etkinliklerin ilki 27 Ekim Cuma g\u00fcn\u00fc d\u00fczenlenen \u2018Cumhuriyet Y\u00fcr\u00fcy\u00fc\u015f\u00fc\u2019 oldu. Y\u00fcr\u00fcy\u00fc\u015f sabah saat 10.30&#8217;da Ey\u00fcp Stad\u0131 giri\u015finden ba\u015flad\u0131.<br \/>\n<\/span><br \/>\n<strong><span style=\"font-family: arial, helvetica, sans-serif; font-size: 14px;\">G\u00f6kt\u00fcrk\u2019te muhte\u015fem fener alay\u0131<\/span><\/strong><br \/>\n<span style=\"font-family: arial, helvetica, sans-serif; font-size: 14px;\">28 Ekim Cumartesi g\u00fcn\u00fc saat 20.00\u2019de G\u00f6kt\u00fcrk\u2019te Fener Alay\u0131 d\u00fczenlendi. Fener Alay\u0131 y\u00fcr\u00fcy\u00fc\u015f\u00fc G\u00f6kt\u00fcrk K\u00fclt\u00fcr Merkezi \u00f6n\u00fcnden ba\u015flad\u0131. Bandonun \u00e7ald\u0131\u011f\u0131 mar\u015flar e\u015fli\u011finde, ellerde ta\u015f\u0131nan me\u015faleler ve bayraklarla yap\u0131lan y\u00fcr\u00fcy\u00fc\u015f, G\u00f6kt\u00fcrk Meydan\u0131\u2019nda son buldu. Burada kurulan sahnede Ba\u015fkan Deniz K\u00f6ken yapt\u0131\u011f\u0131 selamlama konu\u015fmas\u0131nda vatanda\u015flar\u0131n Cumhuriyet Bayram\u0131\u2019n\u0131 kutlad\u0131. Ba\u015fkan K\u00f6ken ayr\u0131ca Gazi Mustafa Kemal Atat\u00fcrk ve silah arkada\u015flar\u0131n\u0131 minnet ve \u015f\u00fckranla and\u0131klar\u0131n\u0131 belirterek, birlik ve beraberlik i\u00e7erisinde Cumhuriyetin daha nice 100\u2019\u00fcnc\u00fc y\u0131llar\u0131na eri\u015fmesini dilediklerini s\u00f6yledi. Ba\u015fkan Deniz K\u00f6ken&#8217;in konu\u015fmas\u0131n\u0131n ard\u0131ndan meydanda mar\u015flar \u00e7al\u0131nd\u0131, folklor g\u00f6sterileri yap\u0131ld\u0131.<br \/>\n<\/span><br \/>\n<strong><span style=\"font-family: arial, helvetica, sans-serif; font-size: 14px;\">Kurt Kemeri\u2019nde gen\u00e7ler y\u00fcr\u00fcd\u00fc<\/span><\/strong><br \/>\n<span style=\"font-family: arial, helvetica, sans-serif; font-size: 14px;\">Kutlamalar 29 Ekim Pazar g\u00fcn\u00fc saat 10.00\u2019da Kurt Kemeri\u2019nde 29 Ekim Cumhuriyetin 100. Y\u0131l\u0131 Gen\u00e7lik Y\u00fcr\u00fcy\u00fc\u015f\u00fcyle devam etti. Ey\u00fcpsultanl\u0131lar, Ba\u015fkan Deniz K\u00f6ken ile birlikte Cumhuriyetin 100. Y\u0131l\u0131n\u0131 kutlamak i\u00e7in y\u00fcr\u00fcd\u00fc. Ba\u015fkan K\u00f6ken y\u00fcr\u00fcy\u00fc\u015fte yapt\u0131\u011f\u0131 konu\u015fmada, cuma g\u00fcn\u00fcnden itibaren Cumhuriyetin 100\u2019\u00fcnc\u00fc y\u0131l\u0131n\u0131 her ortamda, her kesimden vatanda\u015fla birlikte kutlad\u0131klar\u0131n\u0131 ifade ederek, bug\u00fcn de gen\u00e7lerle birlikte Kurt Kemeri\u2019nde g\u00fczel bir y\u00fcr\u00fcy\u00fc\u015f yapt\u0131klar\u0131n\u0131 dile getirdi.<\/span><\/p>\n<p><strong><span style=\"font-family: arial, helvetica, sans-serif; font-size: 14px;\">Kutlamalar ge\u00e7 saatlere kadar devam etti<\/span><\/strong><br \/>\n<span style=\"font-family: arial, helvetica, sans-serif; font-size: 14px;\">Ey\u00fcpsultan\u2019\u0131n d\u00f6rt bir yan\u0131nda d\u00fczenlenen kutlamalarla ya\u015fanan Cumhuriyet Bayram\u0131 co\u015fkusu, Alibeyk\u00f6y\u2019de yap\u0131lan Cumhuriyet Y\u00fcr\u00fcy\u00fc\u015f\u00fc ile devam etti. Alibeyk\u00f6y M\u0131s\u0131r Heykeli\u2019nin \u00f6n\u00fcnden ba\u015flayan y\u00fcr\u00fcy\u00fc\u015f \u00d6z Alibeyk\u00f6y Spor Kul\u00fcb\u00fc\u2019n\u00fcn sahas\u0131nda son buldu. Mehter e\u015fli\u011finde y\u00fczlerce vatanda\u015f ellerinde T\u00fcrk bayraklar\u0131yla y\u00fcr\u00fcy\u00fc\u015fe kat\u0131l\u0131rken, Ba\u015fkan Deniz K\u00f6ken\u2019de vatanda\u015flarla birlikte y\u00fcr\u00fcd\u00fc. Cumhuriyet Y\u00fcr\u00fcy\u00fc\u015f\u00fcne \u00e7ok say\u0131da vatanda\u015f ise evlerinin camlar\u0131ndan ve balkonlar\u0131ndan destek vererek bu b\u00fcy\u00fck co\u015fkuya ortak oldu. Y\u00fcr\u00fcy\u00fc\u015f sonunda ise \u00d6z Alibeyk\u00f6y Spor Kul\u00fcb\u00fc\u2019n\u00fcn sahas\u0131nda toplanan Ey\u00fcpsultanl\u0131lar, Ey\u00fcpsultan Belediyesi Mehteran Tak\u0131m\u0131n\u0131n mar\u015flar\u0131 ve zeybek g\u00f6sterisi ile Cumhuriyetin 100\u2019\u00fcnc\u00fc y\u0131l\u0131n\u0131 kutlad\u0131. 29 Ekim Cumhuriyet Bayram\u0131 kutlamalar\u0131 etkinli\u011fi kapsam\u0131nda Rami Spor Kul\u00fcb\u00fc\u2019nde de 10\u2019\u00fcnc\u00fc y\u0131l etkinli\u011fi ger\u00e7ekle\u015ftirdi.<\/span><\/p>\n<p><strong><span style=\"font-family: arial, helvetica, sans-serif; font-size: 14px;\">Kutlamalar Ey\u00fcpsultan meydan\u0131na kurulan dev ekrandayd\u0131<\/span><\/strong><br \/>\n<span style=\"font-family: arial, helvetica, sans-serif; font-size: 14px;\">\u00d6te yandan Cumhurba\u015fkanl\u0131\u011f\u0131 \u0130leti\u015fim Ba\u015fkanl\u0131\u011f\u0131 taraf\u0131ndan Ey\u00fcpsultan Meydan\u0131\u2019na kurulan LED ekranda g\u00fcn boyu video g\u00f6sterimleri yap\u0131ld\u0131. G\u00f6sterimlerde, Cumhuriyetimizin 100\u2019\u00fcnc\u00fc y\u0131l\u0131 nedeniyle \u0130stanbul Bo\u011faz\u0131\u2019nda d\u00fczenlenen muhte\u015fem kutlamalar canl\u0131 olarak yay\u0131nland\u0131. Kutlamalarda s\u0131ras\u0131yla saat 16.20&#8217;de T\u00fcrk Y\u0131ld\u0131zlar\u0131, saat 16.40&#8217;da Solo T\u00fcrk, saat 17.00-19.00 aras\u0131nda Donanma Ge\u00e7i\u015fi ve 101 pare top at\u0131\u015f\u0131 ger\u00e7ekle\u015ftirildi.<\/span><\/p>\n<p><strong><span style=\"font-family: arial, helvetica, sans-serif; font-size: 14px;\">\u201cHep birlikte gelece\u011fin T\u00fcrkiye\u2019sini in\u015fa edece\u011fiz\u201d<\/span><\/strong><br \/>\n<span style=\"font-family: arial, helvetica, sans-serif; font-size: 14px;\">Ey\u00fcpsultan Meydan\u0131\u2019nda d\u00fczenlenen kutlamalara \u0130stanbul\u2019un farkl\u0131 il\u00e7elerinden gelen binlerce vatanda\u015f kat\u0131l\u0131rken, T\u00fcrk Bayraklar\u0131yla donat\u0131lan Ey\u00fcpsultan Meydan\u0131 k\u0131rm\u0131z\u0131 beyaza b\u00fcr\u00fcnd\u00fc. Ey\u00fcpsultan Meydan\u0131\u2019nda ger\u00e7ekle\u015ftirilen programa Ba\u015fkan Deniz K\u00f6ken\u2019le birlikte Ey\u00fcpsultan Kaymakam\u0131 \u0130hsan Kara, Ey\u00fcpsultan \u0130l\u00e7e Emniyet M\u00fcd\u00fcr\u00fc Levent T\u00fcrkmen, Ey\u00fcpsultan \u0130l\u00e7e Jandarma Komutan\u0131 \u00dcste\u011fmen Zeki G\u00fclter, AK Parti \u0130l\u00e7e Ba\u015fkan\u0131 Muhammet Vanl\u0131o\u011flu, siyasi parti temsilcileri ve \u00e7ok say\u0131da sivil toplum kurulu\u015fu kat\u0131ld\u0131. Ba\u015fkan Deniz K\u00f6ken, yapt\u0131\u011f\u0131 konu\u015fmada Cumhuriyet\u2019in 100\u2019\u00fcnc\u00fc y\u0131l\u0131n\u0131 kutlayarak \u201cBu ak\u015fam bizleri burada yaln\u0131z b\u0131rakmad\u0131\u011f\u0131n\u0131z i\u00e7in hepinize te\u015fekk\u00fcr ediyorum. Nice g\u00fczel 20\u2019li, 30\u2019lu ikinci y\u00fczy\u0131llara diyoruz. Hep birlikte bu Cumhuriyet\u2019i bizler kurduk, bizlerden sonra da devam ettirecek olan bu nesile yat\u0131r\u0131m yapmam\u0131z laz\u0131m. 4 bu\u00e7uk y\u0131lda hayata ge\u00e7irdi\u011fimiz 90 projenin 33 tanesi gen\u00e7lerle ve \u00e7ocuklarla ilgili. Hep birlikte gelece\u011fin T\u00fcrkiye&#8217;sini in\u015fa edece\u011fiz. Kom\u015fular\u0131m\u0131zda olan hadiseleri g\u00f6rd\u00fck\u00e7e g\u00fc\u00e7l\u00fc devlet olman\u0131n ne kadar \u00f6nemli oldu\u011funu g\u00f6rd\u00fck. G\u00fc\u00e7l\u00fc devlet olman\u0131n yolu da bu birlik ve beraberlikten ge\u00e7iyor. Birlik ve beraberli\u011fimiz daim olsun, Cumhuriyet bayram\u0131m\u0131z kutlu olsun\u201d dedi.<\/span><\/p>\n<p><strong><span style=\"font-family: arial, helvetica, sans-serif; font-size: 14px;\">Cumhurba\u015fkan\u0131 Erdo\u011fan\u2019\u0131n konu\u015fmas\u0131 canl\u0131 yay\u0131nland\u0131<\/span><\/strong><br \/>\n<span style=\"font-family: arial, helvetica, sans-serif; font-size: 14px;\">Ey\u00fcpsultan Meydan\u0131ndaki kutlamalarda Cumhurba\u015fkan\u0131 Recep Tayyip Erdo\u011fan\u2019\u0131n halka sesleni\u015fi canl\u0131 olarak yay\u0131nlan\u0131rken, dron, \u0131\u015f\u0131k ve havai fi\u015fek g\u00f6sterileri de dev ekrandan yay\u0131nland\u0131. Ard\u0131ndan Ey\u00fcpsultan Belediyesi folklor ekibi taraf\u0131ndan zeybek oyunu g\u00f6sterisi yap\u0131ld\u0131.<\/span><\/p>\n<p><strong><span style=\"font-family: arial, helvetica, sans-serif; font-size: 14px;\">Kemerburgaz\u2019da Cumhuriyet\u2019in 100\u2019\u00fcnc\u00fc y\u0131l\u0131 co\u015fkusu<\/span><\/strong><br \/>\n<span style=\"font-family: arial, helvetica, sans-serif; font-size: 14px;\">Ey\u00fcpsultan Belediyesi son olarak Kemerbugaz\u2019da Fener alay\u0131 d\u00fczenledi. Mah\u015feri bir kalabal\u0131\u011f\u0131n bulu\u015ftu\u011fu Cumhuriyet co\u015fkusunun zirve yapt\u0131\u011f\u0131 Kemerburgaz\u2019da binlerce ki\u015fi Cumhuriyet i\u00e7in y\u00fcr\u00fcd\u00fc. 7\u2019den 70\u2019e binlerce ki\u015finin bir araya geldi\u011fi y\u00fcr\u00fcy\u00fc\u015fte T\u00fcrk bayraklar\u0131, me\u015faleler, havai fi\u015feklerle tam bir g\u00f6rsel \u015f\u00f6len ya\u015fand\u0131. Bando tak\u0131m\u0131n\u0131n \u00e7ald\u0131\u011f\u0131 co\u015fkulu mar\u015flara binlerce ki\u015fi e\u015flik ederken, program miniklerin \u015fiirleri ve Vardar\u2019\u0131n \u00dcst\u00fcnde Halk Oyunlar\u0131 Derne\u011fi\u2019ne ba\u011fl\u0131 Folklor Ekibinin g\u00f6sterisi ile son buldu.<\/span><\/p>\n","protected":false},"excerpt":{"rendered":"<p>Ey\u00fcpsultan Belediyesi bu y\u0131l b\u00fcy\u00fck bir co\u015fkuyla kar\u015f\u0131lanan Cumhuriyetin 100\u2019\u00fcnc\u00fc y\u0131l\u0131n\u0131 bir dizi etkinlikle kutlad\u0131. Ba\u015fkan Deniz K\u00f6ken&#8217;in kat\u0131l\u0131m\u0131yla d\u00fczenlenen<\/p>\n","protected":false},"author":3,"featured_media":17284,"comment_status":"open","ping_status":"open","sticky":false,"template":"","format":"standard","meta":{"colormag_page_container_layout":"default_layout","colormag_page_sidebar_layout":"default_layout","footnotes":""},"categories":[1,5,8],"tags":[],"class_list":["post-17283","post","type-post","status-publish","format-standard","has-post-thumbnail","hentry","category-genel","category-gundem","category-siyaset"],"_links":{"self":[{"href":"https:\/\/marmarayerelhizmet.com\/index.php\/wp-json\/wp\/v2\/posts\/17283","targetHints":{"allow":["GET"]}}],"collection":[{"href":"https:\/\/marmarayerelhizmet.com\/index.php\/wp-json\/wp\/v2\/posts"}],"about":[{"href":"https:\/\/marmarayerelhizmet.com\/index.php\/wp-json\/wp\/v2\/types\/post"}],"author":[{"embeddable":true,"href":"https:\/\/marmarayerelhizmet.com\/index.php\/wp-json\/wp\/v2\/users\/3"}],"replies":[{"embeddable":true,"href":"https:\/\/marmarayerelhizmet.com\/index.php\/wp-json\/wp\/v2\/comments?post=17283"}],"version-history":[{"count":0,"href":"https:\/\/marmarayerelhizmet.com\/index.php\/wp-json\/wp\/v2\/posts\/17283\/revisions"}],"wp:featuredmedia":[{"embeddable":true,"href":"https:\/\/marmarayerelhizmet.com\/index.php\/wp-json\/wp\/v2\/media\/17284"}],"wp:attachment":[{"href":"https:\/\/marmarayerelhizmet.com\/index.php\/wp-json\/wp\/v2\/media?parent=17283"}],"wp:term":[{"taxonomy":"category","embeddable":true,"href":"https:\/\/marmarayerelhizmet.com\/index.php\/wp-json\/wp\/v2\/categories?post=17283"},{"taxonomy":"post_tag","embeddable":true,"href":"https:\/\/marmarayerelhizmet.com\/index.php\/wp-json\/wp\/v2\/tags?post=17283"}],"curies":[{"name":"wp","href":"https:\/\/api.w.org\/{rel}","templated":true}]}}