{"id":16539,"date":"2023-10-12T11:39:46","date_gmt":"2023-10-12T08:39:46","guid":{"rendered":"https:\/\/marmarayerelhizmet.com\/?p=16539"},"modified":"2023-10-12T11:39:46","modified_gmt":"2023-10-12T08:39:46","slug":"el-emegi-urunler-gorucuye-cikti-2","status":"publish","type":"post","link":"https:\/\/marmarayerelhizmet.com\/index.php\/2023\/10\/12\/el-emegi-urunler-gorucuye-cikti-2\/","title":{"rendered":"El Eme\u011fi \u00dcr\u00fcnler G\u00f6r\u00fcc\u00fcye \u00c7\u0131kt\u0131"},"content":{"rendered":"<p><strong><span style=\"font-family: arial, helvetica, sans-serif; font-size: 14px;\">Kursiyer kad\u0131nlar\u0131n \u00fcretti\u011fi el eme\u011fi \u00fcr\u00fcnleri y\u0131l sonu sergisinde be\u011feniyle inceleyen Esenyurt Belediye Ba\u015fkan\u0131 Kemal Deniz Bozkurt, \u201cEsenyurtlu kad\u0131nlar kendini a\u015fm\u0131\u015f. T\u00fcrkiye ve d\u00fcnya piyasas\u0131nda sergilenecek \u00fcr\u00fcnler yapm\u0131\u015flar. Hedefimiz de buydu\u201d dedi.<\/span><\/strong><\/p>\n<p><span style=\"font-family: arial, helvetica, sans-serif; font-size: 14px;\">Esenyurt Belediyesi, il\u00e7edeki kad\u0131nlar\u0131n ekonomik \u00f6zg\u00fcrl\u00fcklerini kazanmas\u0131n\u0131 ve sanat alan\u0131nda geli\u015fmelerini desteklemek amac\u0131yla \u00e7al\u0131\u015fmalar\u0131na devam ediyor. Belediye b\u00fcnyesindeki Kad\u0131n Sosyal Ya\u015fam Merkezi\u2019nde e\u011fitim alan kursiyer kad\u0131nlar\u0131n el eme\u011fi \u00fcr\u00fcnleri y\u0131l sonu sergisiyle ta\u00e7land\u0131. El sanatlar\u0131, \u00e7anta tasar\u0131m\u0131, tak\u0131 gibi alanlarda birbirinden g\u00fczel i\u015fler ortaya koyan kad\u0131nlar\u0131n yetenek dolu sergisi yo\u011fun ilgiyle kar\u015f\u0131land\u0131.<\/span><\/p>\n<p><strong><span style=\"font-family: arial, helvetica, sans-serif; font-size: 14px;\">\u201cHedefimize ula\u015ft\u0131k\u201d<\/span><\/strong><br \/>\n<span style=\"font-family: arial, helvetica, sans-serif; font-size: 14px;\">Kad\u0131nlar\u0131n tasarlad\u0131\u011f\u0131 \u00fcr\u00fcnleri tek tek inceleyen Esenyurt Belediye Ba\u015fkan\u0131 Kemal Deniz Bozkurt, \u201cHedefimiz, kad\u0131nlar\u0131n ayaklar\u0131n\u0131n \u00fczerinde durmalar\u0131n\u0131 sa\u011flamakt\u0131. Maalesef bir\u00e7o\u011fu ya\u015fama zor \u015fartlarda, gerilerden ba\u015fl\u0131yor. Bu \u015fartlar\u0131 yenmeleri i\u00e7inde deste\u011fe ihtiya\u00e7lar\u0131 var. Burada g\u00f6rd\u00fc\u011f\u00fcm kadar\u0131yla \u00e7ok nitelikli \u00fcr\u00fcnler var. T\u00fcrkiye ve d\u00fcnya piyasas\u0131nda sergilenecek \u00fcr\u00fcnler yapm\u0131\u015flar. \u00dcreten, \u00e7al\u0131\u015fan, hak\u00e7a payla\u015fan ve birbirini oldu\u011fu gibi kabul eden bir toplumu olu\u015fturma iste\u011fimiz var. Burada da onun tohumlar\u0131n\u0131 att\u0131k. Belki de en dezavantajl\u0131 gruplar burada ama \u00f6nleri a\u00e7\u0131k. Ben inan\u0131yorum ki \u00e7ok iyi i\u015fler yapacaklar\u201d diye konu\u015ftu.<\/span><\/p>\n<p><strong><span style=\"font-family: arial, helvetica, sans-serif; font-size: 14px;\">\u201cKendimizi \u00f6nemli hissediyoruz\u201d<\/span><\/strong><br \/>\n<span style=\"font-family: arial, helvetica, sans-serif; font-size: 14px;\">Kurslar\u0131n her alanda fayda sa\u011flad\u0131\u011f\u0131na de\u011finen Esma \u00c7a\u011flayan \u015f\u00f6yle konu\u015ftu: \u201cBu t\u00fcr kurslar\u0131n bize \u00e7ok faydas\u0131 oluyor. Psikolojik olarak, arkada\u015f ortam\u0131 olarak her bak\u0131mdan \u00e7ok iyi oluyor. \u015eu an sergide yapm\u0131\u015f oldu\u011fum \u00e7ocuk battaniyeleri sergileniyor. Ama her alanda da kendimi geli\u015ftirme f\u0131rsat\u0131 yakalad\u0131m. Belediyenin bu t\u00fcr \u00e7al\u0131\u015fmalar\u0131n\u0131n olmas\u0131 \u00e7ok iyi. Bunlar sayesinde kendimizi \u00f6nemli hissediyoruz.\u201d<\/span><\/p>\n<p><strong><span style=\"font-family: arial, helvetica, sans-serif; font-size: 14px;\">\u201c\u00c7ok \u015fey \u00f6\u011frendim\u201d<\/span><\/strong><br \/>\n<span style=\"font-family: arial, helvetica, sans-serif; font-size: 14px;\">Bu \u00e7al\u0131\u015fmalar\u0131n ya\u015fa bakmad\u0131\u011f\u0131n\u0131 s\u00f6yleyen Ferhan Av\u015far, \u201c\u00d6nce d\u00fcz diki\u015ften e\u011fitim ald\u0131m daha sonra da moda tasar\u0131ma ge\u00e7tim. Burada kursiyerlerin en ya\u015fl\u0131s\u0131 benim ve bu i\u015f ya\u015fa bakm\u0131yor. \u00c7ok \u015fey \u00f6\u011frendim. Kendime \u00e7ok g\u00fczel k\u0131yafetler diktim. Burada e\u011fitim alan kad\u0131nlar art\u0131k her ihtiyac\u0131n\u0131 kendisi yapabiliyor. Belediyemize bu katk\u0131lar\u0131ndan dolay\u0131 te\u015fekk\u00fcr ederim\u201d ifadelerini kulland\u0131.<\/span><\/p>\n","protected":false},"excerpt":{"rendered":"<p>Kursiyer kad\u0131nlar\u0131n \u00fcretti\u011fi el eme\u011fi \u00fcr\u00fcnleri y\u0131l sonu sergisinde be\u011feniyle inceleyen Esenyurt Belediye Ba\u015fkan\u0131 Kemal Deniz Bozkurt, \u201cEsenyurtlu kad\u0131nlar kendini<\/p>\n","protected":false},"author":3,"featured_media":16541,"comment_status":"open","ping_status":"open","sticky":false,"template":"","format":"standard","meta":{"colormag_page_container_layout":"default_layout","colormag_page_sidebar_layout":"default_layout","footnotes":""},"categories":[1,5,6,8],"tags":[],"class_list":["post-16539","post","type-post","status-publish","format-standard","has-post-thumbnail","hentry","category-genel","category-gundem","category-kultur-sanat","category-siyaset"],"_links":{"self":[{"href":"https:\/\/marmarayerelhizmet.com\/index.php\/wp-json\/wp\/v2\/posts\/16539","targetHints":{"allow":["GET"]}}],"collection":[{"href":"https:\/\/marmarayerelhizmet.com\/index.php\/wp-json\/wp\/v2\/posts"}],"about":[{"href":"https:\/\/marmarayerelhizmet.com\/index.php\/wp-json\/wp\/v2\/types\/post"}],"author":[{"embeddable":true,"href":"https:\/\/marmarayerelhizmet.com\/index.php\/wp-json\/wp\/v2\/users\/3"}],"replies":[{"embeddable":true,"href":"https:\/\/marmarayerelhizmet.com\/index.php\/wp-json\/wp\/v2\/comments?post=16539"}],"version-history":[{"count":0,"href":"https:\/\/marmarayerelhizmet.com\/index.php\/wp-json\/wp\/v2\/posts\/16539\/revisions"}],"wp:featuredmedia":[{"embeddable":true,"href":"https:\/\/marmarayerelhizmet.com\/index.php\/wp-json\/wp\/v2\/media\/16541"}],"wp:attachment":[{"href":"https:\/\/marmarayerelhizmet.com\/index.php\/wp-json\/wp\/v2\/media?parent=16539"}],"wp:term":[{"taxonomy":"category","embeddable":true,"href":"https:\/\/marmarayerelhizmet.com\/index.php\/wp-json\/wp\/v2\/categories?post=16539"},{"taxonomy":"post_tag","embeddable":true,"href":"https:\/\/marmarayerelhizmet.com\/index.php\/wp-json\/wp\/v2\/tags?post=16539"}],"curies":[{"name":"wp","href":"https:\/\/api.w.org\/{rel}","templated":true}]}}