{"id":16528,"date":"2023-10-11T17:52:08","date_gmt":"2023-10-11T14:52:08","guid":{"rendered":"https:\/\/marmarayerelhizmet.com\/?p=16528"},"modified":"2023-10-11T17:52:08","modified_gmt":"2023-10-11T14:52:08","slug":"buyukeksiden-aday-stat-aciklamasi","status":"publish","type":"post","link":"https:\/\/marmarayerelhizmet.com\/index.php\/2023\/10\/11\/buyukeksiden-aday-stat-aciklamasi\/","title":{"rendered":"B\u00fcy\u00fckek\u015fi&#8217;den, Aday Stat A\u00e7\u0131klamas\u0131"},"content":{"rendered":"<p><strong><span style=\"font-family: arial, helvetica, sans-serif; font-size: 14px;\">T\u00fcrkiye Futbol Federasyonu Ba\u015fkan\u0131 Mehmet B\u00fcy\u00fckek\u015fi, \u0130talya &#8211; T\u00fcrkiye ortakl\u0131\u011f\u0131nda d\u00fczenlenecek 2032 Avrupa Futbol \u015eampiyonas\u0131 (EURO 2032) i\u00e7in belirlenen aday statlar\u0131n tart\u0131\u015f\u0131lmas\u0131yla alakal\u0131, &#8220;Biz kimseye ulufe da\u011f\u0131tm\u0131yoruz. Burada UEFA\u2019n\u0131n kriterleri var, en y\u00fcksek seyirci kapasiteli statlar\u0131n olmas\u0131 gerekiyor. Bu statlarda yap\u0131lan ma\u00e7lar\u0131n gelirleri ne o kul\u00fcbe gidecek ne de TFF\u2019ye gidecek. B\u00fct\u00fcn gelirler UEFA\u2019ya gidiyor&#8221; dedi.<br \/>\n<\/span><\/strong><br \/>\n<span style=\"font-family: arial, helvetica, sans-serif; font-size: 14px;\">A Milli Futbol Tak\u0131m\u0131, 2024 Avrupa \u015eampiyonas\u0131 Elemeleri D Grubu 6. ma\u00e7\u0131nda yar\u0131n saat 21.45&#8217;te H\u0131rvatistan ile kar\u015f\u0131la\u015facak. \u0130stanbul&#8217;daki son antrenman\u0131n\u0131 sabah saatlerinde TFF Riva Hasan Do\u011fan Kamp ve E\u011fitim Tesisleri&#8217;nde yapan ay-y\u0131ld\u0131zl\u0131lar, bug\u00fcn saat 15.00&#8217;te \u0130stanbul Havaliman\u0131&#8217;ndan, H\u0131rvatistan&#8217;\u0131n Osijek kentine hareket etti. Milliler, ma\u00e7\u0131n oynanaca\u011f\u0131 Opus Arena&#8217;da TS\u0130 18.15&#8217;te y\u00fcr\u00fcy\u00fc\u015f yapacak. Y\u00fcr\u00fcy\u00fc\u015f\u00fcn ard\u0131ndan, TS\u0130 19.00&#8217;da A Milli Tak\u0131m Teknik Direkt\u00f6r\u00fc Vincenzo Montella ve aday kadrodan bir futbolcu, stadyumda bas\u0131n toplant\u0131s\u0131 d\u00fczenleyecek.<\/span><\/p>\n<p><strong><span style=\"font-family: arial, helvetica, sans-serif; font-size: 14px;\">&#8220;\u0130n\u015fallah sonu\u00e7lar\u0131 \u00fclkemiz ve milletimiz i\u00e7in hay\u0131rl\u0131 olur&#8221;<\/span><\/strong><br \/>\n<span style=\"font-family: arial, helvetica, sans-serif; font-size: 14px;\">Havaliman\u0131 giri\u015finde bas\u0131n mensuplar\u0131na a\u00e7\u0131klamalarda bulunan T\u00fcrkiye Futbol Federasyonu Ba\u015fkan\u0131 Mehmet B\u00fcy\u00fckek\u015fi, \u0130talya ile ortakla\u015fa d\u00fczenlenecek 2032 Avrupa Futbol \u015eampiyonas\u0131&#8217;n\u0131n hay\u0131rl\u0131 olmas\u0131n\u0131 dileyerek s\u00f6zlerine ba\u015flad\u0131. B\u00fcy\u00fckek\u015fi, &#8220;H\u0131rvatistan ile yapaca\u011f\u0131m\u0131z \u00e7ok \u00f6nemli bir ma\u00e7 var. Vincenzo Montella\u2019n\u0131n ilk ma\u00e7\u0131. 2024 Avrupa \u015eampiyonas\u0131\u2019na gidebilmek i\u00e7in bizim iki tane \u00e7ok \u00f6nemli ma\u00e7\u0131m\u0131z var. Biri yar\u0131n, di\u011feri Konya\u2019da Letonya kar\u015f\u0131la\u015fmas\u0131. Bu iki ma\u00e7tan alaca\u011f\u0131m\u0131z sonu\u00e7la in\u015fallah Avrupa \u015fampiyonas\u0131na gitme konusunda b\u00fcy\u00fck bir avantaj yakalamak istiyoruz. Hocam\u0131z\u0131n \u00f6zellikle T\u00fcrkiye\u2019yi tan\u0131mas\u0131, T\u00fcrkiye\u2019de iki y\u0131l g\u00f6rev yapmas\u0131 ve T\u00fcrkiye\u2019den ayr\u0131l\u0131rken, \u00e7ok g\u00fczel deneyimler ya\u015fad\u0131\u011f\u0131n\u0131, T\u00fcrk insan\u0131n\u0131n yurtd\u0131\u015f\u0131nda da misafirperverli\u011fini, g\u00fczel i\u015fleri d\u00fcnya kamuoyuna da her platformda anlatt\u0131. Bizim duygular\u0131m\u0131z\u0131, d\u00fc\u015f\u00fcncelerimizi iyi biliyor. Sadece b\u00fcy\u00fck tak\u0131mlar\u0131n de\u011fil, b\u00fct\u00fcn ma\u00e7lar\u0131 takip edecek. Sadece ma\u00e7lar\u0131 da izlemiyor, gitti\u011fi \u015fehirde o tak\u0131mlar\u0131n antrenman\u0131n\u0131 da izliyor. Futbolcular\u0131m\u0131za g\u00fczel bir aile ortam\u0131 olu\u015fturma konusunda son derece iyi niyetli. Sel\u00e7uk \u015eahin\u2019i yard\u0131mc\u0131 hoca olarak ald\u0131k. Hocam\u0131z\u0131n bu konuda yapaca\u011f\u0131 \u00e7al\u0131\u015fmalara o da T\u00fcrk hoca olarak ayr\u0131 katk\u0131 verecek. \u0130n\u015fallah sonu\u00e7lar\u0131 \u00fclkemiz ve milletimiz i\u00e7in hay\u0131rl\u0131 olur&#8221; diye konu\u015ftu.<\/span><\/p>\n<p><strong><span style=\"font-family: arial, helvetica, sans-serif; font-size: 14px;\">&#8220;Turizmi daha fazla geli\u015ftirmek istiyoruz&#8221;<\/span><\/strong><br \/>\n<span style=\"font-family: arial, helvetica, sans-serif; font-size: 14px;\">\u0130talyan teknik adam Vincenzo Montella ile EURO 2032 adayl\u0131\u011f\u0131 konusunu g\u00f6r\u00fc\u015ft\u00fcklerini aktaran B\u00fcy\u00fckek\u015fi, &#8220;Hocam\u0131z\u0131n g\u00f6r\u00fc\u015fleri son derece olumlu. \u00c7\u00fcnk\u00fc \u00f6n\u00fcm\u00fczde 9 y\u0131l\u0131m\u0131z var. Bu 9 y\u0131l \u00e7ok \u00f6nemli. Olaya sadece futbol olarak bakm\u0131yoruz. \u00dclkelerimizin tan\u0131t\u0131m\u0131 a\u00e7\u0131s\u0131ndan spor ve sanat\u0131 da i\u00e7eren bir i\u015fbirli\u011fi. \u00d6zellikle \u0130talya, en b\u00fcy\u00fck d\u0131\u015f ticaret yapt\u0131\u011f\u0131m\u0131z 5. \u00fclke. Hem ithalat hem ihracat yapt\u0131\u011f\u0131m\u0131z a\u00e7\u0131s\u0131ndan. Bunu daha fazla geli\u015ftirmek istiyoruz. Turizmi daha fazla geli\u015ftirmek istiyoruz. Akademi projemiz var. S\u00fcper Lig kul\u00fcplerimize bu y\u0131l ba\u015flatt\u0131k. \u00d6n\u00fcm\u00fczdeki y\u0131l 1. Lig kul\u00fcplerimize ba\u015flataca\u011f\u0131z. Ortak oldu\u011fumuz ve birlikte \u00e7al\u0131\u015faca\u011f\u0131m\u0131z \u00fclke bu zamana kadar 4 defa D\u00fcnya Kupas\u0131\u2019n\u0131 kazanm\u0131\u015f bir \u00fclke. Futbolun be\u015fi\u011fi; orada da bir tak\u0131m i\u015fbirliklerini ara\u015ft\u0131raca\u011f\u0131z, geli\u015ftirece\u011fiz. G\u00fc\u00e7l\u00fc yanlar\u0131n\u0131 birle\u015ftirecek, birlikte ad\u0131m atma konusunda avantajlar sa\u011flayacak. \u0130ki Akdeniz \u00fclkesi, benzer k\u00fclt\u00fcrleri var. Olaylara biraz daha duygusal bakabilen. Hem hocam\u0131zla hem de 2032 Avrupa \u015eampiyonas\u0131\u2019nda \u0130talya ile beraber hedefe ula\u015fmak i\u00e7in bu konuda \u00e7al\u0131\u015fma yapaca\u011f\u0131z\u201d ifadelerini kulland\u0131.<\/span><\/p>\n<p><strong><span style=\"font-family: arial, helvetica, sans-serif; font-size: 14px;\">&#8220;Suyu buland\u0131rman\u0131n manas\u0131 yok&#8221;<\/span><\/strong><br \/>\n<span style=\"font-family: arial, helvetica, sans-serif; font-size: 14px;\">2032 Avrupa \u015eampiyonas\u0131 i\u00e7in bildirilen statlarla ilgili Be\u015fikta\u015f Kul\u00fcb\u00fc&#8217;n\u00fcn payla\u015f\u0131m\u0131 da sorulan Ba\u015fkan B\u00fcy\u00fckek\u015fi, \u015f\u00f6yle konu\u015ftu:<\/span><br \/>\n<span style=\"font-family: arial, helvetica, sans-serif; font-size: 14px;\">\u201cOlimpiyat Stadyumu&#8217;nun kale arkalar\u0131 b\u00fcy\u00fct\u00fclecek; 80 bin ki\u015filik olacak. \u015eu anda b\u00f6yle bir tart\u0131\u015fmaya girmeyi do\u011fru bulmuyorum. Biz ayr\u0131 ayr\u0131 olarak m\u00fcracaat etti\u011fimiz zaman 10\u2019ar stat bildirmi\u015ftik. Bu 5\u2019e d\u00fc\u015fecek, tekrar bir de\u011ferlendirme yap\u0131lacak. Bu 2026 y\u0131l\u0131nda yap\u0131lacak. Bunun i\u00e7in bug\u00fcnden suyu buland\u0131rman\u0131n manas\u0131 yok. Bir amac\u0131 da yok. Bug\u00fcn \u0130talyanlar \u2018bizim i\u00e7in \u00e7ok \u00f6nemli\u2019 diye seviniyorlar. Sevincini ya\u015fayal\u0131m, b\u00f6yle bir \u015fey s\u00f6z konusu bile de\u011fil. 38 tane stad\u0131m\u0131z var zaten, bir \u00e7o\u011funu elemek zorunday\u0131z. Bunlar\u0131 de\u011fi\u015ftirebiliriz, belki \u0130stanbul\u2019da stat say\u0131s\u0131 1\u2019e d\u00fc\u015fecek. Biz kimseye ulufe da\u011f\u0131tm\u0131yoruz. Burada UEFA\u2019n\u0131n kriterleri var; en y\u00fcksek seyirci kapasiteli statlar\u0131n olmas\u0131 gerekiyor. Bu statlarda yap\u0131lan ma\u00e7lar\u0131n gelirleri ne o kul\u00fcbe gidecek ne de TFF\u2019ye gidecek. B\u00fct\u00fcn gelirler UEFA\u2019ya gidiyor. UEFA kriterlerine uygun olan tekrar de\u011ferlendirmeler ile sadece 5 stat kalacak. O zaman her \u015fehrimiz bu konuda aya\u011fa kalkar. 2032 \u0130stanbul \u015fampiyonas\u0131 de\u011fil, T\u00fcrkiye \u015fampiyonas\u0131. Di\u011fer kul\u00fcplerimizin statlar\u0131 da d\u0131\u015far\u0131da kalabilir. Bu konuda g\u00f6r\u00fc\u015f bildirmek do\u011fru de\u011fil. Bir\u00e7ok \u015fehrimiz, Anadolu\u2019da kendi \u015fehrinde yap\u0131lmas\u0131n\u0131 istiyor. G\u00f6n\u00fcl ister ki 30 tane \u015fehirde yapabilsek.&#8221;<\/span><\/p>\n<p><strong><span style=\"font-family: arial, helvetica, sans-serif; font-size: 14px;\">TFF S\u00fcper Kupa a\u00e7\u0131klamas\u0131<\/span><\/strong><br \/>\n<span style=\"font-family: arial, helvetica, sans-serif; font-size: 14px;\">Galatasaray ile Fenerbah\u00e7e aras\u0131nda oynanacak TFF S\u00fcper Kupa&#8217;n\u0131n nerede yap\u0131laca\u011f\u0131na ili\u015fkin ise Mehmet B\u00fcy\u00fckek\u015fi, &#8220;Bu konuda televizyon program\u0131nda a\u00e7\u0131klamam\u0131 yapm\u0131\u015ft\u0131m; Suudi Arabistan ve Abu Dabi ile g\u00f6r\u00fc\u015f\u00fcyoruz diye. Anla\u015ft\u0131\u011f\u0131m\u0131z takdirde 30 Ekim\u2019de yurt d\u0131\u015f\u0131nda olabilir. Bu g\u00f6r\u00fc\u015fmelerimiz T\u00fcrkiye Futbol Federasyonu\u2019nun kendi d\u00fc\u015f\u00fcncesiyle yapt\u0131\u011f\u0131 bir \u00e7al\u0131\u015fma de\u011fil. Hem Fenerbah\u00e7e Kul\u00fcb\u00fcm\u00fcz\u00fcn ba\u015fkan\u0131 ile hem Galatasaray Kul\u00fcb\u00fcm\u00fcz\u00fcn ba\u015fkan\u0131 ile yapt\u0131\u011f\u0131m\u0131z, onlardan da \u2018olur\u2019 ald\u0131\u011f\u0131m\u0131z bir \u00e7al\u0131\u015fma. \u0130kisi de bu konuda muvaffakiyet bildirdiler. Anla\u015f\u0131rsak, bu iki kul\u00fcb\u00fcm\u00fcz r\u0131zas\u0131yla yap\u0131lan anla\u015fmay\u0131 hangi \u00fclkede olaca\u011f\u0131n\u0131 a\u00e7\u0131klayaca\u011f\u0131z. Olursa bizden duyacaks\u0131n\u0131z, yetkisi olmayan ki\u015filerin payla\u015f\u0131mlar\u0131na itibar etmeyiniz&#8221; diyerek s\u00f6zlerini noktalad\u0131.<\/span><\/p>\n","protected":false},"excerpt":{"rendered":"<p>T\u00fcrkiye Futbol Federasyonu Ba\u015fkan\u0131 Mehmet B\u00fcy\u00fckek\u015fi, \u0130talya &#8211; T\u00fcrkiye ortakl\u0131\u011f\u0131nda d\u00fczenlenecek 2032 Avrupa Futbol \u015eampiyonas\u0131 (EURO 2032) i\u00e7in belirlenen aday<\/p>\n","protected":false},"author":3,"featured_media":16530,"comment_status":"open","ping_status":"open","sticky":false,"template":"","format":"standard","meta":{"colormag_page_container_layout":"default_layout","colormag_page_sidebar_layout":"default_layout","footnotes":""},"categories":[1,5,9],"tags":[],"class_list":["post-16528","post","type-post","status-publish","format-standard","has-post-thumbnail","hentry","category-genel","category-gundem","category-spor"],"_links":{"self":[{"href":"https:\/\/marmarayerelhizmet.com\/index.php\/wp-json\/wp\/v2\/posts\/16528","targetHints":{"allow":["GET"]}}],"collection":[{"href":"https:\/\/marmarayerelhizmet.com\/index.php\/wp-json\/wp\/v2\/posts"}],"about":[{"href":"https:\/\/marmarayerelhizmet.com\/index.php\/wp-json\/wp\/v2\/types\/post"}],"author":[{"embeddable":true,"href":"https:\/\/marmarayerelhizmet.com\/index.php\/wp-json\/wp\/v2\/users\/3"}],"replies":[{"embeddable":true,"href":"https:\/\/marmarayerelhizmet.com\/index.php\/wp-json\/wp\/v2\/comments?post=16528"}],"version-history":[{"count":0,"href":"https:\/\/marmarayerelhizmet.com\/index.php\/wp-json\/wp\/v2\/posts\/16528\/revisions"}],"wp:featuredmedia":[{"embeddable":true,"href":"https:\/\/marmarayerelhizmet.com\/index.php\/wp-json\/wp\/v2\/media\/16530"}],"wp:attachment":[{"href":"https:\/\/marmarayerelhizmet.com\/index.php\/wp-json\/wp\/v2\/media?parent=16528"}],"wp:term":[{"taxonomy":"category","embeddable":true,"href":"https:\/\/marmarayerelhizmet.com\/index.php\/wp-json\/wp\/v2\/categories?post=16528"},{"taxonomy":"post_tag","embeddable":true,"href":"https:\/\/marmarayerelhizmet.com\/index.php\/wp-json\/wp\/v2\/tags?post=16528"}],"curies":[{"name":"wp","href":"https:\/\/api.w.org\/{rel}","templated":true}]}}