{"id":16520,"date":"2023-10-11T16:03:30","date_gmt":"2023-10-11T13:03:30","guid":{"rendered":"https:\/\/marmarayerelhizmet.com\/?p=16520"},"modified":"2023-10-11T16:03:30","modified_gmt":"2023-10-11T13:03:30","slug":"yedi-guzel-adam-edebiyat-okulu-basliyor","status":"publish","type":"post","link":"https:\/\/marmarayerelhizmet.com\/index.php\/2023\/10\/11\/yedi-guzel-adam-edebiyat-okulu-basliyor\/","title":{"rendered":"Yedi G\u00fczel Adam Edebiyat Okulu Ba\u015fl\u0131yor"},"content":{"rendered":"<p><strong><span style=\"font-family: arial, helvetica, sans-serif; font-size: 14px;\">Esenler Belediyesi \u201cYedi G\u00fczel Adam\u201d ad\u0131yla T\u00fcrk edebiyat\u0131n\u0131n \u00f6nde gelen isimleri Cahit Zarifo\u011flu, Erdem Bayaz\u0131t, Rasim \u00d6zden\u00f6ren, Nuri Pakdil, Mehmet Akif \u0130nan, Alaeddin \u00d6zden\u00f6ren ve Sezai Karako\u00e7\u2019un eser verdi\u011fi t\u00fcrlerde at\u00f6lye \u00e7al\u0131\u015fmalar\u0131 ve e\u011fitimlerin verilece\u011fi \u201cEdebiyat Okulu\u201dna bu y\u0131l 2\u2019nci kez ev sahipli\u011fi yapacak.<br \/>\n<\/span><\/strong><br \/>\n<span style=\"font-family: arial, helvetica, sans-serif; font-size: 14px;\">Esenler Belediyesi, yak\u0131n edebiyat tarihimizin unutulmaz isimlerinden olan \u201cYedi G\u00fczel Adam\u201d temal\u0131 Edebiyat Okulu\u2019na 2\u2019nci kez ev sahipli\u011fi yapacak. \u201cYedi G\u00fczel Adam\u201d olarak an\u0131lan Cahit Zarifo\u011flu, Erdem Bayaz\u0131t, Rasim \u00d6zden\u00f6ren, Nuri Pakdil, Mehmet Akif \u0130nan, Alaeddin \u00d6zden\u00f6ren ve Sezai Karako\u00e7\u2019un eserlerini gelece\u011fe ta\u015f\u0131may\u0131 ve edebiyata ilgisi olan her ya\u015ftan bireyi, Yedi G\u00fczel Adam\u2019\u0131n izinde yeti\u015ftirmeyi hedefleyen okula 15-65 ya\u015f aras\u0131ndaki herkes ba\u015fvurabilecek. Edebiyat Okulu\u2019na ba\u015fvurular belediyenin internet sitesi \u00fczerinden yap\u0131lacak. Edebiyat Okulu\u2018nda 12 hafta boyunca 7 ba\u015fl\u0131kta e\u011fitim verilecek. Edebiyat Okulu\u2019na son ba\u015fvuru tarihi ise 22 Ekim 2023.<\/span><\/p>\n<p><strong><span style=\"font-family: arial, helvetica, sans-serif; font-size: 14px;\">\u015eair ve yazarlardan kapsaml\u0131 e\u011fitim<\/span><\/strong><br \/>\n<span style=\"font-family: arial, helvetica, sans-serif; font-size: 14px;\">Yedi G\u00fczel Adam Edebiyat Okulu\u2019nda Cahit Zarifo\u011flu \u00c7ocuk Edebiyat\u0131 At\u00f6lyesi yazar Suheyla Sancar, Rasim \u00d6zden\u00f6ren Roman At\u00f6lyesi yazar Osman Koca, Nuri Pakdil Deneme At\u00f6lyesi \u015fair-yazar \u00d6zcan \u00dcnl\u00fc, Alaeddin \u00d6zden\u00f6ren \u015eiir At\u00f6lyesi \u015fair-yazar \u015eakir Kurtulmu\u015f, Mehmet Akif \u0130nan Portre Yazarl\u0131\u011f\u0131 At\u00f6lyesi gazeteci-yazar Mehmet Nuri Yard\u0131m, Sezai Karako\u00e7 Ele\u015ftiri At\u00f6lyesi akademisyen-yazar Prof. Dr. Mehmet G\u00fcne\u015f ve Erdem Bayaz\u0131t \u00d6yk\u00fc At\u00f6lyesi yazar Erhan Gen\u00e7 taraf\u0131ndan verilecek. Edebiyat Okulu\u2019nda ayr\u0131ca alan\u0131nda uzman akademisyen, \u015fair ve yazarlar taraf\u0131ndan workshoplar ve geziler de yap\u0131lacak. Edebiyat Okulu\u2019nda m\u00fclakatlar ise 28 Ekim 2023 tarihinde Dr. Kadir Topba\u015f K\u00fclt\u00fcr Sanat Merkezi\u2019nde ger\u00e7ekle\u015fecek.<\/span><\/p>\n","protected":false},"excerpt":{"rendered":"<p>Esenler Belediyesi \u201cYedi G\u00fczel Adam\u201d ad\u0131yla T\u00fcrk edebiyat\u0131n\u0131n \u00f6nde gelen isimleri Cahit Zarifo\u011flu, Erdem Bayaz\u0131t, Rasim \u00d6zden\u00f6ren, Nuri Pakdil, Mehmet<\/p>\n","protected":false},"author":3,"featured_media":16522,"comment_status":"open","ping_status":"open","sticky":false,"template":"","format":"standard","meta":{"colormag_page_container_layout":"default_layout","colormag_page_sidebar_layout":"default_layout","footnotes":""},"categories":[1,5,6,8],"tags":[],"class_list":["post-16520","post","type-post","status-publish","format-standard","has-post-thumbnail","hentry","category-genel","category-gundem","category-kultur-sanat","category-siyaset"],"_links":{"self":[{"href":"https:\/\/marmarayerelhizmet.com\/index.php\/wp-json\/wp\/v2\/posts\/16520","targetHints":{"allow":["GET"]}}],"collection":[{"href":"https:\/\/marmarayerelhizmet.com\/index.php\/wp-json\/wp\/v2\/posts"}],"about":[{"href":"https:\/\/marmarayerelhizmet.com\/index.php\/wp-json\/wp\/v2\/types\/post"}],"author":[{"embeddable":true,"href":"https:\/\/marmarayerelhizmet.com\/index.php\/wp-json\/wp\/v2\/users\/3"}],"replies":[{"embeddable":true,"href":"https:\/\/marmarayerelhizmet.com\/index.php\/wp-json\/wp\/v2\/comments?post=16520"}],"version-history":[{"count":0,"href":"https:\/\/marmarayerelhizmet.com\/index.php\/wp-json\/wp\/v2\/posts\/16520\/revisions"}],"wp:featuredmedia":[{"embeddable":true,"href":"https:\/\/marmarayerelhizmet.com\/index.php\/wp-json\/wp\/v2\/media\/16522"}],"wp:attachment":[{"href":"https:\/\/marmarayerelhizmet.com\/index.php\/wp-json\/wp\/v2\/media?parent=16520"}],"wp:term":[{"taxonomy":"category","embeddable":true,"href":"https:\/\/marmarayerelhizmet.com\/index.php\/wp-json\/wp\/v2\/categories?post=16520"},{"taxonomy":"post_tag","embeddable":true,"href":"https:\/\/marmarayerelhizmet.com\/index.php\/wp-json\/wp\/v2\/tags?post=16520"}],"curies":[{"name":"wp","href":"https:\/\/api.w.org\/{rel}","templated":true}]}}