{"id":16516,"date":"2023-10-11T16:01:20","date_gmt":"2023-10-11T13:01:20","guid":{"rendered":"https:\/\/marmarayerelhizmet.com\/?p=16516"},"modified":"2023-10-11T16:01:20","modified_gmt":"2023-10-11T13:01:20","slug":"karesi-belediyesinde-erasmusdays","status":"publish","type":"post","link":"https:\/\/marmarayerelhizmet.com\/index.php\/2023\/10\/11\/karesi-belediyesinde-erasmusdays\/","title":{"rendered":"Karesi Belediyesi\u2019nde Erasmusdays"},"content":{"rendered":"<p><strong><span style=\"font-family: arial, helvetica, sans-serif; font-size: 14px;\">Avrupa Birli\u011fi E\u011fitim ve Gen\u00e7lik Programlar\u0131 Merkezi Ba\u015fkanl\u0131\u011f\u0131 taraf\u0131ndan ba\u015fvurusu kabul edilen Eurodesk Temas Noktas\u0131 Karesi Belediyesi, 9-14 Ekim 2023 tarihleri aras\u0131nda d\u00fczenlenen ErasmusDays etkinlikleri kapsam\u0131nda bilgi ve deneyimlerini payla\u015fmaya devam etti.<br \/>\n<\/span><\/strong><br \/>\n<span style=\"font-family: arial, helvetica, sans-serif; font-size: 14px;\">Karesi Belediyesi, Bal\u0131kesir ili s\u0131n\u0131rlar\u0131 i\u00e7erisindeki tek Eurodesk Temas Noktas\u0131 olarak, Erasmus+ Program\u0131n\u0131n, Erasmus+ projelerinin ve yararlan\u0131c\u0131 hik\u00e2yelerinin daha g\u00f6r\u00fcn\u00fcr hale gelmesi i\u00e7in her y\u0131l d\u00fczenlenmekte olan ErasmusDays etkinlikleri kapsam\u0131nda G\u00fclser-Mehmet Bolluk Anadolu Lisesi \u00f6\u011fretmenleri ve \u00f6\u011frencileriyle bir araya geldi. Erasmus g\u00fcnleri kapsam\u0131nda Karesi Belediyesi Strateji Geli\u015ftirme M\u00fcd\u00fcr\u00fc \u00d6zg\u00fcr Aycil, Karesi Belediyesi taraf\u0131ndan y\u00fcr\u00fct\u00fclen yerel ve uluslararas\u0131 projeler hakk\u0131nda kat\u0131l\u0131mc\u0131 gen\u00e7lere y\u00f6nelik bilgilendirme sunumu ger\u00e7ekle\u015ftirdi. H\u00e2lihaz\u0131rda belediyemiz taraf\u0131ndan y\u00fcr\u00fct\u00fclen Karesi Belediyesi Eurodesk Temas Noktas\u0131n\u0131n faaliyetleri, Avrupa Birli\u011fi Dayan\u0131\u015fma A\u011f\u0131(ESC) ve benzeri konularda bilgi ve birikimler gen\u00e7lere do\u011frudan aktar\u0131ld\u0131. \u00d6\u011fretmenler ve \u00f6\u011frencilerin Erasmus deneyimlerini aktarmas\u0131yla devam eden etkinlik konser ve bilgi yar\u0131\u015fmas\u0131 ile sona erdi.<br \/>\n<\/span><br \/>\n<strong><span style=\"font-family: arial, helvetica, sans-serif; font-size: 14px;\">Ba\u015fkan Orkan: \u201cGen\u00e7lerimizin her zaman yan\u0131nday\u0131z\u201d<\/span><\/strong><br \/>\n<span style=\"font-family: arial, helvetica, sans-serif; font-size: 14px;\">Etkinlik hakk\u0131nda konu\u015fan Karesi Belediye Ba\u015fkan\u0131 Din\u00e7er Orkan; \u201cGen\u00e7lerle ilgili y\u00fcr\u00fct\u00fclen her faaliyet bizim i\u00e7in \u00e7ok de\u011ferli. Bilindi\u011fi gibi bu y\u0131l 9-13 Ekim 2023 tarihleri aras\u0131, ErasmusDays kapsam\u0131nda ba\u015fta Eurodesk temas noktalar\u0131 olmak \u00fczere t\u00fcm Avrupa\u2019da ve \u00fclkemizde kutlanmakta. Bizde Karesi Belediyesi olarak \u00f6\u011frencilerimiz ve \u00f6\u011fretmenlerimizle b\u00f6yle bir etkinlik d\u00fczenledik. Y\u00fcr\u00fctt\u00fc\u011f\u00fcm\u00fcz Avrupa Birli\u011fi projeleri hakk\u0131nda gen\u00e7lerimizi bilgilendirdik, Eurodesk Temas Noktas\u0131 olarak Avrupa Birli\u011fi f\u0131rsatlar\u0131n\u0131 onlara aktarmaya ve bizden nas\u0131l faydalanabileceklerini anlatmaya \u00e7al\u0131\u015ft\u0131k. Karesi Belediyesi olarak cok farkl\u0131 tematik alanlarda projeler y\u00fcr\u00fct\u00fcyoruz. Bu projelerden gen\u00e7lerimizin azami derecede faydalanmas\u0131n\u0131 istiyorum. Bundan sonra top art\u0131k gen\u00e7lerde. Biz belediye olarak gen\u00e7lerin her zaman yan\u0131nday\u0131z ve destek\u00e7isiyiz\u201d dedi.<\/span><\/p>\n","protected":false},"excerpt":{"rendered":"<p>Avrupa Birli\u011fi E\u011fitim ve Gen\u00e7lik Programlar\u0131 Merkezi Ba\u015fkanl\u0131\u011f\u0131 taraf\u0131ndan ba\u015fvurusu kabul edilen Eurodesk Temas Noktas\u0131 Karesi Belediyesi, 9-14 Ekim 2023<\/p>\n","protected":false},"author":3,"featured_media":16518,"comment_status":"open","ping_status":"open","sticky":false,"template":"","format":"standard","meta":{"colormag_page_container_layout":"default_layout","colormag_page_sidebar_layout":"default_layout","footnotes":""},"categories":[1,5,8],"tags":[],"class_list":["post-16516","post","type-post","status-publish","format-standard","has-post-thumbnail","hentry","category-genel","category-gundem","category-siyaset"],"_links":{"self":[{"href":"https:\/\/marmarayerelhizmet.com\/index.php\/wp-json\/wp\/v2\/posts\/16516","targetHints":{"allow":["GET"]}}],"collection":[{"href":"https:\/\/marmarayerelhizmet.com\/index.php\/wp-json\/wp\/v2\/posts"}],"about":[{"href":"https:\/\/marmarayerelhizmet.com\/index.php\/wp-json\/wp\/v2\/types\/post"}],"author":[{"embeddable":true,"href":"https:\/\/marmarayerelhizmet.com\/index.php\/wp-json\/wp\/v2\/users\/3"}],"replies":[{"embeddable":true,"href":"https:\/\/marmarayerelhizmet.com\/index.php\/wp-json\/wp\/v2\/comments?post=16516"}],"version-history":[{"count":0,"href":"https:\/\/marmarayerelhizmet.com\/index.php\/wp-json\/wp\/v2\/posts\/16516\/revisions"}],"wp:featuredmedia":[{"embeddable":true,"href":"https:\/\/marmarayerelhizmet.com\/index.php\/wp-json\/wp\/v2\/media\/16518"}],"wp:attachment":[{"href":"https:\/\/marmarayerelhizmet.com\/index.php\/wp-json\/wp\/v2\/media?parent=16516"}],"wp:term":[{"taxonomy":"category","embeddable":true,"href":"https:\/\/marmarayerelhizmet.com\/index.php\/wp-json\/wp\/v2\/categories?post=16516"},{"taxonomy":"post_tag","embeddable":true,"href":"https:\/\/marmarayerelhizmet.com\/index.php\/wp-json\/wp\/v2\/tags?post=16516"}],"curies":[{"name":"wp","href":"https:\/\/api.w.org\/{rel}","templated":true}]}}