{"id":16506,"date":"2023-10-11T15:01:37","date_gmt":"2023-10-11T12:01:37","guid":{"rendered":"https:\/\/marmarayerelhizmet.com\/?p=16506"},"modified":"2023-10-11T15:01:37","modified_gmt":"2023-10-11T12:01:37","slug":"erdogan-durmak-duraksamak-yok","status":"publish","type":"post","link":"https:\/\/marmarayerelhizmet.com\/index.php\/2023\/10\/11\/erdogan-durmak-duraksamak-yok\/","title":{"rendered":"Erdo\u011fan: &#8216;Durmak, Duraksamak Yok&#8217;"},"content":{"rendered":"<p><strong><span style=\"font-family: arial, helvetica, sans-serif; font-size: 14px;\">Cumhurba\u015fkan\u0131 Recep Tayyip Erdo\u011fan, \u201dMevcut belediyelerimizi daha g\u00fc\u00e7l\u00fc bir \u015fekilde elde tutarken, \u0130stanbul, Ankara ba\u015fta olmak \u00fczere yeni \u015fehirlerle milletimizi ger\u00e7ek belediyecilikle tan\u0131\u015ft\u0131rana kadar bize durmak, duraksamak yok\u201d dedi.<br \/>\n<\/span><\/strong><br \/>\n<span style=\"font-family: arial, helvetica, sans-serif; font-size: 14px;\">Cumhurba\u015fkan\u0131 Recep Tayyip Erdo\u011fan, TBMM&#8217;de AK Parti Grubu toplant\u0131s\u0131nda konu\u015ftu. Cumhurba\u015fkan\u0131 Erdo\u011fan, milletin takdiri ile 14 May\u0131s se\u00e7iminde AK Parti listelerinden milletvekili olarak se\u00e7ilenleri bir kez daha tebrik etti. T\u00fcrkiye\u2019nin 14 May\u0131s 1950\u2019den sonra 14 May\u0131s 2023\u2019de tam da cumhuriyetin kurulu\u015funun ilk asr\u0131n\u0131 tamamlarken bir kez daha demokrasinin g\u00fcc\u00fcn\u00fc t\u00fcm d\u00fcnyaya g\u00f6sterdi\u011fini belirten Erdo\u011fan, \u201cBu se\u00e7imlerde milli iradenin \u00fcst\u00fcnl\u00fc\u011f\u00fc anlay\u0131\u015f\u0131ndan taviz vermeden m\u00fccadelemizi y\u00fcr\u00fctt\u00fc\u011f\u00fcm\u00fczde vesayetin de, darbelerin de, i\u00e7 ve d\u0131\u015f kumpaslar\u0131n da \u00fcstesinden gelebilece\u011fimizi ispatlad\u0131k. Cumhur \u0130ttifak\u0131&#8217;n\u0131n bu s\u00fcre\u00e7te sergiledi\u011fi sa\u011flam ve ilkeli duru\u015f tarihe alt\u0131n harflerle nak\u0131\u015f olmu\u015ftur. Bu vesilesiyle MHP Genel Ba\u015fkan\u0131 Devlet Bah\u00e7eli ba\u015fta olmak \u00fczere Cumhur \u0130ttifak\u0131&#8217;ndaki t\u00fcm ortaklar\u0131m\u0131za bir kez daha \u015f\u00fckranlar\u0131m\u0131 sunuyorum. \u0130n\u015fallah T\u00fcrkiye Y\u00fczy\u0131l\u0131 destan\u0131n\u0131 Cumhur \u0130ttifak\u0131 olarak beraberce yazacak, gelecek nesillere arma\u011fan edece\u011fiz. \u00dclkesinin ve milletinin bekas\u0131, istiklali ve istikbali u\u011frunda verdi\u011fimiz m\u00fccadeleye kat\u0131lmak isteyen herkese Cumhur \u0130ttifak\u0131&#8217;n\u0131n kap\u0131s\u0131n\u0131n, tabii ortaklar\u0131m\u0131z\u0131n da r\u0131zas\u0131 \u015fart\u0131yla a\u00e7\u0131k oldu\u011funu belirtmek isterim. Kurulu\u015fumuzdan bug\u00fcne girdi\u011fimiz her se\u00e7imde oldu\u011fu gibi 14 ve 28 May\u0131s se\u00e7imlerinde de oylar\u0131yla, dualar\u0131yla, destekleriyle yan\u0131m\u0131zda olan milletimizin t\u00fcm fertlerine, d\u00fcnyan\u0131n d\u00f6rt bir yan\u0131ndaki t\u00fcm karde\u015flerimize te\u015fekk\u00fcr ediyorum. Bilhassa deprem b\u00f6lgesindeki karde\u015flerimizin s\u0131rf sand\u0131ktaki tercihlerinden dolay\u0131 maruz kald\u0131klar\u0131 al\u00e7ak\u00e7a hakaretler kar\u015f\u0131s\u0131nda sergiledi\u011fi vakur tavr\u0131 asla unutmayaca\u011f\u0131z. Kendilerinden ba\u015fka kimseye tahamm\u00fcl\u00fc olmayan fa\u015fist zihniyet, bu son hezeyan\u0131n\u0131n bedelini may\u0131s se\u00e7imlerinde oldu\u011fu gibi in\u015fallah 2024 Mart Mahalli \u0130dareler Se\u00e7imleri&#8217;nde de \u00f6deyecektir. Anadolu insan\u0131n\u0131n ferasetinden ve basiretinden nasibini almam\u0131\u015f olanlar, su\u00e7u kendilerinde aramak yerine hala millete y\u00fcklemeye kalk\u0131yor\u201d diye konu\u015ftu.<\/span><br \/>\n<span style=\"font-family: arial, helvetica, sans-serif; font-size: 14px;\">Muhalefetin Meclis \u00e7at\u0131s\u0131 alt\u0131nda ni\u00e7in yer bulamad\u0131klar\u0131n\u0131 sorgulamak yerine milli iradenin temsilcisi olan gazi Meclise h\u00fcrmetsizlik ettiklerini ifade eden Erdo\u011fan, \u201cTercihini, \u00fclkesini ve kendinin gelece\u011fi i\u00e7in en do\u011frusundan yana yapma iradesini g\u00f6steren milletin asil evlatlar\u0131n\u0131 a\u015fa\u011f\u0131layarak takir ve tahrik ederek iktidara gelece\u011fini sananlar bir kez daha h\u00fcsrana u\u011fram\u0131\u015ft\u0131r. Kimse hi\u00e7bir partiye ve adaya t\u0131p\u0131\u015f t\u0131p\u0131\u015f oy vermek mecburiyetinde olmad\u0131\u011f\u0131n\u0131 g\u00f6stermi\u015ftir. Millete sayg\u0131s\u0131 olmayan, kendisi de sayg\u0131y\u0131 hak etmez. Bak\u0131n\u0131z bu konuda bayrak \u015fairimiz Arif Nihat Asya ne diyor? \u2018Adamlar bilirim s\u00f6n\u00fck. Adamlar bilirim \u00e7\u00fcr\u00fck. Adamlar bilirim rozetleri y\u00fcreklerinden b\u00fcy\u00fck. Adamlar bilirim, anlamam\u0131\u015f, anlamayacak ne oldu\u011funu. Adamlar bilirim, dolduramam\u0131\u015f, dolduramayacak koltu\u011funu sabahlar bilir, \u00f6\u011flenler, ikindiler, ak\u015famlar bilirim. Ve g\u00fcnlerin, gecelerin d\u0131\u015f\u0131nda ya\u015fayan adamlar bilirim. Sadece g\u00fcnlerin ve gecelerin de\u011fil \u00fclkeye ve millete dair ne varsa her t\u00fcrl\u00fc derdin, tasan\u0131n, \u00e7ilenin, gayretin i\u00e7inde ya\u015fayan adamlar biliyoruz.\u2019 \u0130\u015fte se\u00e7imden sonra olup bitenleri, verilen koltuk kavgalar\u0131n\u0131, yap\u0131lan kirli pazarl\u0131klar\u0131 hep birlikte g\u00f6r\u00fcyoruz. Allah kimseyi b\u00f6yle bir duruma d\u00fc\u015f\u00fcrmesin diyoruz. Hep s\u00f6yledi\u011fimiz gibi biz be\u015feri planda milletin g\u00fcc\u00fcnden daha b\u00fcy\u00fck g\u00fc\u00e7 g\u00f6rmedik, tan\u0131mad\u0131k, bilmiyoruz. AK Parti&#8217;nin 3 Kas\u0131m 2002&#8217;den 14 ve 28 May\u0131s 2023&#8217;e kadar girdi\u011fi her se\u00e7imde bu hakikati bizzat ya\u015fad\u0131k. Ayn\u0131 \u015fekilde vesayetle ve ter\u00f6rle m\u00fccadelemizden 15 Temmuz \u015fanl\u0131 direni\u015fimize kadar maruz kald\u0131\u011f\u0131m\u0131z her sald\u0131r\u0131da bu hakikati tecr\u00fcbe ettik. Bunun i\u00e7in diyorum ki AK Parti&#8217;nin g\u00fcc\u00fc milletimizle olan g\u00f6n\u00fcl ba\u011f\u0131m\u0131z\u0131n g\u00fcc\u00fc kadard\u0131r. Bu ba\u011f\u0131 ne kadar kuvvetli tutarsak sand\u0131kta o derece yenilmez oluruz. Bu ba\u011f\u0131 zay\u0131flatt\u0131\u011f\u0131m\u0131zda ise kendi elimizle, kendi zahin ak\u0131betimizi haz\u0131rlam\u0131\u015f oluruz. Genel merkezimizle, kad\u0131n ve gen\u00e7lik kollar\u0131m\u0131zla, milletvekillerimizle, belediye ba\u015fkanlar\u0131m\u0131zla, il, il\u00e7e te\u015fkilatlar\u0131m\u0131zla, \u00fcyelerimizle bu ger\u00e7e\u011fi bir an bile akl\u0131m\u0131zdan \u00e7\u0131karmadan \u00e7al\u0131\u015fmalar\u0131m\u0131z\u0131 y\u00fcr\u00fctece\u011fiz. Aksi takdirde yolunu \u015fa\u015f\u0131r\u0131p bizden uza\u011fa d\u00fc\u015fenlere ve onlar\u0131n s\u0131\u011f\u0131nd\u0131\u011f\u0131 tek parti fa\u015fizminin temsilcisi olan partiye benzeriz. Allah sadece bizi de\u011fil, herkesi b\u00f6yle bir kabusun i\u00e7ine d\u00fc\u015fmekten korusun. Kimseye yar olmam\u0131\u015f bu g\u00f6k kubbede b\u0131rakaca\u011f\u0131m\u0131z ho\u015f sedalar ne kadar \u00e7ok olursa, gelecek nesillerden o derece samimi hay\u0131r dua alaca\u011f\u0131m\u0131za inan\u0131yorum. Sizlerden de \u00e7al\u0131\u015fmalar\u0131n\u0131z\u0131 bu anlay\u0131\u015fla y\u00fcr\u00fctmenizi istiyorum. \u00d6n\u00fcm\u00fczdeki d\u00f6nemde T\u00fcrkiye Y\u00fczy\u0131l\u0131 in\u015fas\u0131na verece\u011fimiz katk\u0131lar i\u00e7in \u015fimdiden sizlere te\u015fekk\u00fcr ediyorum\u201d \u015feklinde konu\u015ftu.<\/span><br \/>\n<span style=\"font-family: arial, helvetica, sans-serif; font-size: 14px;\">Cumhurba\u015fkan\u0131 Erdo\u011fan, ge\u00e7en hafta AK Parti 4. Ola\u011fan\u00fcst\u00fc B\u00fcy\u00fck Kongresi&#8217;ni yapt\u0131klar\u0131n\u0131 hat\u0131rlatt\u0131. Erdo\u011fan, kongreden sonra partide g\u00f6rev alanlar\u0131 tebrik ederek, \u015funlar\u0131 s\u00f6yledi:<\/span><br \/>\n<span style=\"font-family: arial, helvetica, sans-serif; font-size: 14px;\">\u201cMerkez Karar ve Y\u00f6netim Kurulumuzda, genel merkezde halen g\u00f6rev \u00fcstlenen arkada\u015flar\u0131m\u0131z d\u0131\u015f\u0131nda milletvekillerimize yer vermedik. Hem illerindeki yo\u011fun \u00e7al\u0131\u015fmalar\u0131 hem Meclis faaliyetleri sebebiyle zaten a\u011f\u0131r bir y\u00fck alt\u0131nda olan milletvekillerimize se\u00e7imlerde ilave g\u00f6revlendirmeler de yap\u0131yoruz. Sizler milletin temsilcisi ve AK Parti milletvekili konumunuzla genel merkezimizin t\u00fcm faaliyetlerinin tabii bir par\u00e7as\u0131 olarak s\u0131fatlar\u0131n en y\u00fccesine sahipsiniz. Merkez Karar ve Y\u00f6netim Kurulumuzu daha geni\u015f bir yelpazeyle genel merkezimizin temsil alan\u0131n\u0131 geni\u015fletme ve \u00fclkenin tamam\u0131nda daha etkin \u00e7al\u0131\u015fmalar y\u00fcr\u00fctmesine imkan sa\u011flama d\u00fc\u015f\u00fcncesiyle hareket ettik. Kongremizin hemen ard\u0131ndan yapt\u0131\u011f\u0131m\u0131z MKYK toplant\u0131m\u0131zda MYK\u2019m\u0131z\u0131 da olu\u015fturduk. \u0130n\u015fallah 2024 se\u00e7imlerine bu Merkez Karar ve Y\u00f6netim Kurulu ve Merkez Y\u00fcr\u00fctme Kurulumuzla birlikte haz\u0131rlanaca\u011f\u0131z. Vakti geldi\u011finde yapaca\u011f\u0131m\u0131z ola\u011fan kongremizde ise genel merkez y\u00f6netimimizi performans ve temsil odakl\u0131 anlay\u0131\u015fla elbette tekrar g\u00f6zden ge\u00e7irece\u011fiz. Bu s\u00fcre\u00e7teki gerek genel merkez gerekse milletvekilleri d\u00fczeyinde en \u00f6nemli kriterimizin mart ay\u0131nda yap\u0131lacak belediye ba\u015fkanl\u0131\u011f\u0131 se\u00e7iminde elde edilecek sonu\u00e7lar olaca\u011f\u0131n\u0131 \u015fimdiden belirtmek istiyorum.\u201d<\/span><\/p>\n<p><strong><span style=\"font-family: arial, helvetica, sans-serif; font-size: 14px;\">&#8220;Mevcut belediyeleri daha g\u00fc\u00e7l\u00fc bir \u015fekilde elde tutarken, \u0130stanbul, Ankara ba\u015fta olmak \u00fczere yeni \u015fehirlerle milletimizi ger\u00e7ek belediyecilikle tan\u0131\u015ft\u0131rana kadar bize durmak, duraksamak yok\u201d<\/span><\/strong><br \/>\n<span style=\"font-family: arial, helvetica, sans-serif; font-size: 14px;\">&#8220;Mevcut belediyeleri daha g\u00fc\u00e7l\u00fc bir \u015fekilde elde tutarken, \u0130stanbul, Ankara ba\u015fta olmak \u00fczere yeni \u015fehirlerle milletimizi ger\u00e7ek belediyecilikle tan\u0131\u015ft\u0131rana kadar bize durmak, duraksamak yok\u201d diyen Cumhurba\u015fkan\u0131 Erdo\u011fan, \u201cSizlerin may\u0131s se\u00e7imlerinin ard\u0131ndan yaz d\u00f6neminde de k\u00f6y k\u00f6y, mahalle mahalle, il\u00e7e il\u00e7e, \u015fehir \u015fehir dola\u015ft\u0131\u011f\u0131n\u0131z\u0131 hem te\u015fkilat\u0131n\u0131zla hem vatanda\u015flar\u0131m\u0131zla kucakla\u015ft\u0131\u011f\u0131n\u0131z\u0131 biliyorum. S\u00f6z\u00fcne, \u015fikayetine, talebine kulak verdi\u011fimiz, derdine derman olmak i\u00e7in samimi gayret g\u00f6stererek g\u00f6nl\u00fcne girdi\u011fimiz her vatanda\u015f\u0131m\u0131z bizim i\u00e7in bir kazan\u00e7t\u0131r. Bu s\u00fcre\u00e7te bakanlar\u0131m\u0131zla 81 vilayetimize adeta \u00e7\u0131karma yapt\u0131lar. Milletvekillerimiz, te\u015fkilatlar\u0131m\u0131z ve milletimizle isti\u015fareler ger\u00e7ekle\u015ftirdiler. Verimini hep birlikte g\u00f6rd\u00fc\u011f\u00fcm\u00fcz \u015fehir bulu\u015fmalar\u0131m\u0131z\u0131 devam ettirece\u011fiz. Seferberlik ruhuyla ko\u015fturarak 783 bin kilometrekarelik vatan topra\u011f\u0131n\u0131n hi\u00e7bir k\u00f6\u015fesinde ayak bas\u0131lmad\u0131k yer b\u0131rakmayaca\u011f\u0131z. Milletvekillerimizin de Meclis \u00e7al\u0131\u015fmalar\u0131nda arta kalan g\u00fcnlerini mutlaka se\u00e7im b\u00f6lgelerinde de\u011ferlendirmeleri \u00e7ok \u00f6nemlidir. Ne siyasette, ne kamuoyunda, ne \u015fehirlerimizin g\u00fcndeminde en k\u00fc\u00e7\u00fck bir bo\u015flu\u011fa meydan vermeyece\u011fiz. Unutmay\u0131n\u0131z, bizim b\u0131rakt\u0131\u011f\u0131m\u0131z her bo\u015fluk muhalefetin yalanlar\u0131 ve iftiralar\u0131yla doldurulacakt\u0131r. T\u00fcrkiye&#8217;ye 21 y\u0131lda as\u0131rl\u0131k eser ve hizmetler kazand\u0131rm\u0131\u015f, demokrasi ve kalk\u0131nma at\u0131l\u0131mlar\u0131 yapt\u0131r\u0131lm\u0131\u015f, \u00e7a\u011f atlatm\u0131\u015f kadrolar olarak bize yak\u0131\u015fan ne ise onu yapaca\u011f\u0131z. Muhalefet kadrolar\u0131n\u0131n milletten kopup, daha \u00e7ok m\u00fccadeleye d\u00f6n\u00fck, \u00fclkenin sorunlar\u0131na ilgisiz, lakayt, \u00fcretken de\u011fil, \u00e7\u0131\u011f\u0131rtkan tavr\u0131 sizleri \u015fa\u015f\u0131rtmas\u0131n. Bunlar hep b\u00f6yleydi. Sadece iyi birer tiyatro oyuncusu olduklar\u0131 i\u00e7in d\u0131\u015far\u0131ya kar\u015f\u0131 farkl\u0131 bir duru\u015f ve s\u00f6ylem sergiliyorlard\u0131. Bunlar\u0131n g\u00fcndeminde sadece belediyelerin asans\u00f6rlerine kimin binece\u011fi vard\u0131. Bug\u00fcn de koltuklar\u0131n\u0131, \u00e7\u0131karlar\u0131n\u0131 ve siyasi ikballerini korumaktan ba\u015fka bir dertleri yok\u201d ifadelerini kulland\u0131.<\/span><\/p>\n<p><strong><span style=\"font-family: arial, helvetica, sans-serif; font-size: 14px;\">&#8220;Siyaset, \u015fayet siz \u00fczerinize d\u00fc\u015fenleri hakk\u0131yla yapmazsan\u0131z daima s\u00fcrprizlere a\u00e7\u0131k aland\u0131r&#8221;<\/span><\/strong><br \/>\n<span style=\"font-family: arial, helvetica, sans-serif; font-size: 14px;\">2024 yerel se\u00e7imlerde muhalefete s\u00fcrpriz ya\u015fatmak istediklerini vurgulayan Erdo\u011fan, \u201cTek parti fa\u015fizminin temsilcilerinin bu kifayetsiz muhterislik \u00f6rnekleri yeni de de\u011fil. Milletin \u00f6n\u00fcne \u00e7eyrek as\u0131r boyunca hi\u00e7 sand\u0131k koymayan, ilk koydu\u011funda da a\u00e7\u0131k oy gizli tasnif y\u00f6ntemini kullanan, milletin tercihiyle ba\u015fa gelmi\u015f ba\u015fbakan\u0131 asan, darbelere alk\u0131\u015f tutan bir zihniyetten s\u00f6z ediyoruz. Hat\u0131rlay\u0131n\u0131z rahmetli Menderes, \u00fclke ve millet i\u00e7in ne yapt\u0131ysa bunlara ra\u011fmen yapt\u0131. Rahmetli \u00d6zal, tarihe damgas\u0131n\u0131 vuran reformlar\u0131n\u0131 bunlara ra\u011fmen ger\u00e7ekle\u015ftirdi. Biz de 21 y\u0131ld\u0131r sessiz devrimlerimizi, kalk\u0131nma at\u0131l\u0131mlar\u0131m\u0131z\u0131 hep bunlara ra\u011fmen hayata ge\u00e7irdik. Siyaset, \u015fayet siz \u00fczerinize d\u00fc\u015fenleri hakk\u0131yla yapmazsan\u0131z daima s\u00fcrprizlere a\u00e7\u0131k aland\u0131r. Belediye ba\u015fkanl\u0131\u011f\u0131 se\u00e7imlerinde bu t\u00fcr s\u00fcrprizler ya\u015fad\u0131k. \u00d6n\u00fcm\u00fczdeki se\u00e7imlerde her \u015feyi olmas\u0131 gerekti\u011fi gibi yaparak s\u00fcrprizi kar\u015f\u0131m\u0131zdakilere ya\u015fatmak istiyoruz. Bu konuda en b\u00fcy\u00fck g\u00f6rev de sizlere d\u00fc\u015f\u00fcyor. \u00d6n\u00fcm\u00fczdeki s\u00fcreci \u00f6nce \u00fclkem, \u00f6nce memleketim, \u00f6nce partim anlay\u0131\u015f\u0131yla y\u00fcr\u00fct\u00fcrsek hep birlikte Allah&#8217;\u0131n izniyle kazan\u0131r\u0131z. \u00d6nce ben, \u00f6nce benim \u00e7\u0131karlar\u0131m, hesaplar\u0131m, \u00f6nceliklerim diyenlerin ise kar\u015f\u0131m\u0131zdakilerden fark\u0131 kalmaz. Bu konuda her birinize g\u00fcveniyorum, inan\u0131yorum\u201d dedi.<\/span><\/p>\n<p><strong><span style=\"font-family: arial, helvetica, sans-serif; font-size: 14px;\">&#8220;Milletimden f\u0131rsat\u00e7\u0131lara hak ettikleri cevab\u0131 gerekti\u011finde mal\u0131n\u0131 sat\u0131n almayarak, gerekti\u011finde hizmetini ba\u015fka yerlerden temine y\u00f6nelerek ama her seferinde mutlaka yap\u0131lan ahlaks\u0131zl\u0131\u011f\u0131 if\u015fa ederek vermesini istiyorum&#8221;<\/span><\/strong><br \/>\n<span style=\"font-family: arial, helvetica, sans-serif; font-size: 14px;\">Milletten \u00fclkeyi y\u00f6netme vazifesini al\u0131rken \u00e7ok geni\u015f bir alanda sorumluluk \u00fcstlendiklerinin bilincinde olduklar\u0131na i\u015faret eden Erdo\u011fan, s\u00f6zlerini \u015fu \u015fekilde s\u00fcrd\u00fcrd\u00fc:<\/span><br \/>\n<span style=\"font-family: arial, helvetica, sans-serif; font-size: 14px;\">&#8220;Bunun i\u00e7in bizi sadece i\u00e7 siyasetin tart\u0131\u015fmalar\u0131na ve hesaplar\u0131na s\u0131k\u0131\u015ft\u0131racak her t\u00fcrl\u00fc tuzaktan, polemikten, \u00e7eki\u015fmeden uzak duruyoruz. Ufkumuzun ne kadar geni\u015f tutarsak millete kar\u015f\u0131 g\u00f6revlerimizi o derece iyi yerine getirebilece\u011fimizin fark\u0131nday\u0131z. Son d\u00f6nemde insan\u0131m\u0131z\u0131n can\u0131n\u0131 en \u00e7ok yakan ve s\u0131kan konu hi\u00e7 \u015f\u00fcphesiz hayat pahal\u0131l\u0131\u011f\u0131d\u0131r. Esasen her \u00fclkenin kendi ger\u00e7eklerine g\u00f6re farkl\u0131 seviyelerde seyreden enflasyondaki y\u00fcksek oranl\u0131 art\u0131\u015flar t\u00fcm d\u00fcnyan\u0131n sorunudur. T\u00fcrkiye olarak biz de birden fazla fakt\u00f6r\u00fcn \u00fcst \u00fcste gelmesiyle bu sorundan ciddi \u015fekilde mustarip durumday\u0131z. \u00dclkemizi b\u00fcy\u00fctme \u00fczerine kurulu temel ekonomik stratejimizden asla taviz vermeden yeni yol ve y\u00f6ntemlerle enflasyonun ve yol a\u00e7t\u0131\u011f\u0131 s\u0131k\u0131nt\u0131lar\u0131n \u00fcstesinden gelecek bir program uyguluyoruz. Bu program\u0131n ba\u015far\u0131s\u0131 ancak devlet kurumlar\u0131 yan\u0131nda \u00fcreticisinden toptanc\u0131s\u0131na, perakendecisinden t\u00fcketicisine, \u00e7al\u0131\u015fan\u0131ndan kendi ad\u0131na al\u0131m sat\u0131m yapan\u0131na kadar t\u00fcm kesimleriyle 85 milyonun tamam\u0131n\u0131n fedakarl\u0131\u011f\u0131 ve kararl\u0131l\u0131\u011f\u0131yla m\u00fcmk\u00fcnd\u00fcr. \u00dclkemizdeki hayat pahal\u0131l\u0131\u011f\u0131 bilhassa baz\u0131 alanlarda ne enflasyonla, ne d\u00f6viz kuruyla, ne de ba\u015fka bir ak\u0131lc\u0131 sebeple izah edilemeyecek seviyelere ula\u015fm\u0131\u015ft\u0131r. Sadece belirsizlik ortam\u0131n\u0131 f\u0131rsat bilip \u00fc\u00e7 kuru\u015f daha fazla kazanmak u\u011fruna \u00fclkesine bu k\u00f6t\u00fcl\u00fc\u011f\u00fc yapanlar, asl\u0131nda kendi geleceklerini sabote ettiklerini bilmelidirler. Biz g\u00fcven ve istikrar iklimini g\u00fc\u00e7lendirdik\u00e7e bu f\u0131rsat\u00e7\u0131lar\u0131n folyolar\u0131 daha net bir \u015fekilde d\u00f6k\u00fclmektedir. Milletimden bu f\u0131rsat\u00e7\u0131lara hak ettikleri cevab\u0131 gerekti\u011finde mal\u0131n\u0131 sat\u0131n almayarak, gerekti\u011finde hizmetini ba\u015fka yerlerden temine y\u00f6nelerek ama her seferinde mutlaka yap\u0131lan ahlaks\u0131zl\u0131\u011f\u0131 if\u015fa ederek vermesini istiyorum. Otomobilden konuta, kiradan g\u0131daya pek \u00e7ok alanda ya\u015fanan dengesiz fiyatlamalar\u0131n \u00f6n\u00fcne ancak bu \u015fekilde ge\u00e7ebiliriz. H\u00fck\u00fcmet olarak ald\u0131\u011f\u0131m\u0131z tedbirin sonucunu yava\u015f yava\u015f g\u00f6rmeye ba\u015flad\u0131k. Milletimiz m\u00fccadelemize destek verdi\u011finde s\u00fcre\u00e7 daha da h\u0131zlanacak.\u201d<\/span><\/p>\n<p><strong><span style=\"font-family: arial, helvetica, sans-serif; font-size: 14px;\">&#8220;Emeklilerimize kas\u0131m ay\u0131n\u0131n ortas\u0131nda bir defaya mahsus 5 bin lira ikramiye \u00f6demesi yapaca\u011f\u0131z&#8221;<\/span><\/strong><br \/>\n<span style=\"font-family: arial, helvetica, sans-serif; font-size: 14px;\">Erdo\u011fan, emeklilerin ya\u015fad\u0131\u011f\u0131 s\u0131k\u0131nt\u0131lar\u0131 bir nebze de olsa hafifletmek i\u00e7in kas\u0131m ay\u0131n\u0131n ortas\u0131nda bir defaya mahsus 5 bin lira ikramiye \u00f6demesi yapmay\u0131 kararla\u015ft\u0131rd\u0131klar\u0131n\u0131 s\u00f6yledi. Erdo\u011fan, \u201cHem \u00e7al\u0131\u015fanlar\u0131m\u0131z\u0131n hem de emeklilerimizin maa\u015flar\u0131nda enflasyon fark\u0131 ve refah pay\u0131n\u0131 i\u00e7eren d\u00fczenlemeleri y\u0131lba\u015f\u0131nda ayr\u0131ca yapaca\u011f\u0131z. Emeklilerle ilgili ald\u0131\u011f\u0131m\u0131z karar\u0131n tekrar hay\u0131rl\u0131 olmas\u0131n\u0131 diliyorum\u201d dedi.<\/span><br \/>\n<span style=\"font-family: arial, helvetica, sans-serif; font-size: 14px;\">Deprem b\u00f6lgesinin in\u015fa \u00e7al\u0131\u015fmalar\u0131n\u0131 da yak\u0131ndan takip ettiklerini belirten Erdo\u011fan, \u201c\u015eehirlerimizi yeniden aya\u011fa kald\u0131rmak i\u00e7in hem rezerv alanlarda hem de yerinde d\u00f6n\u00fc\u015f\u00fcm \u00e7al\u0131\u015fmalar\u0131n\u0131 s\u00fcratlendirdik. Ge\u00e7ici bar\u0131nma alanlar\u0131ndaki vatanda\u015flar\u0131m\u0131z\u0131 bir an \u00f6nce sa\u011flam, g\u00fcvenlikli, huzurlu evlerine kavu\u015fturmak i\u00e7in devletimizin t\u00fcm imkanlar\u0131n\u0131 seferber ettik. \u0130n\u015fallah \u00f6n\u00fcm\u00fczdeki aylardan itibaren tamamlanan konutlar\u0131 hak sahiplerine teslim etmeye ba\u015flayaca\u011f\u0131z\u201d ifadelerini kulland\u0131.<\/span><\/p>\n<p><strong><span style=\"font-family: arial, helvetica, sans-serif; font-size: 14px;\">&#8220;Yo\u011fun hava operasyonlar\u0131n\u0131 daha da art\u0131rarak devam ettirece\u011fiz&#8221;<\/span><\/strong><br \/>\n<span style=\"font-family: arial, helvetica, sans-serif; font-size: 14px;\">Irak&#8217;\u0131n ve Suriye&#8217;nin kuzeyinden T\u00fcrkiye\u2019ye sald\u0131rma haz\u0131rl\u0131\u011f\u0131 yapan, b\u00f6lgedeki T\u00fcrk unsurlar\u0131n\u0131 taciz eden ter\u00f6ristlere nefes ald\u0131rmad\u0131klar\u0131n\u0131n alt\u0131n\u0131 \u00e7izen Erdo\u011fan, \u201cHava harekatlar\u0131yla, top\u00e7u birliklerimizle, gerekti\u011finde kara unsurlar\u0131m\u0131zla her an tepelerindeyiz. Bir s\u00fcredir y\u00fcr\u00fctt\u00fc\u011f\u00fcm\u00fcz yo\u011fun hava operasyonlar\u0131n\u0131 daha da art\u0131rarak ter\u00f6r \u00f6rg\u00fct\u00fc mensuplar\u0131n\u0131, onlar\u0131 her yerde imha edece\u011fimizi g\u00f6stererek devam ettirece\u011fiz. Bu m\u00fccadelemizde ter\u00f6ristlerin yan\u0131nda yer alarak bize zarar verenlere cevab\u0131m\u0131z\u0131 \u00f6n\u00fcnde sonunda verece\u011fimizden kimsenin \u015f\u00fcphesi olmas\u0131n\u201d dedi.<\/span><br \/>\n<span style=\"font-family: arial, helvetica, sans-serif; font-size: 14px;\">T\u00fcrkiye\u2019nin m\u00fcttefiklik ili\u015fkileri i\u00e7inde oldu\u011fu her devletin ve kurumun hukukuna sayg\u0131l\u0131 oldu\u011funu ifade eden Erdo\u011fan, \u201cK\u00f6rfez Sava\u015f\u0131 d\u00f6neminden kalma hesaplar\u0131n\u0131 Suriye&#8217;deki ter\u00f6r \u00f6rg\u00fct\u00fcne arka \u00e7\u0131karak s\u00fcrd\u00fcrmeye \u00e7al\u0131\u015fanlar\u0131n art\u0131k ortak milli \u00e7\u0131karlar\u0131m\u0131z\u0131n gerektirdi\u011fi akl\u0131selim politikalara d\u00f6neceklerini umut ediyoruz. T\u00fcrkiye, m\u00fcttefiklik ili\u015fkileri i\u00e7inde oldu\u011fu her devletin ve kurumun hukukuna sayg\u0131l\u0131d\u0131r. Onlardan da ayn\u0131 \u015fekilde kendi hukukuna sayg\u0131 g\u00f6stermelerini beklemektedir. \u015eayet bu denge kurulamazsa herkesin kendi politikalar\u0131n\u0131 belirleme ve kendi yolunu \u00e7izme opsiyonu me\u015fru hak haline d\u00f6n\u00fc\u015f\u00fcr. Biz samimiyetle m\u00fcttefiklerimizle birlikte g\u00fcvenli, huzurlu, m\u00fcreffeh bir ortak gelece\u011fe y\u00fcr\u00fcmek istiyoruz. Bu \u00fclkeye art\u0131k dayatmalarla gizli, a\u00e7\u0131k siyasi oyunlarla, sinsi ekonomik tuzaklarla istikamet \u00e7izilemeyece\u011fini herkesin kabul etmesi \u015fartt\u0131r. Hala mandac\u0131l\u0131k hayalleri g\u00f6renleri, e\u015fit ortakl\u0131k temelinde yeni bir siyasi diplomatik, ekonomik ili\u015fki modelini \u00f6z\u00fcmsemeye ve gere\u011fini yerine getirmeye davet ediyoruz. Biz tam bin y\u0131ld\u0131r bu topraklarda bedel \u00f6deyerek ya\u015f\u0131yoruz. Biz, bu co\u011frafyan\u0131n ve medeniyetin hanc\u0131s\u0131y\u0131z, yolcusu de\u011fil. Burada yolcu durumunda olanlar\u0131n konumlar\u0131n\u0131 bir kez daha g\u00f6zden ge\u00e7irmeleri ve ona g\u00f6re davranmaya ba\u015flamalar\u0131 kendi menfaatlerinedir\u201d dedi.<\/span><\/p>\n","protected":false},"excerpt":{"rendered":"<p>Cumhurba\u015fkan\u0131 Recep Tayyip Erdo\u011fan, \u201dMevcut belediyelerimizi daha g\u00fc\u00e7l\u00fc bir \u015fekilde elde tutarken, \u0130stanbul, Ankara ba\u015fta olmak \u00fczere yeni \u015fehirlerle milletimizi<\/p>\n","protected":false},"author":3,"featured_media":16508,"comment_status":"open","ping_status":"open","sticky":false,"template":"","format":"standard","meta":{"colormag_page_container_layout":"default_layout","colormag_page_sidebar_layout":"default_layout","footnotes":""},"categories":[1,5,8],"tags":[],"class_list":["post-16506","post","type-post","status-publish","format-standard","has-post-thumbnail","hentry","category-genel","category-gundem","category-siyaset"],"_links":{"self":[{"href":"https:\/\/marmarayerelhizmet.com\/index.php\/wp-json\/wp\/v2\/posts\/16506","targetHints":{"allow":["GET"]}}],"collection":[{"href":"https:\/\/marmarayerelhizmet.com\/index.php\/wp-json\/wp\/v2\/posts"}],"about":[{"href":"https:\/\/marmarayerelhizmet.com\/index.php\/wp-json\/wp\/v2\/types\/post"}],"author":[{"embeddable":true,"href":"https:\/\/marmarayerelhizmet.com\/index.php\/wp-json\/wp\/v2\/users\/3"}],"replies":[{"embeddable":true,"href":"https:\/\/marmarayerelhizmet.com\/index.php\/wp-json\/wp\/v2\/comments?post=16506"}],"version-history":[{"count":0,"href":"https:\/\/marmarayerelhizmet.com\/index.php\/wp-json\/wp\/v2\/posts\/16506\/revisions"}],"wp:featuredmedia":[{"embeddable":true,"href":"https:\/\/marmarayerelhizmet.com\/index.php\/wp-json\/wp\/v2\/media\/16508"}],"wp:attachment":[{"href":"https:\/\/marmarayerelhizmet.com\/index.php\/wp-json\/wp\/v2\/media?parent=16506"}],"wp:term":[{"taxonomy":"category","embeddable":true,"href":"https:\/\/marmarayerelhizmet.com\/index.php\/wp-json\/wp\/v2\/categories?post=16506"},{"taxonomy":"post_tag","embeddable":true,"href":"https:\/\/marmarayerelhizmet.com\/index.php\/wp-json\/wp\/v2\/tags?post=16506"}],"curies":[{"name":"wp","href":"https:\/\/api.w.org\/{rel}","templated":true}]}}