{"id":16502,"date":"2023-10-11T14:58:28","date_gmt":"2023-10-11T11:58:28","guid":{"rendered":"https:\/\/marmarayerelhizmet.com\/?p=16502"},"modified":"2023-10-11T14:58:28","modified_gmt":"2023-10-11T11:58:28","slug":"bakan-isikhan-duzenlemeyi-tamamladik","status":"publish","type":"post","link":"https:\/\/marmarayerelhizmet.com\/index.php\/2023\/10\/11\/bakan-isikhan-duzenlemeyi-tamamladik\/","title":{"rendered":"Bakan I\u015f\u0131khan: &#8216;D\u00fczenlemeyi Tamamlad\u0131k&#8217;"},"content":{"rendered":"<p><strong><span style=\"font-family: arial, helvetica, sans-serif; font-size: 14px;\">\u00c7al\u0131\u015fma ve Sosyal G\u00fcvenlik Bakan\u0131 Vedat I\u015f\u0131khan, 5 bin liral\u0131k tek seferlik emekli ikramiyesine ili\u015fkin, \u201cD\u00fczenlemeyi tamamlad\u0131k, hay\u0131rl\u0131 olsun\u201d dedi.<br \/>\n<\/span><\/strong><br \/>\n<span style=\"font-family: arial, helvetica, sans-serif; font-size: 14px;\">\u00c7al\u0131\u015fma ve Sosyal G\u00fcvenlik Bakan\u0131 Vedat I\u015f\u0131khan, partisinin T\u00fcrkiye B\u00fcy\u00fck Millet Meclisi\u2019nde (TBMM) d\u00fczenlenen grup toplant\u0131s\u0131nda bas\u0131n mensuplar\u0131n\u0131n sorular\u0131n\u0131 cevaplad\u0131. I\u015f\u0131khan, tek sefer \u00f6denecek olan 5 bin liral\u0131k emekli ikramiyesine ili\u015fkin, \u201cBiz d\u00fczenlemeyi tamamlad\u0131k. Hay\u0131rl\u0131 olsun. Bu noktada \u00e7al\u0131\u015fan emeklileri kapsam d\u0131\u015f\u0131nda b\u0131rakt\u0131k. Takdir edersiniz ki m\u00fccbir sebeplerden dolay\u0131 b\u00fct\u00e7emizde bir k\u0131s\u0131tlamaya gitmek zorunda kald\u0131k. Elde edebilece\u011fimiz en maksimum sonu\u00e7 buydu. Hay\u0131rl\u0131 olsun. \u015eu anda g\u00fcndemimizde ba\u015fka bir \u00e7al\u0131\u015fma s\u00f6z konusu de\u011fil\u201d ifadelerini kulland\u0131.<\/span><br \/>\n<span style=\"font-family: arial, helvetica, sans-serif; font-size: 14px;\">Cumhurba\u015fkanl\u0131\u011f\u0131 Kabine Toplant\u0131s\u0131\u2019nda al\u0131nan karar\u0131n Anayasa\u2019ya ayk\u0131r\u0131 oldu\u011fu s\u00f6ylemlerini de de\u011ferlendiren I\u015f\u0131khan, \u201cZaten emekli olmu\u015f ve \u00e7al\u0131\u015fmaya devam ediyor. Bizim kurumumuzun hedefi sosyal devlet olarak da ma\u011fdur durumda olan ya da ge\u00e7inme zorlu\u011fu ya\u015fayan emeklilerimizi biz kapsam i\u00e7ine ald\u0131k. Bence \u00e7ok g\u00fczel bir sonu\u00e7 elde ettik, hay\u0131rl\u0131 oldu\u201d \u015feklinde konu\u015ftu.<\/span><\/p>\n","protected":false},"excerpt":{"rendered":"<p>\u00c7al\u0131\u015fma ve Sosyal G\u00fcvenlik Bakan\u0131 Vedat I\u015f\u0131khan, 5 bin liral\u0131k tek seferlik emekli ikramiyesine ili\u015fkin, \u201cD\u00fczenlemeyi tamamlad\u0131k, hay\u0131rl\u0131 olsun\u201d dedi.<\/p>\n","protected":false},"author":3,"featured_media":16504,"comment_status":"open","ping_status":"open","sticky":false,"template":"","format":"standard","meta":{"colormag_page_container_layout":"default_layout","colormag_page_sidebar_layout":"default_layout","footnotes":""},"categories":[3,1,5,8],"tags":[],"class_list":["post-16502","post","type-post","status-publish","format-standard","has-post-thumbnail","hentry","category-ekonomi","category-genel","category-gundem","category-siyaset"],"_links":{"self":[{"href":"https:\/\/marmarayerelhizmet.com\/index.php\/wp-json\/wp\/v2\/posts\/16502","targetHints":{"allow":["GET"]}}],"collection":[{"href":"https:\/\/marmarayerelhizmet.com\/index.php\/wp-json\/wp\/v2\/posts"}],"about":[{"href":"https:\/\/marmarayerelhizmet.com\/index.php\/wp-json\/wp\/v2\/types\/post"}],"author":[{"embeddable":true,"href":"https:\/\/marmarayerelhizmet.com\/index.php\/wp-json\/wp\/v2\/users\/3"}],"replies":[{"embeddable":true,"href":"https:\/\/marmarayerelhizmet.com\/index.php\/wp-json\/wp\/v2\/comments?post=16502"}],"version-history":[{"count":0,"href":"https:\/\/marmarayerelhizmet.com\/index.php\/wp-json\/wp\/v2\/posts\/16502\/revisions"}],"wp:featuredmedia":[{"embeddable":true,"href":"https:\/\/marmarayerelhizmet.com\/index.php\/wp-json\/wp\/v2\/media\/16504"}],"wp:attachment":[{"href":"https:\/\/marmarayerelhizmet.com\/index.php\/wp-json\/wp\/v2\/media?parent=16502"}],"wp:term":[{"taxonomy":"category","embeddable":true,"href":"https:\/\/marmarayerelhizmet.com\/index.php\/wp-json\/wp\/v2\/categories?post=16502"},{"taxonomy":"post_tag","embeddable":true,"href":"https:\/\/marmarayerelhizmet.com\/index.php\/wp-json\/wp\/v2\/tags?post=16502"}],"curies":[{"name":"wp","href":"https:\/\/api.w.org\/{rel}","templated":true}]}}