{"id":16498,"date":"2023-10-11T11:52:13","date_gmt":"2023-10-11T08:52:13","guid":{"rendered":"https:\/\/marmarayerelhizmet.com\/?p=16498"},"modified":"2023-10-11T14:54:26","modified_gmt":"2023-10-11T11:54:26","slug":"gencler-altieylulde-agirlandi","status":"publish","type":"post","link":"https:\/\/marmarayerelhizmet.com\/index.php\/2023\/10\/11\/gencler-altieylulde-agirlandi\/","title":{"rendered":"Gen\u00e7ler Alt\u0131eyl\u00fcl&#8217;de A\u011f\u0131rland\u0131"},"content":{"rendered":"<p><strong><span style=\"font-family: arial, helvetica, sans-serif; font-size: 14px;\">Almanya Bal\u0131kesirliler Derne\u011fi Gen\u00e7lik Kollar\u0131 T\u00fcrkiye\u2019ye 2. gezisini d\u00fczenledi. 33 gen\u00e7 ve dernek y\u00f6neticileri, otob\u00fcsle Edirne\u2019ye ard\u0131ndan \u00c7anakkale \u015eehitli\u011fini rehber e\u015fli\u011finde ziyaret etti. Daha sonras\u0131nda Bal\u0131kesir\u2019e hareket eden kafile, Havran\u2019l\u0131 Seyit Onba\u015f\u0131\u2019n\u0131n kabrini de ziyaret ederek kabri ba\u015f\u0131nda dua etti.<br \/>\n<\/span><\/strong><br \/>\n<span style=\"font-family: arial, helvetica, sans-serif; font-size: 14px;\">33 gen\u00e7 ve dernek y\u00f6neticileri, Bal\u0131kesir\u2019de de tarihi yerleri gezme f\u0131rsat\u0131 buldu. Alt\u0131eyl\u00fcl Belediyesi\u2019nin yapm\u0131\u015f oldu\u011fu eserleri gezme \u015fans\u0131 bulan gen\u00e7ler; Alt\u0131eyl\u00fcl Belediyesi \u2018Eser Belediyecili\u011fi\u2019 anlay\u0131\u015f\u0131yla yapm\u0131\u015f oldu\u011fu Konakp\u0131nar Gen\u00e7lik Merkezi\u2019nde gurbet\u00e7i gen\u00e7leri a\u011f\u0131rlayarak g\u00fczel bir g\u00fcn ge\u00e7irmelerini sa\u011flad\u0131.<\/span><br \/>\n<span style=\"font-family: arial, helvetica, sans-serif; font-size: 14px;\">\u0130l\u00e7e ziyaretlerinde bulunan gurbet\u00e7i gen\u00e7ler Alt\u0131eyl\u00fcl Belediyesi Gen\u00e7lik Spor M\u00fcd\u00fcrl\u00fc\u011f\u00fc\u2019n\u00fcn koordinesinde Sultan Abd\u00fclhamid Han Geli\u015fim Merkezi\u2019ni, Gazi Mustafa Kemal Atat\u00fcrk Ya\u015fam Kompleksi\u2019ni ve ak\u015famda Konakp\u0131nar Gen\u00e7lik Merkezi\u2019ni gezme f\u0131rsat\u0131 buldu. Gen\u00e7ler daha sonras\u0131nda Konakp\u0131nar Gen\u00e7lik Merkezi\u2019nde konaklayarak g\u00fcn\u00fcn yorgunlu\u011funu att\u0131.<br \/>\n<\/span><br \/>\n<strong><span style=\"font-family: arial, helvetica, sans-serif; font-size: 14px;\">Gen\u00e7ler Alt\u0131eyl\u00fcl Belediyesi\u2019nin Konakp\u0131nar Gen\u00e7lik Merkezi\u2019nde konaklad\u0131<\/span><\/strong><br \/>\n<span style=\"font-family: arial, helvetica, sans-serif; font-size: 14px;\">Sultan Abd\u00fclhamid Han Geli\u015fim Merkezi\u2019ni, Gazi Mustafa Kemal Atat\u00fcrk Ya\u015fam Kompleksi\u2019ni gezme f\u0131rsat\u0131 bulan gurbet\u00e7i gen\u00e7ler, \u201cHer ne kadar Almanya\u2019da ya\u015fasak da memleketimizde, \u00fclkemizde olman\u0131n mutlulu\u011funu ya\u015fad\u0131k. Alt\u0131eyl\u00fcl Belediyesi\u2019nin yapm\u0131\u015f oldu\u011fu eserleri gezme f\u0131rsat\u0131 bulduk. Alt\u0131eyl\u00fcl Belediyesi\u2019ne ba\u011fl\u0131 Gen\u00e7lik Spor M\u00fcd\u00fcrl\u00fc\u011f\u00fc taraf\u0131ndan Konakp\u0131nar Gen\u00e7lik Merkezi\u2019nde hem ate\u015f yakt\u0131k, hem de ate\u015f ba\u015f\u0131nda \u00fclkemizin g\u00fczel eserlerini s\u00f6yleme f\u0131rsat\u0131 bulduk\u201d diye konu\u015ftu.<br \/>\n<\/span><br \/>\n<strong><span style=\"font-family: arial, helvetica, sans-serif; font-size: 14px;\">\u201cBizleri evimizde hissettiren ba\u015fkan\u0131m\u0131z Hasan Avc\u0131\u2019ya te\u015fekk\u00fcr ederiz\u201d<\/span><\/strong><br \/>\n<span style=\"font-family: arial, helvetica, sans-serif; font-size: 14px;\">10.10. D\u00fcnya Bal\u0131kesirliler G\u00fcn\u00fc m\u00fcnasebetiyle d\u00fczenlenen etkinliklere de kat\u0131l\u0131m sa\u011flad\u0131klar\u0131n\u0131 ifade eden gurbet\u00e7i gen\u00e7ler, \u201cD\u00fcnya Bal\u0131kesirliler g\u00fcn\u00fc m\u00fcnasebetiyle yap\u0131lan korteje kat\u0131l\u0131m sa\u011flad\u0131k. Bal\u0131kesir\u2019de olmaktan \u00e7ok b\u00fcy\u00fck mutluluk duyduk. \u00d6zellikle bizleri Konakp\u0131nar Gen\u00e7lik Merkezi\u2019nde a\u011f\u0131rlayarak bizlerin yan\u0131nda olan ve bizleri evimizde hissettiren Ba\u015fkan\u0131m\u0131z Hasan Avc\u0131\u2019ya te\u015fekk\u00fcr ederiz\u201d dedi.<\/span><\/p>\n","protected":false},"excerpt":{"rendered":"<p>Almanya Bal\u0131kesirliler Derne\u011fi Gen\u00e7lik Kollar\u0131 T\u00fcrkiye\u2019ye 2. gezisini d\u00fczenledi. 33 gen\u00e7 ve dernek y\u00f6neticileri, otob\u00fcsle Edirne\u2019ye ard\u0131ndan \u00c7anakkale \u015eehitli\u011fini rehber<\/p>\n","protected":false},"author":3,"featured_media":16500,"comment_status":"open","ping_status":"open","sticky":false,"template":"","format":"standard","meta":{"colormag_page_container_layout":"default_layout","colormag_page_sidebar_layout":"default_layout","footnotes":""},"categories":[1,5,8],"tags":[],"class_list":["post-16498","post","type-post","status-publish","format-standard","has-post-thumbnail","hentry","category-genel","category-gundem","category-siyaset"],"_links":{"self":[{"href":"https:\/\/marmarayerelhizmet.com\/index.php\/wp-json\/wp\/v2\/posts\/16498","targetHints":{"allow":["GET"]}}],"collection":[{"href":"https:\/\/marmarayerelhizmet.com\/index.php\/wp-json\/wp\/v2\/posts"}],"about":[{"href":"https:\/\/marmarayerelhizmet.com\/index.php\/wp-json\/wp\/v2\/types\/post"}],"author":[{"embeddable":true,"href":"https:\/\/marmarayerelhizmet.com\/index.php\/wp-json\/wp\/v2\/users\/3"}],"replies":[{"embeddable":true,"href":"https:\/\/marmarayerelhizmet.com\/index.php\/wp-json\/wp\/v2\/comments?post=16498"}],"version-history":[{"count":0,"href":"https:\/\/marmarayerelhizmet.com\/index.php\/wp-json\/wp\/v2\/posts\/16498\/revisions"}],"wp:featuredmedia":[{"embeddable":true,"href":"https:\/\/marmarayerelhizmet.com\/index.php\/wp-json\/wp\/v2\/media\/16500"}],"wp:attachment":[{"href":"https:\/\/marmarayerelhizmet.com\/index.php\/wp-json\/wp\/v2\/media?parent=16498"}],"wp:term":[{"taxonomy":"category","embeddable":true,"href":"https:\/\/marmarayerelhizmet.com\/index.php\/wp-json\/wp\/v2\/categories?post=16498"},{"taxonomy":"post_tag","embeddable":true,"href":"https:\/\/marmarayerelhizmet.com\/index.php\/wp-json\/wp\/v2\/tags?post=16498"}],"curies":[{"name":"wp","href":"https:\/\/api.w.org\/{rel}","templated":true}]}}