{"id":16494,"date":"2023-10-11T14:52:06","date_gmt":"2023-10-11T11:52:06","guid":{"rendered":"https:\/\/marmarayerelhizmet.com\/?p=16494"},"modified":"2023-10-11T14:52:06","modified_gmt":"2023-10-11T11:52:06","slug":"gazzede-can-kaybi-bin-55e-yukseldi","status":"publish","type":"post","link":"https:\/\/marmarayerelhizmet.com\/index.php\/2023\/10\/11\/gazzede-can-kaybi-bin-55e-yukseldi\/","title":{"rendered":"Gazze&#8217;de Can Kayb\u0131 Bin 55&#8217;e Y\u00fckseldi"},"content":{"rendered":"<p><strong><span style=\"font-family: arial, helvetica, sans-serif; font-size: 14px;\">\u0130srail ordusunun Gazze \u015eeridi&#8217;ne ger\u00e7ekle\u015ftirdi\u011fi sald\u0131r\u0131larda hayat\u0131n\u0131 kaybedenlerin say\u0131s\u0131 bin 55&#8217;e, yaralananlar\u0131n say\u0131s\u0131 ise 5 bin 184&#8217;e y\u00fckseldi. Birle\u015fmi\u015f Milletler (BM) Filistinli M\u00fcltecilere Yard\u0131m Ajans\u0131, Gazze&#8217;de 9 BM \u00e7al\u0131\u015fan\u0131n\u0131n hayat\u0131n\u0131 kaybetti\u011fini a\u00e7\u0131klad\u0131. Filistin Enerji Kurumu ise Gazze \u015eeridi&#8217;ne elektrik sa\u011flayan tek enerji santralinin 10-12 saatlik yak\u0131t\u0131n\u0131n kald\u0131\u011f\u0131n\u0131 belirtti.<br \/>\n<\/span><\/strong><br \/>\n<span style=\"font-family: arial, helvetica, sans-serif; font-size: 14px;\">\u0130srail-Hamas aras\u0131ndaki \u00e7at\u0131\u015fma 5. g\u00fcnde devam ederken, can kayb\u0131 art\u0131yor. Filistin Sa\u011fl\u0131k Bakanl\u0131\u011f\u0131 taraf\u0131ndan yap\u0131lan a\u00e7\u0131klamada, \u0130srail&#8217;in Gazze&#8217;ye ger\u00e7ekle\u015ftirdi\u011fi sald\u0131r\u0131larda hayat\u0131n\u0131 kaybedenlerin say\u0131s\u0131n\u0131n bin 55&#8217;e, yaralananlar\u0131n say\u0131s\u0131n\u0131n ise 5 bin 184&#8217;e y\u00fckseldi\u011fi bildirildi.<\/span><\/p>\n<p><strong><span style=\"font-family: arial, helvetica, sans-serif; font-size: 14px;\">9 BM \u00e7al\u0131\u015fan\u0131 hayat\u0131n\u0131 kaybetti<\/span><\/strong><br \/>\n<span style=\"font-family: arial, helvetica, sans-serif; font-size: 14px;\">Birle\u015fmi\u015f Milletler (BM) Filistinli M\u00fcltecilere Yard\u0131m Ajans\u0131&#8217;ndan (UNRWA) yap\u0131lan a\u00e7\u0131klamada ise \u0130srail&#8217;in Cumartesi g\u00fcn\u00fcnden bu yana Gazze&#8217;ye ger\u00e7ekle\u015ftirdi\u011fi hava sald\u0131r\u0131lar\u0131nda 9 BM \u00e7al\u0131\u015fan\u0131n\u0131n hayat\u0131n\u0131 kaybetti\u011fi duyuruldu. UNRWA \u0130leti\u015fim Direkt\u00f6r\u00fc Juliette Touma, BM \u00e7al\u0131\u015fanlar\u0131n\u0131n b\u00f6lgedeki evlerinde \u00f6ld\u00fc\u011f\u00fcn\u00fc belirtti. Touma, &#8220;\u00c7at\u0131\u015fma zamanlar\u0131 da dahil olmak \u00fczere sivillerin korunmas\u0131 \u00e7ok \u00f6nemli. Sava\u015f hukukuna uygun olarak korunmalar\u0131 gerekiyor&#8221; ifadelerini kulland\u0131.<\/span><\/p>\n<p><strong><span style=\"font-family: arial, helvetica, sans-serif; font-size: 14px;\">&#8220;Gazze&#8217;nin 10-12 saatlik yak\u0131t\u0131 kald\u0131&#8221;<\/span><\/strong><br \/>\n<span style=\"font-family: arial, helvetica, sans-serif; font-size: 14px;\">Filistin Enerji Kurumu Ba\u015fkan\u0131 Thafer Melhem, Filistin&#8217;in Sesi radyosuna a\u00e7\u0131klamada bulundu. Melhem, Gazze&#8217;deki elektrik santralinin \u015fu anda b\u00f6lgedeki tek elektrik kayna\u011f\u0131 oldu\u011funu ve santraldeki yak\u0131t\u0131n 10-12 saat i\u00e7inde t\u00fckenece\u011fini duyurdu.<\/span><br \/>\n<span style=\"font-family: arial, helvetica, sans-serif; font-size: 14px;\">\u0130srail y\u00f6netimi pazartesi g\u00fcn\u00fc &#8220;tam abluka&#8221; ilan ederek, Gazze&#8217;ye elektrik tedarikini kesmi\u015fti.<\/span><\/p>\n<p><strong><span style=\"font-family: arial, helvetica, sans-serif; font-size: 14px;\">\u0130srail 5 g\u00fcnde 2 bin 687 hedefi vurdu<\/span><\/strong><br \/>\n<span style=\"font-family: arial, helvetica, sans-serif; font-size: 14px;\">\u0130srail Savunma Kuvvetleri&#8217;nden (IDF) yap\u0131lan a\u00e7\u0131klamada ise Cumartesi g\u00fcn\u00fcnden bu yana Gazze \u015eeridi&#8217;nde 2 bin 687 hedefe sald\u0131r\u0131 ger\u00e7ekle\u015ftirdi\u011fi belirtildi. Hedeflerin bin 329&#8217;unun Hamas&#8217;a ait unsurlar\u0131n bulundu\u011fu \u00e7ok katl\u0131 binalar oldu\u011fu aktar\u0131ld\u0131.<\/span><\/p>\n<p><strong><span style=\"font-family: arial, helvetica, sans-serif; font-size: 14px;\">Son 2 g\u00fcnde s\u0131zma olmad\u0131<\/span><\/strong><br \/>\n<span style=\"font-family: arial, helvetica, sans-serif; font-size: 14px;\">IDF S\u00f6zc\u00fcs\u00fc Tu\u011famiral Daniel Hagari, son 2 g\u00fcn i\u00e7inde Hamas taraf\u0131ndan \u0130srail topraklar\u0131na s\u0131zma olmad\u0131\u011f\u0131n\u0131 ifade etti. Hagari, &#8220;Son iki g\u00fcnd\u00fcr \u00e7iti ge\u00e7mediler. Ter\u00f6ristler \u00e7itlerde \u00f6ld\u00fcr\u00fcl\u00fcyor, bu b\u00f6lgede hen\u00fcz temizlemedi\u011fimiz y\u00fczlerce ter\u00f6ristin cesedi var&#8221; dedi. Hamas&#8217;\u0131n Cumartesi g\u00fcnk\u00fc ilk sald\u0131r\u0131s\u0131nda bask\u0131n yap\u0131p Gazze&#8217;ye d\u00f6nmeyi de\u011fil, \u0130srail topraklar\u0131n\u0131 i\u015fgal etmeyi ama\u00e7lad\u0131\u011f\u0131n\u0131 iddia eden Hagari, &#8220;Kar\u015f\u0131 sald\u0131r\u0131m\u0131z s\u0131ras\u0131nda, b\u00f6lgede kalan birka\u00e7 ki\u015fi d\u0131\u015f\u0131nda onlar\u0131 Gazze \u015eeridi&#8217;ne geri p\u00fcsk\u00fcrtt\u00fck ve hala koval\u0131yoruz&#8221; diye konu\u015ftu.<\/span><\/p>\n","protected":false},"excerpt":{"rendered":"<p>\u0130srail ordusunun Gazze \u015eeridi&#8217;ne ger\u00e7ekle\u015ftirdi\u011fi sald\u0131r\u0131larda hayat\u0131n\u0131 kaybedenlerin say\u0131s\u0131 bin 55&#8217;e, yaralananlar\u0131n say\u0131s\u0131 ise 5 bin 184&#8217;e y\u00fckseldi. Birle\u015fmi\u015f Milletler<\/p>\n","protected":false},"author":3,"featured_media":16496,"comment_status":"open","ping_status":"open","sticky":false,"template":"","format":"standard","meta":{"colormag_page_container_layout":"default_layout","colormag_page_sidebar_layout":"default_layout","footnotes":""},"categories":[1,5],"tags":[],"class_list":["post-16494","post","type-post","status-publish","format-standard","has-post-thumbnail","hentry","category-genel","category-gundem"],"_links":{"self":[{"href":"https:\/\/marmarayerelhizmet.com\/index.php\/wp-json\/wp\/v2\/posts\/16494","targetHints":{"allow":["GET"]}}],"collection":[{"href":"https:\/\/marmarayerelhizmet.com\/index.php\/wp-json\/wp\/v2\/posts"}],"about":[{"href":"https:\/\/marmarayerelhizmet.com\/index.php\/wp-json\/wp\/v2\/types\/post"}],"author":[{"embeddable":true,"href":"https:\/\/marmarayerelhizmet.com\/index.php\/wp-json\/wp\/v2\/users\/3"}],"replies":[{"embeddable":true,"href":"https:\/\/marmarayerelhizmet.com\/index.php\/wp-json\/wp\/v2\/comments?post=16494"}],"version-history":[{"count":0,"href":"https:\/\/marmarayerelhizmet.com\/index.php\/wp-json\/wp\/v2\/posts\/16494\/revisions"}],"wp:featuredmedia":[{"embeddable":true,"href":"https:\/\/marmarayerelhizmet.com\/index.php\/wp-json\/wp\/v2\/media\/16496"}],"wp:attachment":[{"href":"https:\/\/marmarayerelhizmet.com\/index.php\/wp-json\/wp\/v2\/media?parent=16494"}],"wp:term":[{"taxonomy":"category","embeddable":true,"href":"https:\/\/marmarayerelhizmet.com\/index.php\/wp-json\/wp\/v2\/categories?post=16494"},{"taxonomy":"post_tag","embeddable":true,"href":"https:\/\/marmarayerelhizmet.com\/index.php\/wp-json\/wp\/v2\/tags?post=16494"}],"curies":[{"name":"wp","href":"https:\/\/api.w.org\/{rel}","templated":true}]}}