{"id":16490,"date":"2023-10-11T14:49:45","date_gmt":"2023-10-11T11:49:45","guid":{"rendered":"https:\/\/marmarayerelhizmet.com\/?p=16490"},"modified":"2023-10-11T14:49:45","modified_gmt":"2023-10-11T11:49:45","slug":"nato-savunma-bakanlari-brukselde","status":"publish","type":"post","link":"https:\/\/marmarayerelhizmet.com\/index.php\/2023\/10\/11\/nato-savunma-bakanlari-brukselde\/","title":{"rendered":"NATO Savunma Bakanlar\u0131 Br\u00fcksel&#8217;de"},"content":{"rendered":"<p><strong><span style=\"font-family: arial, helvetica, sans-serif; font-size: 14px;\">NATO Genel Sekreteri Jens Stoltenberg, NATO Savunma Bakanlar\u0131&#8217;n\u0131n iki g\u00fcn s\u00fcrecek toplant\u0131larda Ukrayna&#8217;ya askeri destek, NATO&#8217;nun cayd\u0131r\u0131c\u0131l\u0131\u011f\u0131 ve savunmas\u0131, Irak ve \u0130srail&#8217;deki durumu g\u00f6r\u00fc\u015fece\u011fini s\u00f6yledi. Savunma Bakanlar\u0131 Toplant\u0131s\u0131 kapsam\u0131nda Ukrayna Savunma Temas Grubu Toplant\u0131s\u0131 ger\u00e7ekle\u015ftirildi.<br \/>\n<\/span><\/strong><br \/>\n<span style=\"font-family: arial, helvetica, sans-serif; font-size: 14px;\">NATO Genel Sekreteri Jens Stoltenberg, Bel\u00e7ika&#8217;n\u0131n ba\u015fkenti Br\u00fcksel&#8217;de d\u00fczenlenen NATO Savunma Bakanlar\u0131 toplant\u0131s\u0131 \u00f6ncesi Ukrayna Devlet Ba\u015fkan\u0131 Zelenskiy ile bas\u0131na a\u00e7\u0131klamalarda bulundu.<\/span><br \/>\n<span style=\"font-family: arial, helvetica, sans-serif; font-size: 14px;\">Bakanlar\u0131n bug\u00fcn ve yar\u0131n bir araya gelece\u011fini belirten Stoltenberg, bu kapsamda bug\u00fcn ger\u00e7ekle\u015ftirilecek ABD liderli\u011findeki Ukrayna Temas Grubu toplant\u0131s\u0131nda Ukrayna&#8217;ya y\u00f6nelik askeri deste\u011fin g\u00f6r\u00fc\u015f\u00fclece\u011fini ifade etti. Vilnius Zirvesi&#8217;nde kurulan NATO Ukrayna Konseyi&#8217;nin de bug\u00fcn toplanaca\u011f\u0131n\u0131 belirten Stoltenberg, bu toplant\u0131n\u0131n Ukrayna ile ili\u015fkileri g\u00fc\u00e7lendirece\u011fini ve Ukrayna&#8217;n\u0131n NATO \u00fcyeli\u011fi s\u00fcrecinin ilerlemesine yard\u0131mc\u0131 olaca\u011f\u0131n\u0131 s\u00f6yledi.<\/span><br \/>\n<span style=\"font-family: arial, helvetica, sans-serif; font-size: 14px;\">Stoltenberg, yar\u0131n d\u00fczenlenecek Savunma Bakanlar\u0131 Toplant\u0131s\u0131&#8217;nda ise NATO&#8217;nun cayd\u0131r\u0131c\u0131l\u0131k ve savunma kapasitesinin de\u011ferlendirilece\u011fini belirtti. Toplant\u0131larda Irak&#8217;taki NATO varl\u0131\u011f\u0131 gibi NATO misyonlar\u0131n\u0131n ve operasyonlar\u0131n\u0131n ele al\u0131naca\u011f\u0131n\u0131 kaydeden Stoltenberg, bakanlar\u0131n ayr\u0131ca Kosova&#8217;daki NATO varl\u0131\u011f\u0131n\u0131n artt\u0131r\u0131lmas\u0131 konusunu g\u00f6r\u00fc\u015fece\u011fini ifade etti.<\/span><\/p>\n<p><strong><span style=\"font-family: arial, helvetica, sans-serif; font-size: 14px;\">\u0130srail Savunma Bakan\u0131 bilgi verecek<\/span><\/strong><br \/>\n<span style=\"font-family: arial, helvetica, sans-serif; font-size: 14px;\">Bakanlar\u0131n Balt\u0131k Denizi&#8217;nde Finlandiya ile Estonya aras\u0131ndaki do\u011fal gaz boru hatt\u0131nda meydana gelen hasarla ilgili de\u011ferlendirmelerde bulunaca\u011f\u0131n\u0131 aktaran Stoltenberg, &#8220;\u015eu anda \u00f6nemli olan ne oldu\u011funu ve bunun nas\u0131l olabilece\u011fini tespit etmektir. E\u011fer bunun NATO&#8217;nun kritik altyap\u0131s\u0131na kas\u0131tl\u0131 bir sald\u0131r\u0131 oldu\u011fu kan\u0131tlan\u0131rsa bu elbette ciddiye al\u0131nacak, ayn\u0131 zamanda birle\u015fik ve kararl\u0131 bir yan\u0131t verilecektir&#8221; dedi.<\/span><br \/>\n<span style=\"font-family: arial, helvetica, sans-serif; font-size: 14px;\">Stoltenberg, yar\u0131n ayn\u0131 zamanda \u0130srail Savunma Bakan\u0131 Yoav Gallant&#8217;\u0131n son geli\u015fmelerle ilgili bakanlara bilgi verece\u011fini ifade etti.<\/span><br \/>\n<span style=\"font-family: arial, helvetica, sans-serif; font-size: 14px;\">Ukrayna Devlet Ba\u015fkan\u0131 Zelenskiy ise k\u0131\u015f aylar\u0131n\u0131n Ukrayna&#8217;n\u0131n ya\u015fayaca\u011f\u0131 en b\u00fcy\u00fck zorluklardan biri olaca\u011f\u0131n\u0131 belirterek, &#8220;Buna haz\u0131rlan\u0131yoruz. Liderlerin deste\u011fine ihtiyac\u0131m\u0131z var&#8221; dedi. Zelenskiy, Ukrayna&#8217;n\u0131n k\u0131\u015f aylar\u0131nda enerji altyap\u0131s\u0131n\u0131 korumak i\u00e7in daha fazla hava savunmas\u0131na ihtiya\u00e7 duydu\u011funu anlatt\u0131.<\/span><\/p>\n<p><strong><span style=\"font-family: arial, helvetica, sans-serif; font-size: 14px;\">Ukrayna Savunma Temas Grubu topland\u0131<\/span><\/strong><br \/>\n<span style=\"font-family: arial, helvetica, sans-serif; font-size: 14px;\">Stoltenberg ve Zelenskiy bas\u0131na yapt\u0131klar\u0131 a\u00e7\u0131klaman\u0131n ard\u0131ndan NATO-Ukrayna toplant\u0131s\u0131na ge\u00e7ti. \u0130kili toplant\u0131 sonras\u0131 bakanlar\u0131n kat\u0131l\u0131m\u0131yla Ukrayna Savunma Temas Grubu Toplant\u0131s\u0131 ger\u00e7ekle\u015ftirildi. Toplant\u0131n\u0131n a\u00e7\u0131l\u0131\u015f konu\u015fmas\u0131n\u0131 yapan ABD Savunma Bakan\u0131 Lloyd Austin, ABD&#8217;nin Ukrayna&#8217;n\u0131n yan\u0131nda olmaya devam edece\u011fini belirterek, &#8220;Ukrayna&#8217;n\u0131n \u00f6zg\u00fcrce ya\u015fayabilmesi amac\u0131yla gerekenleri, ne kadar s\u00fcrerse s\u00fcrs\u00fcn yerine getirmek i\u00e7in buraday\u0131z. Bu nedenle bug\u00fcn, Rusya&#8217;n\u0131n sald\u0131rganl\u0131\u011f\u0131na kar\u015f\u0131 m\u00fccadele eden Ukrayna&#8217;n\u0131n acil ihtiya\u00e7lar\u0131n\u0131 g\u00f6r\u00fc\u015fece\u011fiz&#8221; dedi. Temas Grubu&#8217;nun g\u00f6revinin k\u0131\u015f mevsiminin yakla\u015fmas\u0131 nedeniyle iki kat\u0131na \u00e7\u0131kt\u0131\u011f\u0131n\u0131 ifade eden Austin, &#8220;Ukrayna&#8217;n\u0131n mevcut zorluklarla m\u00fccadele edebilmesi i\u00e7in ihtiya\u00e7 duydu\u011fu \u015feyleri sa\u011flamaya devam etmeliyiz. Bu nedenle, Ukrayna&#8217;n\u0131n en acil ihtiya\u00e7lar\u0131n\u0131, \u00f6zellikle de hava savunma ve m\u00fchimmat\u0131n\u0131 kar\u015f\u0131lamak i\u00e7in buraday\u0131z. Buradaki bir\u00e7ok \u00fclkenin haz\u0131rlad\u0131\u011f\u0131 yeni destek paketlerini duymay\u0131 sab\u0131rs\u0131zl\u0131kla bekliyorum. ABD&#8217;nin Ukrayna&#8217;ya 200 milyon dolar de\u011ferindeki son g\u00fcvenlik yard\u0131m paketini a\u00e7\u0131klamas\u0131ndan memnuniyet duyuyorum&#8221; \u015feklinde konu\u015ftu.<\/span><\/p>\n","protected":false},"excerpt":{"rendered":"<p>NATO Genel Sekreteri Jens Stoltenberg, NATO Savunma Bakanlar\u0131&#8217;n\u0131n iki g\u00fcn s\u00fcrecek toplant\u0131larda Ukrayna&#8217;ya askeri destek, NATO&#8217;nun cayd\u0131r\u0131c\u0131l\u0131\u011f\u0131 ve savunmas\u0131, Irak<\/p>\n","protected":false},"author":3,"featured_media":16492,"comment_status":"open","ping_status":"open","sticky":false,"template":"","format":"standard","meta":{"colormag_page_container_layout":"default_layout","colormag_page_sidebar_layout":"default_layout","footnotes":""},"categories":[1,5],"tags":[],"class_list":["post-16490","post","type-post","status-publish","format-standard","has-post-thumbnail","hentry","category-genel","category-gundem"],"_links":{"self":[{"href":"https:\/\/marmarayerelhizmet.com\/index.php\/wp-json\/wp\/v2\/posts\/16490","targetHints":{"allow":["GET"]}}],"collection":[{"href":"https:\/\/marmarayerelhizmet.com\/index.php\/wp-json\/wp\/v2\/posts"}],"about":[{"href":"https:\/\/marmarayerelhizmet.com\/index.php\/wp-json\/wp\/v2\/types\/post"}],"author":[{"embeddable":true,"href":"https:\/\/marmarayerelhizmet.com\/index.php\/wp-json\/wp\/v2\/users\/3"}],"replies":[{"embeddable":true,"href":"https:\/\/marmarayerelhizmet.com\/index.php\/wp-json\/wp\/v2\/comments?post=16490"}],"version-history":[{"count":0,"href":"https:\/\/marmarayerelhizmet.com\/index.php\/wp-json\/wp\/v2\/posts\/16490\/revisions"}],"wp:featuredmedia":[{"embeddable":true,"href":"https:\/\/marmarayerelhizmet.com\/index.php\/wp-json\/wp\/v2\/media\/16492"}],"wp:attachment":[{"href":"https:\/\/marmarayerelhizmet.com\/index.php\/wp-json\/wp\/v2\/media?parent=16490"}],"wp:term":[{"taxonomy":"category","embeddable":true,"href":"https:\/\/marmarayerelhizmet.com\/index.php\/wp-json\/wp\/v2\/categories?post=16490"},{"taxonomy":"post_tag","embeddable":true,"href":"https:\/\/marmarayerelhizmet.com\/index.php\/wp-json\/wp\/v2\/tags?post=16490"}],"curies":[{"name":"wp","href":"https:\/\/api.w.org\/{rel}","templated":true}]}}