{"id":16485,"date":"2023-10-11T14:46:50","date_gmt":"2023-10-11T11:46:50","guid":{"rendered":"https:\/\/marmarayerelhizmet.com\/?p=16485"},"modified":"2023-10-11T14:46:50","modified_gmt":"2023-10-11T11:46:50","slug":"bakan-tekinden-ara-tatil-aciklamasi","status":"publish","type":"post","link":"https:\/\/marmarayerelhizmet.com\/index.php\/2023\/10\/11\/bakan-tekinden-ara-tatil-aciklamasi\/","title":{"rendered":"Bakan Tekin&#8217;den Ara Tatil A\u00e7\u0131klamas\u0131"},"content":{"rendered":"<p><strong><span style=\"font-family: arial, helvetica, sans-serif; font-size: 14px;\">Milli\u00a0E\u011fitim\u00a0Bakan\u0131\u00a0Yusuf Tekin, kendisine y\u00f6neltilen &#8220;Ara tatiller kald\u0131r\u0131lacak m\u0131?&#8221; sorusunu \u201cVelilerden ve \u00f6\u011frencilerden b\u00f6yle bir talep gelirse e\u011fer bakar\u0131z. \u00d6\u011fretmenlerden \u015fikayet gelirse de\u011ferlendiririz. Bu y\u0131lki durumu g\u00f6rd\u00fckten sonra bir de\u011ferlendirme yapar\u0131z\u201d \u015feklinde yan\u0131tlad\u0131.<\/span><\/strong><\/p>\n<p><span style=\"font-family: arial, helvetica, sans-serif; font-size: 14px;\">Milli\u00a0E\u011fitim\u00a0Bakan\u0131\u00a0Yusuf Tekin, AK Parti Grup Toplant\u0131s\u0131\u2019nda gazetecilerin sorular\u0131n\u0131 yan\u0131tlad\u0131. Kendisine y\u00f6neltilen \u2018Ara tatiller kald\u0131r\u0131lacak m\u0131?\u2019 sorusunu yan\u0131tlayan Bakan Tekin, g\u00fcndemlerinde b\u00f6yle bir \u015fey olmad\u0131\u011f\u0131n\u0131 kaydederek, \u201cVelilerden ve \u00f6\u011frencilerden b\u00f6yle bir talep gelirse e\u011fer bakar\u0131z. \u00d6\u011fretmenlerden \u015fikayet gelirse de\u011ferlendiririz. Bu y\u0131lki durumu g\u00f6rd\u00fckten sonra bir de\u011ferlendirme yapar\u0131z. G\u00f6relim, bakal\u0131m ve e\u011fer \u00f6yle bir olumsuzluk varsa gere\u011fini yapar\u0131z. Uygulama ile ilgili \u0130zleme ve De\u011ferlendirme Daire Ba\u015fkanl\u0131\u011f\u0131m\u0131z bir rapor haz\u0131rl\u0131yor. Bu noktadan sonra bir rapor olu\u015fturulur. \u00d6\u011fretmenler, \u00f6\u011frenciler ve veliler mutlu ise biz devam ederiz\u201d ifadelerini kulland\u0131.<\/span><\/p>\n","protected":false},"excerpt":{"rendered":"<p>Milli\u00a0E\u011fitim\u00a0Bakan\u0131\u00a0Yusuf Tekin, kendisine y\u00f6neltilen &#8220;Ara tatiller kald\u0131r\u0131lacak m\u0131?&#8221; sorusunu \u201cVelilerden ve \u00f6\u011frencilerden b\u00f6yle bir talep gelirse e\u011fer bakar\u0131z. \u00d6\u011fretmenlerden \u015fikayet<\/p>\n","protected":false},"author":3,"featured_media":16487,"comment_status":"open","ping_status":"open","sticky":false,"template":"","format":"standard","meta":{"colormag_page_container_layout":"default_layout","colormag_page_sidebar_layout":"default_layout","footnotes":""},"categories":[45,1,5,8],"tags":[],"class_list":["post-16485","post","type-post","status-publish","format-standard","has-post-thumbnail","hentry","category-egitim","category-genel","category-gundem","category-siyaset"],"_links":{"self":[{"href":"https:\/\/marmarayerelhizmet.com\/index.php\/wp-json\/wp\/v2\/posts\/16485","targetHints":{"allow":["GET"]}}],"collection":[{"href":"https:\/\/marmarayerelhizmet.com\/index.php\/wp-json\/wp\/v2\/posts"}],"about":[{"href":"https:\/\/marmarayerelhizmet.com\/index.php\/wp-json\/wp\/v2\/types\/post"}],"author":[{"embeddable":true,"href":"https:\/\/marmarayerelhizmet.com\/index.php\/wp-json\/wp\/v2\/users\/3"}],"replies":[{"embeddable":true,"href":"https:\/\/marmarayerelhizmet.com\/index.php\/wp-json\/wp\/v2\/comments?post=16485"}],"version-history":[{"count":0,"href":"https:\/\/marmarayerelhizmet.com\/index.php\/wp-json\/wp\/v2\/posts\/16485\/revisions"}],"wp:featuredmedia":[{"embeddable":true,"href":"https:\/\/marmarayerelhizmet.com\/index.php\/wp-json\/wp\/v2\/media\/16487"}],"wp:attachment":[{"href":"https:\/\/marmarayerelhizmet.com\/index.php\/wp-json\/wp\/v2\/media?parent=16485"}],"wp:term":[{"taxonomy":"category","embeddable":true,"href":"https:\/\/marmarayerelhizmet.com\/index.php\/wp-json\/wp\/v2\/categories?post=16485"},{"taxonomy":"post_tag","embeddable":true,"href":"https:\/\/marmarayerelhizmet.com\/index.php\/wp-json\/wp\/v2\/tags?post=16485"}],"curies":[{"name":"wp","href":"https:\/\/api.w.org\/{rel}","templated":true}]}}