{"id":16481,"date":"2023-10-11T14:40:30","date_gmt":"2023-10-11T11:40:30","guid":{"rendered":"https:\/\/marmarayerelhizmet.com\/?p=16481"},"modified":"2023-10-11T14:40:30","modified_gmt":"2023-10-11T11:40:30","slug":"vali-ustaoglu-calismalari-anlatti","status":"publish","type":"post","link":"https:\/\/marmarayerelhizmet.com\/index.php\/2023\/10\/11\/vali-ustaoglu-calismalari-anlatti\/","title":{"rendered":"Vali Ustao\u011flu \u00c7al\u0131\u015fmalar\u0131 Anlatt\u0131"},"content":{"rendered":"<p><strong><span style=\"font-family: arial, helvetica, sans-serif; font-size: 14px;\">Cumhurba\u015fkanl\u0131\u011f\u0131 Kararnamesi ile Bal\u0131kesir Valili\u011fine atanan Vali \u0130smail Ustao\u011flu g\u00f6rev s\u00fcresinin 55\u2019nci g\u00fcn\u00fcnde bas\u0131nla bir araya geldi.<\/span><\/strong><\/p>\n<p><span style=\"font-family: arial, helvetica, sans-serif; font-size: 14px;\">Beraberinde \u0130l Jandarma Komutan\u0131 T\u00fcmgeneral Nurettin Alkan ve \u0130l Emniyet M\u00fcd\u00fcr\u00fc Hasan Yi\u011fit\u2019le birlikte bas\u0131n mensuplar\u0131yla bulu\u015fan Vali \u0130smail Ustao\u011flu Bal\u0131kesir\u2019in huzur ve g\u00fcvenli\u011finin sa\u011flanmas\u0131 i\u00e7in gerekli t\u00fcm tedbirleri ald\u0131klar\u0131n\u0131 ifade etti. Vali \u0130smail Ustao\u011flu\u2019nun d\u00fczenledi\u011fi bas\u0131n toplant\u0131s\u0131nda ayr\u0131ca Bas\u0131n \u0130lan Kurumu Bal\u0131kesir-\u00c7anakkale \u0130l M\u00fcd\u00fcr\u00fc Halil \u0130brahim Parlak ve Bal\u0131kesir Gazeteciler Cemiyeti Ba\u015fkan\u0131 Ramazan Demir de kat\u0131ld\u0131.<\/span><\/p>\n<p><strong><span style=\"font-family: arial, helvetica, sans-serif; font-size: 14px;\">\u201cG\u00f6reve ba\u015flayal\u0131 55 g\u00fcn oldu\u201d<\/span><\/strong><br \/>\n<span style=\"font-family: arial, helvetica, sans-serif; font-size: 14px;\">Bal\u0131kesir\u2019in huzuru, g\u00fcvenli\u011fi ve geli\u015fimi i\u00e7in \u00e7al\u0131\u015ft\u0131klar\u0131n\u0131 s\u00f6yleyen Vali \u0130smail Ustao\u011flu, \u201cMalumunuz Bal\u0131kesir ilimizde g\u00f6revimize ba\u015flayal\u0131 bug\u00fcn itibar\u0131yla 55 g\u00fcn oldu. Rabbim bu Kuvayi Milliye \u015fehrine hay\u0131rl\u0131 ve g\u00fczel hizmetler yapmay\u0131 nasip eyler. Bug\u00fcn burada Kuvayi Milliye \u015eehri g\u00fczel Bal\u0131kesir\u2019imiz i\u00e7in ayn\u0131 ama\u00e7la bir arada bulunuyoruz. Ortak amac\u0131m\u0131z bu nadide \u015fehrin g\u00fcvenli\u011fi, huzuru ve geli\u015fimi i\u00e7in \u00e7al\u0131\u015fmakt\u0131r. \u015eunu \u00f6zellikle ifade etmem gerekirse ilimizin refah\u0131 i\u00e7in bizden \u00f6nce hizmet bayra\u011f\u0131n\u0131 ta\u015f\u0131yan Say\u0131n Valilerimiz, Emniyet M\u00fcd\u00fcrlerimiz, Jandarma Komutanlar\u0131m\u0131z ve t\u00fcm il y\u00f6neticilerimize \u015fehrimizde ger\u00e7ekle\u015ftirdikleri \u00f6nemli ve kal\u0131c\u0131 \u00e7al\u0131\u015fmalar ve hizmetleri i\u00e7in te\u015fekk\u00fcr etmek istiyorum. Bu vesile ile huzurunuzda ilimize eme\u011fi ge\u00e7en her bir kamu g\u00f6revlisine ayr\u0131 ayr\u0131 \u015f\u00fckranlar\u0131m\u0131 sunuyorum. Bizler de ilimize yeni g\u00f6revlendirilen Kamu G\u00f6revlileri olarak teslim ald\u0131\u011f\u0131m\u0131z bayra\u011f\u0131 daha ileri noktalara ta\u015f\u0131maya ve Bal\u0131kesir\u2019imize hizmet etmeye devam edece\u011fiz. Bildi\u011finiz gibi neredeyse Valilik Makam\u0131 ba\u015fta olmak \u00fczere g\u00fcvenlik hizmeti veren hem Emniyet hem Jandarma birimlerimizde de\u011fi\u015fimler ya\u015fand\u0131. T\u00fcrk Silahl\u0131 Kuvvetleri birimlerinde b\u00fcy\u00fck oranda yeni atamalar ger\u00e7ekle\u015fti. Yine sivil kamu birim amirlerimizde de \u00e7ok de\u011fi\u015fiklikler ya\u015fand\u0131. Tabi ki t\u00fcm bunlar bir n\u00f6bet de\u011fi\u015fimi bir bayrak de\u011fi\u015fimi\u2026 Bizler de devrald\u0131\u011f\u0131m\u0131z bu bayra\u011f\u0131 daha ileriye daha y\u00fckseklere ta\u015f\u0131mak i\u00e7in m\u00fccadele edece\u011fiz\u201d dedi.<\/span><\/p>\n<p><strong><span style=\"font-family: arial, helvetica, sans-serif; font-size: 14px;\">\u201c\u0130nsan merkezli y\u00f6netim anlay\u0131\u015f\u0131m\u0131z olacak\u201d<\/span><\/strong><br \/>\n<span style=\"font-family: arial, helvetica, sans-serif; font-size: 14px;\">\u0130l y\u00f6netimi olarak insan merkezli, hukuka ba\u011fl\u0131, insan haklar\u0131na sayg\u0131l\u0131 bir y\u00f6netim anlay\u0131\u015f\u0131 i\u00e7inde olacaklar\u0131n\u0131 bir kez daha hat\u0131rlatan Vali Ustao\u011flu, \u201cG\u00f6reve ba\u015flad\u0131\u011f\u0131m ilk g\u00fcn dedi\u011fim gibi \u201dB\u00fct\u00fcn mesai arkada\u015flar\u0131m\u0131zla insan merkezli, hukuka ba\u011fl\u0131, insan haklar\u0131na sayg\u0131l\u0131, \u015feffaf ve hesap verebilen, toplumun b\u00fct\u00fcn kesimlerini kucaklayan bir y\u00f6netim anlay\u0131\u015f\u0131 temel felsefemiz olacak. Bal\u0131kesir\u2019imizin t\u00fcm dinamikleri ile isti\u015fare ederek ortak akl\u0131 \u00f6n planda tutan bir y\u00f6netim anlay\u0131\u015f\u0131yla hareket etmeye \u00e7al\u0131\u015faca\u011f\u0131z. Her zaman vatanda\u015flar\u0131m\u0131z\u0131n aras\u0131nda olaca\u011f\u0131z. Gelecek nesillere daha g\u00fczel ve ya\u015fanabilir bir Bal\u0131kesir b\u0131rakmak i\u00e7in t\u00fcm mesai arkada\u015flar\u0131m\u0131zla birlikte var g\u00fcc\u00fcm\u00fczle \u00e7al\u0131\u015faca\u011f\u0131z. Bal\u0131kesir Valisi olarak atand\u0131\u011f\u0131m bu \u015fehre \u201cadanm\u0131\u015f olarak hizmet etmek temel gayem olacakt\u0131r\u201d ifadelerini kullanm\u0131\u015ft\u0131m. \u0130\u015fte o g\u00fcnden bu g\u00fcne h\u0131zla ilimiz ile il\u00e7elerimizi, kurumlar\u0131m\u0131z\u0131 tan\u0131maya \u00e7al\u0131\u015f\u0131yoruz\u201d diye konu\u015ftu.<\/span><\/p>\n<p><strong><span style=\"font-family: arial, helvetica, sans-serif; font-size: 14px;\">\u201cBal\u0131kesir\u2019in gelece\u011fi parlak\u201d<\/span><\/strong><br \/>\n<span style=\"font-family: arial, helvetica, sans-serif; font-size: 14px;\">Bal\u0131kesir\u2019in her y\u00f6nden gelece\u011fi parlak bir il oldu\u011funun alt\u0131n\u0131 \u00e7izen Vali \u0130smail Ustao\u011flu, \u201cA\u00e7\u0131k\u00e7a ifade etmek isterim ki Bal\u0131kesir, \u00e7ok g\u00fczel bir co\u011frafyada g\u00fczel insanlar\u0131n ya\u015fad\u0131\u011f\u0131 nadide bir ilimiz. Co\u011frafi \u00f6zellikleri, bereketli topraklar\u0131, zengin yeralt\u0131 kaynaklar\u0131, havas\u0131 ve suyu belki hi\u00e7bir yerde bulunamayacak kadar g\u00fczel. B\u00f6lge b\u00fct\u00fcn olarak K\u00f6rfez ve Marmara b\u00f6lgelerinin t\u00fcm g\u00fczelliklerini bir arada ve uyumla ya\u015fatan bir \u015fehrimiz olma h\u00fcviyetini \u00fczerinde ta\u015f\u0131yor. Bal\u0131kesir; Cumhuriyetimizin ikinci y\u00fczy\u0131l\u0131nda \u00e7ok \u00f6nemli f\u0131rsatlar\u0131 kendi i\u00e7inde bar\u0131nd\u0131ran bir \u015fehirdir. Bal\u0131kesir; g\u00fc\u00e7l\u00fc tar\u0131m ve hayvan potansiyeli b\u0131rak\u0131n T\u00fcrkiye\u2019yi Avrupa\u2019y\u0131 doyuracak kapasiteye sahip. Di\u011fer yandan termal kaynaklar\u0131; \u00f6n\u00fcm\u00fczdeki d\u00f6nemde kapl\u0131ca d\u0131\u015f\u0131nda, serac\u0131l\u0131kta da \u00e7ok \u00f6nemli yer tutacakt\u0131r. \u0130limizin en g\u00fc\u00e7l\u00fc potansiyeli olan turizmiyle, ba\u015fta Bal\u0131kesir OSB olmak \u00fczere il\u00e7elerimizde bulunan 7 OSB ile gelecek ad\u0131na g\u00fc\u00e7l\u00fc f\u0131rsatlar sunmaktad\u0131r\u201d ifadelerini kulland\u0131.<\/span><\/p>\n<p><strong><span style=\"font-family: arial, helvetica, sans-serif; font-size: 14px;\">\u201cSu\u00e7 ve su\u00e7lularla m\u00fccadelede 5 \u00f6nceli\u011fimiz var\u201d\u201d<\/span><\/strong><br \/>\n<span style=\"font-family: arial, helvetica, sans-serif; font-size: 14px;\">Bal\u0131kesir genelindeki g\u00fcvenlik konular\u0131nda yap\u0131lan \u00e7al\u0131\u015fmalar hakk\u0131nda bilgiler veren Vali \u0130smail Ustao\u011flu yap\u0131lan \u00e7al\u0131\u015fmalar\u0131 5 ana ba\u015fl\u0131kta toplad\u0131klar\u0131n\u0131 s\u00f6yledi. Ustao\u011flu, \u201cBug\u00fcn toplant\u0131m\u0131z\u0131n ana konusunun yan\u0131m\u0131zda bulunan Emniyet M\u00fcd\u00fcr\u00fc ve Jandarma Komutan\u0131m\u0131zdan da anla\u015f\u0131laca\u011f\u0131 gibi g\u00fcvenlik odakl\u0131 olmas\u0131n\u0131 istedik. Bu konuda yakla\u015f\u0131k iki ayd\u0131r ilimizin ve il\u00e7elerimizin genel g\u00f6r\u00fcn\u00fcm\u00fcn\u00fc ve su\u00e7la m\u00fccadelesinin resmini \u00e7\u0131karmaya \u00e7al\u0131\u015ft\u0131k. Su\u00e7 ve su\u00e7lular ile m\u00fccadelede bizim be\u015f \u00f6nceli\u011fimiz var. Ter\u00f6rle ve ter\u00f6ristle m\u00fccadele, organize su\u00e7 \u00f6rg\u00fctleri, \u00e7ete ve mafya t\u00fcr\u00fc su\u00e7 gruplar\u0131 ile m\u00fccadele, gen\u00e7lerimizi ve vatanda\u015flar\u0131m\u0131z\u0131 \u00e7a\u011f\u0131n en b\u00fcy\u00fck illeti olan uyu\u015fturucudan korumak i\u00e7in uyu\u015fturucu ile m\u00fccadele, (Torbac\u0131lar, da\u011f\u0131t\u0131c\u0131lar, baronlar), d\u00fczensiz g\u00f6\u00e7 ile m\u00fccadele, asayi\u015f su\u00e7lar\u0131 ile m\u00fccadele, trafik kazalar\u0131n\u0131 azaltma trafik d\u00fczenini sa\u011flama\u201d diye konu\u015ftu.<\/span><\/p>\n<p><strong><span style=\"font-family: arial, helvetica, sans-serif; font-size: 14px;\">\u201cF\u0131rsat vermeyece\u011fiz\u201d<\/span><\/strong><br \/>\n<span style=\"font-family: arial, helvetica, sans-serif; font-size: 14px;\">\u0130l genelindeki ter\u00f6rle m\u00fccadele ve organize su\u00e7 \u00f6rg\u00fctlerine y\u00f6nelik yap\u0131lan \u00e7al\u0131\u015fmalar\u0131 de\u011ferlendiren Vali \u0130smail Ustao\u011flu, &#8220;Takdir edece\u011finiz gibi ter\u00f6r olaylar\u0131, \u00fclkemizin maalesef 50 y\u0131ld\u0131r g\u00fcndemini me\u015fgul eden konular\u0131n ba\u015f\u0131nda geliyor. Bu alanda, yap\u0131lan \u00e7al\u0131\u015fmalar\u0131n kamuoyuna yans\u0131mas\u0131 hem bizler hem sizler a\u00e7\u0131s\u0131ndan b\u00fcy\u00fck \u00f6nem arz etmektedir. Burada ilimizdeki mevcut hassasiyetin ayn\u0131 duyarl\u0131l\u0131kla devam edece\u011fine inan\u0131yorum. \u0130kinci ana g\u00fcndem olarak arac\u0131l\u0131\u011f\u0131n\u0131zla a\u00e7\u0131k\u00e7a ifade etmek isterim ki, organize su\u00e7 \u00f6rg\u00fctlerine, mafyatik yap\u0131lara, \u00e7etelere \u0130limizde asla taviz vermeyece\u011fiz. Su\u00e7 gruplar\u0131n\u0131n hi\u00e7bir vatanda\u015f\u0131m\u0131z\u0131 rahats\u0131z etmesine f\u0131rsat tan\u0131mayaca\u011f\u0131z. \u0130nsan\u0131m\u0131z\u0131n al\u0131n terini, \u00e7al\u0131\u015fmas\u0131n\u0131 kene gibi eme\u011fine yap\u0131\u015farak s\u00f6m\u00fcrmeye \u00e7al\u0131\u015fan bu gruplar takibimizde olacak ve onlara nefes ald\u0131rmayaca\u011f\u0131z. Say\u0131n Cumhurba\u015fkan\u0131m\u0131z\u0131n ve Bakanl\u0131\u011f\u0131m\u0131z\u0131n bu konudaki hassasiyetini \u0130limizde s\u00fcrd\u00fcrd\u00fc\u011f\u00fcm\u00fcz somut \u00e7al\u0131\u015fmalarla g\u00f6receksiniz. Bu konuda bas\u0131n\u0131m\u0131z ile ilimiz sakinlerinden her t\u00fcrl\u00fc duyumu ve rahats\u0131zl\u0131\u011f\u0131 bizimle, ilgili g\u00fcvenlik birimlerimizle payla\u015fman\u0131z\u0131 istiyoruz. Vatanda\u015f\u0131m\u0131z\u0131n, korku ya\u015fayarak g\u00fcvenlik g\u00fc\u00e7lerimize veya adl\u00ee te\u015fkilatlar\u0131m\u0131za bilgi vermelerinin engellenmesine izin vermeyece\u011fiz\u201d ifadelerini kulland\u0131.<\/span><\/p>\n<p><strong><span style=\"font-family: arial, helvetica, sans-serif; font-size: 14px;\">\u201cUyu\u015fturucuya ge\u00e7it yok\u201d<\/span><\/strong><br \/>\n<span style=\"font-family: arial, helvetica, sans-serif; font-size: 14px;\">Uyu\u015fturucuyla m\u00fccadele konusunda \u00f6nemli i\u015flere imza at\u0131ld\u0131\u011f\u0131n\u0131 belirten Vali \u0130smail Ustao\u011flu, \u201c1,5 &#8211; 2 ayd\u0131r g\u00f6reve ba\u015flamam\u0131zdan bu yana bize aksettirilen en \u00f6nemli \u015fikayetlerden birisi de maalesef uyu\u015fturucu ve uyar\u0131c\u0131 maddeler konusudur. Narkotik su\u00e7lara y\u00f6nelik \u00e7ok \u015fiddetli bir m\u00fccadele ortaya koyaca\u011f\u0131z. Zannediyorum iki ayl\u0131k s\u00fcrede bu konudaki gayretimiz ve yo\u011funla\u015fmam\u0131z dikkatinizi \u00e7ekmi\u015ftir. H\u0131zla projeli \u00e7al\u0131\u015fmalara a\u011f\u0131rl\u0131k verdik ve \u00f6nemli yakalamalar ger\u00e7ekle\u015ftirdik. Yakalamalar\u0131m\u0131zda \u015f\u00fcphelilerin \u00f6nemli bir k\u0131sm\u0131 tutukland\u0131, \u00f6nemli miktarda uyu\u015fturucu madde ele ge\u00e7irildi. Merkezde, Band\u0131rma\u2019da, Edremit\u2019te ve Ayval\u0131k\u2019ta Narkotik birimlerimizde \u00e7al\u0131\u015fan personel say\u0131s\u0131n\u0131 iki kat\u0131ndan fazla art\u0131rd\u0131k. Vatanda\u015f\u0131m\u0131z\u0131 rahatlataca\u011f\u0131z. Bizlere g\u00fcvenin. Sizlerden de bu konuda a\u00e7\u0131k\u00e7a destek bekliyor ve topyek\u00fbn m\u00fccadelede birlikte hareket etmek istiyoruz\u201d dedi.<br \/>\n<\/span><br \/>\n<strong><span style=\"font-family: arial, helvetica, sans-serif; font-size: 14px;\">\u201c2 bin 339 d\u00fczensiz g\u00f6\u00e7men ele ge\u00e7irdik\u201d<\/span><\/strong><br \/>\n<span style=\"font-family: arial, helvetica, sans-serif; font-size: 14px;\">Bal\u0131kesir\u2019deki g\u00f6\u00e7men ka\u00e7akl\u0131\u011f\u0131 konusunda yap\u0131lan \u00e7al\u0131\u015fmalar hakk\u0131nda bilgiler veren Vali \u0130smail Ustao\u011flu, \u201c\u0130limizin \u00f6zellikle yaz d\u00f6neminde en \u00f6nemli su\u00e7lar\u0131ndan biri de d\u00fczensiz g\u00f6\u00e7men konusudur. D\u00fczensiz g\u00f6\u00e7menlerin ilimize geli\u015f ve ge\u00e7i\u015fini sa\u011flayan organizat\u00f6rler \u00e7al\u0131\u015fmalar\u0131m\u0131zda \u00f6nceli\u011fi olu\u015fturmaktad\u0131r. Umut yolcusu gariban insanlar \u00fczerinden kazan\u00e7 temin eden organizat\u00f6rlere g\u00f6z a\u00e7t\u0131rmayaca\u011f\u0131z. \u00d6zellikle son iki ayda yakalanan d\u00fczensiz g\u00f6\u00e7men say\u0131s\u0131 2 bin 339\u2018dur. Sahil G\u00fcvenlik, Jandarma ve Emniyet M\u00fcd\u00fcrl\u00fc\u011f\u00fc ekiplerimiz taraf\u0131ndan 95 organizat\u00f6r yakalanm\u0131\u015f ve bunlardan 50\u2019si tutuklanm\u0131\u015ft\u0131r. \u0130limizin bu konu ve su\u00e7 t\u00fcr\u00fc ile an\u0131lmas\u0131n\u0131 arzu etmiyoruz. \u00dczerinde hassasiyetle duraca\u011f\u0131z\u201d diye konu\u015ftu.<\/span><\/p>\n<p><strong><span style=\"font-family: arial, helvetica, sans-serif; font-size: 14px;\">\u201cTrafik denetlemelerine \u00f6nem verece\u011fiz\u201d<\/span><\/strong><br \/>\n<span style=\"font-family: arial, helvetica, sans-serif; font-size: 14px;\">Trafik g\u00fcvenli\u011finin sa\u011flanmas\u0131 noktas\u0131nda da \u00f6nemli \u00e7al\u0131\u015fmalar y\u00fcr\u00fcteceklerini kaydeden Vali \u0130smail Ustao\u011flu, \u201cYine ilimizde g\u00f6zlemledi\u011fimiz ve vatanda\u015f\u0131m\u0131z\u0131n \u015fikayetine konu olan bir di\u011fer \u00f6nemli husus da mevcut trafik durumumuzdur. \u0130limizde trafi\u011fe tescilli ara\u00e7 say\u0131s\u0131 600 bine yak\u0131n. Yollar\u0131m\u0131z\u0131n durumu hepinizin malumudur. Bu hususta denetleme, nezaret etme, ara\u00e7l\u0131 ve yaya personel g\u00f6revlendirmemiz ve sinyalizasyon sistemlerinin d\u0131\u015f\u0131nda ilgili kurumlar\u0131m\u0131zla birlikte \u00f6n\u00fcm\u00fczdeki d\u00f6nemde ihtiya\u00e7 durumuna g\u00f6re bir tak\u0131m d\u00fczenlemeler yapmam\u0131z g\u00fcndeme gelecektir. Bu hususu, siz de\u011ferli bas\u0131n mensuplar\u0131, muhtarlar\u0131m\u0131z, sivil toplum kurulu\u015flar\u0131, ilgili kamu kurumu payda\u015flar\u0131m\u0131zla g\u00f6r\u00fc\u015f\u00fcp g\u00fcndemimizde tutaca\u011f\u0131z\u201d dedi.<\/span><\/p>\n<p><strong><span style=\"font-family: arial, helvetica, sans-serif; font-size: 14px;\">\u201cGerekli t\u00fcm tedbirleri ald\u0131k\u201d<\/span><\/strong><br \/>\n<span style=\"font-family: arial, helvetica, sans-serif; font-size: 14px;\">Asayi\u015f su\u00e7lar\u0131n\u0131n azalt\u0131lmas\u0131 konusunda gerekli \u00e7al\u0131\u015fmalar\u0131n yap\u0131ld\u0131\u011f\u0131n\u0131 ifade eden Vali \u0130smail Ustao\u011flu, \u201c\u0130limizde asayi\u015f su\u00e7lar\u0131na y\u00f6nelik \u00e7al\u0131\u015fmalara son derece \u00f6nem veriyoruz. Bu konuda su\u00e7 t\u00fcrleri ve su\u00e7lu profilini analiz ederek hem yo\u011funla\u015fma mahallerini hem de t\u00fcrlerini de\u011ferlendiriyoruz. Genel olarak ilimiz asayi\u015f su\u00e7lar\u0131 a\u00e7\u0131s\u0131ndan \u00fclke ortalamas\u0131n\u0131n a\u015fa\u011f\u0131s\u0131nda olumlu bir noktada bulunmaktad\u0131r. Ancak bunu yeterli kabul etmeyip su\u00e7 say\u0131s\u0131n\u0131 her ge\u00e7en g\u00fcn daha a\u015fa\u011f\u0131 seviyelere d\u00fc\u015f\u00fcrmeye \u00e7al\u0131\u015f\u0131yoruz. Bununla ilgili ge\u00e7ti\u011fimiz haftalarda t\u00fcm kurumlar\u0131m\u0131z\u0131n ve il\u00e7elerimizin kat\u0131l\u0131m\u0131 ile 9 ayl\u0131k verilerin de\u011ferlendirildi\u011fi 2 y\u0131ll\u0131k mukayeseli genel bir g\u00fcvenlik toplant\u0131s\u0131 ger\u00e7ekle\u015ftirdik. Olumlu sonu\u00e7lar almaya ba\u015flad\u0131\u011f\u0131m\u0131z\u0131 ve bunu art\u0131rarak devam ettirece\u011fimizi vurgulamak isterim. Malumunuz okullar\u0131m\u0131z a\u00e7\u0131ld\u0131. \u00dcniversitelerimiz a\u00e7\u0131ld\u0131. Okullar\u0131m\u0131z\u0131n risk de\u011ferlendirmesini yaparak her bir okulumuzu polislerimizle irtibatland\u0131rd\u0131k. Okul \u00e7evresinde yavrular\u0131m\u0131z\u0131 rahats\u0131z edecek hi\u00e7 bir \u015feye asla m\u00fcsaade etmeyece\u011fiz. G\u00fcvenlik birimlerimiz, son 5 y\u0131ll\u0131k, y\u0131ll\u0131k ve 4 ayl\u0131k su\u00e7 analizlerini yaparak, su\u00e7un nedenleri, su\u00e7un i\u015flendi\u011fi yer ve zaman, su\u00e7lu profilleri ile ma\u011fdur profillerini incelemi\u015f bulunuyor. B\u00f6ylece kamu kurulu\u015flar\u0131, bas\u0131n mensuplar\u0131, STK\u2019lar ve vatanda\u015flar\u0131m\u0131z\u0131n deste\u011fi ile su\u00e7lar\u0131n azalt\u0131lmas\u0131 ve \u00f6nlenmesini sa\u011flayacak tedbirleri geli\u015ftirece\u011fiz. Su\u00e7lular\u0131n yakalanmas\u0131na y\u00f6nelik \u00e7al\u0131\u015fmalar aral\u0131ks\u0131z devam edecektir. \u00d6zellikle Aile i\u00e7i \u015eiddet ile M\u00fccadele ve \u00c7ocuk Su\u00e7lulu\u011funun \u00f6nlenmesi kapsam\u0131nda; Kad\u0131n Acil Destek (KADES) Uygulamas\u0131n\u0131n yayg\u0131nla\u015ft\u0131r\u0131lmas\u0131 ve fark\u0131ndal\u0131\u011f\u0131n\u0131n art\u0131r\u0131lmas\u0131 maksad\u0131yla kad\u0131n vatanda\u015flar\u0131m\u0131za bilgilendirme yap\u0131lm\u0131\u015f, 2 bin 927 kad\u0131n vatanda\u015f\u0131m\u0131z\u0131n telefonuna KADES uygulamas\u0131n\u0131n kurulumu sa\u011flanm\u0131\u015ft\u0131r\u201d de\u011ferlendirmesinde bulundu.<\/span><\/p>\n<p><strong><span style=\"font-family: arial, helvetica, sans-serif; font-size: 14px;\">\u201c\u00c7al\u0131\u015fmalar\u0131m\u0131z\u0131 sahada etkin y\u00fcr\u00fctece\u011fiz\u201d<\/span><\/strong><br \/>\n<span style=\"font-family: arial, helvetica, sans-serif; font-size: 14px;\">Su\u00e7 ve su\u00e7lu ile m\u00fccadelede \u00f6nceliklerin belirlenerek tedbirlerin al\u0131nd\u0131\u011f\u0131n\u0131 dile getiren Vali \u0130smail Ustao\u011flu, \u201cNetice olarak bizler ilk belirlemelerimizi yap\u0131p, su\u00e7 ve su\u00e7lu ile m\u00fccadelede \u00f6nceliklerimizi ve tedbirlerimizi belirledik. Belirledi\u011fimiz yo\u011fun \u00e7al\u0131\u015fma takvimi ile h\u0131zla aksiyon alarak, \u00e7al\u0131\u015fmalar\u0131m\u0131z\u0131 sahada etkin bir \u015fekilde y\u00fcr\u00fctece\u011fiz. Bizden \u00f6nce yap\u0131lan ba\u015far\u0131l\u0131 \u00e7al\u0131\u015fmalar\u0131 art\u0131rarak devam ettirece\u011fiz. Siz k\u0131ymetli bas\u0131n mensuplar\u0131m\u0131z\u0131n arac\u0131l\u0131\u011f\u0131yla neticeleri h\u0131zl\u0131 ve g\u00fcvenilir \u015fekilde Bal\u0131kesir kamuoyu ile payla\u015faca\u011f\u0131z. \u0130\u015fbirli\u011finiz ve samimi yakla\u015f\u0131mlar\u0131n\u0131zdan dolay\u0131 her birinize ayr\u0131 ayr\u0131 te\u015fekk\u00fcr ediyorum. Fedak\u00e2rca y\u00fcr\u00fctt\u00fc\u011f\u00fcn\u00fcz \u00e7al\u0131\u015fmalarda Allah yard\u0131mc\u0131n\u0131z olsun\u201d dedi.<\/span><\/p>\n","protected":false},"excerpt":{"rendered":"<p>Cumhurba\u015fkanl\u0131\u011f\u0131 Kararnamesi ile Bal\u0131kesir Valili\u011fine atanan Vali \u0130smail Ustao\u011flu g\u00f6rev s\u00fcresinin 55\u2019nci g\u00fcn\u00fcnde bas\u0131nla bir araya geldi. Beraberinde \u0130l Jandarma<\/p>\n","protected":false},"author":3,"featured_media":16483,"comment_status":"open","ping_status":"open","sticky":false,"template":"","format":"standard","meta":{"colormag_page_container_layout":"default_layout","colormag_page_sidebar_layout":"default_layout","footnotes":""},"categories":[1,5,8],"tags":[],"class_list":["post-16481","post","type-post","status-publish","format-standard","has-post-thumbnail","hentry","category-genel","category-gundem","category-siyaset"],"_links":{"self":[{"href":"https:\/\/marmarayerelhizmet.com\/index.php\/wp-json\/wp\/v2\/posts\/16481","targetHints":{"allow":["GET"]}}],"collection":[{"href":"https:\/\/marmarayerelhizmet.com\/index.php\/wp-json\/wp\/v2\/posts"}],"about":[{"href":"https:\/\/marmarayerelhizmet.com\/index.php\/wp-json\/wp\/v2\/types\/post"}],"author":[{"embeddable":true,"href":"https:\/\/marmarayerelhizmet.com\/index.php\/wp-json\/wp\/v2\/users\/3"}],"replies":[{"embeddable":true,"href":"https:\/\/marmarayerelhizmet.com\/index.php\/wp-json\/wp\/v2\/comments?post=16481"}],"version-history":[{"count":0,"href":"https:\/\/marmarayerelhizmet.com\/index.php\/wp-json\/wp\/v2\/posts\/16481\/revisions"}],"wp:featuredmedia":[{"embeddable":true,"href":"https:\/\/marmarayerelhizmet.com\/index.php\/wp-json\/wp\/v2\/media\/16483"}],"wp:attachment":[{"href":"https:\/\/marmarayerelhizmet.com\/index.php\/wp-json\/wp\/v2\/media?parent=16481"}],"wp:term":[{"taxonomy":"category","embeddable":true,"href":"https:\/\/marmarayerelhizmet.com\/index.php\/wp-json\/wp\/v2\/categories?post=16481"},{"taxonomy":"post_tag","embeddable":true,"href":"https:\/\/marmarayerelhizmet.com\/index.php\/wp-json\/wp\/v2\/tags?post=16481"}],"curies":[{"name":"wp","href":"https:\/\/api.w.org\/{rel}","templated":true}]}}